{"id":30374,"date":"2023-04-24T17:03:50","date_gmt":"2023-04-24T20:03:50","guid":{"rendered":"https:\/\/radiorevelacionfm.cl\/?p=30374"},"modified":"2023-04-24T17:03:50","modified_gmt":"2023-04-24T20:03:50","slug":"junaeb-inicia-entrega-de-utiles-escolares-pue-en-villa-ortega","status":"publish","type":"post","link":"https:\/\/radiorevelacionfm.cl\/?p=30374","title":{"rendered":"JUNAEB inicia entrega de \u00fatiles escolares (PUE) en Villa Ortega"},"content":{"rendered":"<div class=\"flex_column av_one_full  flex_column_div av-zero-column-padding first  avia-builder-el-0  el_before_av_one_full  avia-builder-el-first  \" style='border-radius:0px; '><div  class='avia-image-container  av-styling-    avia-builder-el-1  avia-builder-el-no-sibling  avia-align-center '  itemprop=\"image\" itemscope=\"itemscope\" itemtype=\"https:\/\/schema.org\/ImageObject\"  ><div class='avia-image-container-inner'><div class='avia-image-overlay-wrap'><img decoding=\"async\" class='wp-image-30375 avia-img-lazy-loading-not-30375 avia_image' src=\"https:\/\/radiorevelacionfm.cl\/wp-content\/uploads\/2023\/04\/Villa-Ortega-1-1.jpg\" alt='' title='Villa Ortega (1) (1)' height=\"600\" width=\"887\"  itemprop=\"thumbnailUrl\" srcset=\"https:\/\/radiorevelacionfm.cl\/wp-content\/uploads\/2023\/04\/Villa-Ortega-1-1.jpg 887w, https:\/\/radiorevelacionfm.cl\/wp-content\/uploads\/2023\/04\/Villa-Ortega-1-1-300x203.jpg 300w, https:\/\/radiorevelacionfm.cl\/wp-content\/uploads\/2023\/04\/Villa-Ortega-1-1-768x520.jpg 768w, https:\/\/radiorevelacionfm.cl\/wp-content\/uploads\/2023\/04\/Villa-Ortega-1-1-705x477.jpg 705w, https:\/\/radiorevelacionfm.cl\/wp-content\/uploads\/2023\/04\/Villa-Ortega-1-1-450x304.jpg 450w, https:\/\/radiorevelacionfm.cl\/wp-content\/uploads\/2023\/04\/Villa-Ortega-1-1-600x406.jpg 600w\" sizes=\"(max-width: 887px) 100vw, 887px\" \/><\/div><\/div><\/div><\/div><div class=\"flex_column av_one_full  flex_column_div av-zero-column-padding first  avia-builder-el-2  el_after_av_one_full  el_before_av_one_full  column-top-margin\" style='border-radius:0px; '><section class=\"av_textblock_section \"  itemscope=\"itemscope\" itemtype=\"https:\/\/schema.org\/BlogPosting\" itemprop=\"blogPost\" ><div class='avia_textblock  '   itemprop=\"text\" ><p style=\"text-align: center;\"><strong><span style=\"font-size: 18pt;\">JUNAEB inicia entrega de \u00fatiles escolares (PUE) en Villa Ortega<\/span><\/strong><\/p>\n<div id=\"gtx-trans\" style=\"position: absolute; left: -50px; top: 4.31534px;\">\n<div class=\"gtx-trans-icon\"><\/div>\n<\/div>\n<\/div><\/section><\/div><div class=\"flex_column av_one_full  flex_column_div av-zero-column-padding first  avia-builder-el-4  el_after_av_one_full  el_before_av_hr  column-top-margin\" style='border-radius:0px; '><section class=\"av_textblock_section \"  itemscope=\"itemscope\" itemtype=\"https:\/\/schema.org\/BlogPosting\" itemprop=\"blogPost\" ><div class='avia_textblock  '   itemprop=\"text\" ><p class=\"v1MsoNormal\" style=\"text-align: justify;\">Junto a la comunidad educativa de la Escuela Pablo Neruda de Villa Ortega, el director regional de la Junta Nacional de Auxilio Escolar y Becas (Junaeb), Manuel Vivar Aguila, particip\u00f3 de la entrega del Programa de \u00datiles Escolares (PUE) 2023 en la regi\u00f3n, programa que busca disminuir el gasto de las familias por este concepto y aportar a la permanencia de las y los estudiantes en el sistema educativo.<\/p>\n<p class=\"v1MsoNormal\" style=\"text-align: justify;\">En la regi\u00f3n se entregar\u00e1n cerca de 16.640 set de \u00fatiles, los que llegar\u00e1n de manera universal a estudiantes de establecimientos p\u00fablicos de los niveles b\u00e1sica, media y adultos; mientras que para la educaci\u00f3n parvularia se priorizar\u00e1 de acuerdo con el \u00edndice de vulnerabilidad desarrollado por Junaeb. Respecto de la entrega en colegios particulares subvencionados adscritos a gratuidad, los \u00fatiles ser\u00e1n entregados seg\u00fan criterios de focalizaci\u00f3n, considerando tramo hasta el 40% en el Registro Social de Hogares (RSH).<\/p>\n<p class=\"v1MsoNormal\" style=\"text-align: justify;\">El director regional de Junaeb destac\u00f3: \u00abLa entrega del programa de \u00fatiles escolares comenz\u00f3 la primera semana de abril, haci\u00e9ndonos cargo del compromiso institucional por mejorar la oportunidad en la entrega y as\u00ed apoyar a los estudiantes con herramientas que faciliten su trayectoria educativa. Este es un proceso que implica un desaf\u00edo log\u00edstico importante, sobre todo para poder llegar a las comunidades m\u00e1s aisladas y rurales, un desaf\u00edo transversal en nuestra regi\u00f3n, por eso aprovechamos esta visita a la escuela de Villa Ortega para realizar la entrega de \u00fatiles como un hito significativo de lo que ocurre en los distintos establecimientos rurales de la regi\u00f3n, en este contexto quiero agradecer al director del establecimiento y su equipo por el enorme trabajo que desarrollan en la localidad\u00bb<\/p>\n<p class=\"v1MsoNormal\" style=\"text-align: justify;\">Los sets de \u00fatiles incluyen cuadernos con material educativo -desarrollado junto al Ministerio de Educaci\u00f3n-, que abordan de forma l\u00fadica tem\u00e1ticas como la convivencia digital. A su vez, consideran l\u00e1piz grafito, l\u00e1pices de colores, goma de borrar, regla, block de dibujo, sacapuntas y calculadora (8\u00b0 b\u00e1sico), entre otros materiales escolares, diferenciados por ciclo de ense\u00f1anza.\u00a0La distribuci\u00f3n de \u00fatiles escolares al resto de establecimientos de la regi\u00f3n ya comenz\u00f3 y se espera que finalice el pr\u00f3ximo 5 de mayo. Desde la instituci\u00f3n enfatizaron el llamado a informarse en cada establecimiento sobre el proceso interno de entrega del beneficio.<\/p>\n<\/div><\/section><\/div><div  style='height:50px' class='hr hr-invisible   avia-builder-el-6  el_after_av_one_full  el_before_av_social_share '><span class='hr-inner ' ><span class='hr-inner-style'><\/span><\/span><\/div><\/p>\n<div  class='av-social-sharing-box  avia-builder-el-7  el_after_av_hr  el_before_av_hr  '><div class='av-share-box'><h5 class='av-share-link-description av-no-toc '>Compartir esta noticia<\/h5><ul class='av-share-box-list noLightbox'><li class='av-share-link av-social-link-facebook' ><a target=\"_blank\" aria-label=\"Compartir en Facebook\" href='https:\/\/www.facebook.com\/sharer.php?u=https:\/\/radiorevelacionfm.cl\/?p=30374&#038;t=JUNAEB%20inicia%20entrega%20de%20%C3%BAtiles%20escolares%20%28PUE%29%20en%20Villa%20Ortega' aria-hidden='false' data-av_icon='\ue8f3' data-av_iconfont='entypo-fontello' title='' data-avia-related-tooltip='Compartir en Facebook' rel=\"noopener\"><span class='avia_hidden_link_text'>Compartir en Facebook<\/span><\/a><\/li><li class='av-share-link av-social-link-twitter' ><a target=\"_blank\" aria-label=\"Compartir en Twitter\" href='https:\/\/twitter.com\/share?text=JUNAEB%20inicia%20entrega%20de%20%C3%BAtiles%20escolares%20%28PUE%29%20en%20Villa%20Ortega&#038;url=https:\/\/radiorevelacionfm.cl\/?p=30374' aria-hidden='false' data-av_icon='\ue8f1' data-av_iconfont='entypo-fontello' title='' data-avia-related-tooltip='Compartir en Twitter' rel=\"noopener\"><span class='avia_hidden_link_text'>Compartir en Twitter<\/span><\/a><\/li><li class='av-share-link av-social-link-whatsapp' ><a target=\"_blank\" aria-label=\"Compartir en Whatsapp\" href='https:\/\/api.whatsapp.com\/send?text=https:\/\/radiorevelacionfm.cl\/?p=30374' aria-hidden='false' data-av_icon='\uf232' data-av_iconfont='entypo-fontello' title='' data-avia-related-tooltip='Compartir en Whatsapp' rel=\"noopener\"><span class='avia_hidden_link_text'>Compartir en Whatsapp<\/span><\/a><\/li><li class='av-share-link av-social-link-linkedin' ><a target=\"_blank\" aria-label=\"Compartir en LinkedIn\" href='https:\/\/linkedin.com\/shareArticle?mini=true&#038;title=JUNAEB%20inicia%20entrega%20de%20%C3%BAtiles%20escolares%20%28PUE%29%20en%20Villa%20Ortega&#038;url=https:\/\/radiorevelacionfm.cl\/?p=30374' aria-hidden='false' data-av_icon='\ue8fc' data-av_iconfont='entypo-fontello' title='' data-avia-related-tooltip='Compartir en LinkedIn' rel=\"noopener\"><span class='avia_hidden_link_text'>Compartir en LinkedIn<\/span><\/a><\/li><li class='av-share-link av-social-link-mail' ><a  aria-label=\"Compartir por correo\" href='mailto:?subject=JUNAEB%20inicia%20entrega%20de%20%C3%BAtiles%20escolares%20%28PUE%29%20en%20Villa%20Ortega&#038;body=https:\/\/radiorevelacionfm.cl\/?p=30374' aria-hidden='false' data-av_icon='\ue805' data-av_iconfont='entypo-fontello' title='' data-avia-related-tooltip='Compartir por correo'><span class='avia_hidden_link_text'>Compartir por correo<\/span><\/a><\/li><\/ul><\/div><\/div>\n<div  style='height:50px' class='hr hr-invisible   avia-builder-el-8  el_after_av_social_share  el_before_av_comments_list '><span class='hr-inner ' ><span class='hr-inner-style'><\/span><\/span><\/div>\n<div  class='av-buildercomment  av-blog-meta-html-info-disabled av-blog-meta-tag-disabled  '><\/div>\n","protected":false},"excerpt":{"rendered":"","protected":false},"author":1,"featured_media":30375,"comment_status":"open","ping_status":"open","sticky":false,"template":"","format":"standard","meta":{"footnotes":""},"categories":[49],"tags":[],"class_list":["post-30374","post","type-post","status-publish","format-standard","has-post-thumbnail","hentry","category-educacion"],"jetpack_featured_media_url":"https:\/\/radiorevelacionfm.cl\/wp-content\/uploads\/2023\/04\/Villa-Ortega-1-1.jpg","_links":{"self":[{"href":"https:\/\/radiorevelacionfm.cl\/index.php?rest_route=\/wp\/v2\/posts\/30374","targetHints":{"allow":["GET"]}}],"collection":[{"href":"https:\/\/radiorevelacionfm.cl\/index.php?rest_route=\/wp\/v2\/posts"}],"about":[{"href":"https:\/\/radiorevelacionfm.cl\/index.php?rest_route=\/wp\/v2\/types\/post"}],"author":[{"embeddable":true,"href":"https:\/\/radiorevelacionfm.cl\/index.php?rest_route=\/wp\/v2\/users\/1"}],"replies":[{"embeddable":true,"href":"https:\/\/radiorevelacionfm.cl\/index.php?rest_route=%2Fwp%2Fv2%2Fcomments&post=30374"}],"version-history":[{"count":1,"href":"https:\/\/radiorevelacionfm.cl\/index.php?rest_route=\/wp\/v2\/posts\/30374\/revisions"}],"predecessor-version":[{"id":30376,"href":"https:\/\/radiorevelacionfm.cl\/index.php?rest_route=\/wp\/v2\/posts\/30374\/revisions\/30376"}],"wp:featuredmedia":[{"embeddable":true,"href":"https:\/\/radiorevelacionfm.cl\/index.php?rest_route=\/wp\/v2\/media\/30375"}],"wp:attachment":[{"href":"https:\/\/radiorevelacionfm.cl\/index.php?rest_route=%2Fwp%2Fv2%2Fmedia&parent=30374"}],"wp:term":[{"taxonomy":"category","embeddable":true,"href":"https:\/\/radiorevelacionfm.cl\/index.php?rest_route=%2Fwp%2Fv2%2Fcategories&post=30374"},{"taxonomy":"post_tag","embeddable":true,"href":"https:\/\/radiorevelacionfm.cl\/index.php?rest_route=%2Fwp%2Fv2%2Ftags&post=30374"}],"curies":[{"name":"wp","href":"https:\/\/api.w.org\/{rel}","templated":true}]}}