{"id":30371,"date":"2023-04-24T13:47:30","date_gmt":"2023-04-24T16:47:30","guid":{"rendered":"https:\/\/radiorevelacionfm.cl\/?p=30371"},"modified":"2023-04-24T13:47:30","modified_gmt":"2023-04-24T16:47:30","slug":"inauguran-mas-de-1500-metros-de-reconstruccion-de-pasarelas-insignes-en-caleta-tortel","status":"publish","type":"post","link":"https:\/\/radiorevelacionfm.cl\/?p=30371","title":{"rendered":"Inauguran m\u00e1s de 1500 metros de reconstrucci\u00f3n de pasarelas insignes en Caleta Tortel"},"content":{"rendered":"<div class=\"flex_column av_one_full  flex_column_div av-zero-column-padding first  avia-builder-el-0  el_before_av_one_full  avia-builder-el-first  \" style='border-radius:0px; '><div  class='avia-image-container  av-styling-    avia-builder-el-1  avia-builder-el-no-sibling  avia-align-center '  itemprop=\"image\" itemscope=\"itemscope\" itemtype=\"https:\/\/schema.org\/ImageObject\"  ><div class='avia-image-container-inner'><div class='avia-image-overlay-wrap'><img decoding=\"async\" class='wp-image-30372 avia-img-lazy-loading-not-30372 avia_image' src=\"https:\/\/radiorevelacionfm.cl\/wp-content\/uploads\/2023\/04\/img_1832-1_optimized-1.jpg\" alt='' title='img_1832-(1)_optimized (1)' height=\"600\" width=\"800\"  itemprop=\"thumbnailUrl\" srcset=\"https:\/\/radiorevelacionfm.cl\/wp-content\/uploads\/2023\/04\/img_1832-1_optimized-1.jpg 800w, https:\/\/radiorevelacionfm.cl\/wp-content\/uploads\/2023\/04\/img_1832-1_optimized-1-300x225.jpg 300w, https:\/\/radiorevelacionfm.cl\/wp-content\/uploads\/2023\/04\/img_1832-1_optimized-1-768x576.jpg 768w, https:\/\/radiorevelacionfm.cl\/wp-content\/uploads\/2023\/04\/img_1832-1_optimized-1-705x529.jpg 705w, https:\/\/radiorevelacionfm.cl\/wp-content\/uploads\/2023\/04\/img_1832-1_optimized-1-450x338.jpg 450w, https:\/\/radiorevelacionfm.cl\/wp-content\/uploads\/2023\/04\/img_1832-1_optimized-1-600x450.jpg 600w\" sizes=\"(max-width: 800px) 100vw, 800px\" \/><\/div><\/div><\/div><\/div><div class=\"flex_column av_one_full  flex_column_div av-zero-column-padding first  avia-builder-el-2  el_after_av_one_full  el_before_av_one_full  column-top-margin\" style='border-radius:0px; '><section class=\"av_textblock_section \"  itemscope=\"itemscope\" itemtype=\"https:\/\/schema.org\/BlogPosting\" itemprop=\"blogPost\" ><div class='avia_textblock  '   itemprop=\"text\" ><p style=\"text-align: center;\"><strong><span style=\"font-size: 18pt;\">Inauguran m\u00e1s de 1500 metros de reconstrucci\u00f3n de pasarelas insignes en Caleta Tortel<\/span><\/strong><\/p>\n<div id=\"gtx-trans\" style=\"position: absolute; left: -50px; top: 4.31534px;\">\n<div class=\"gtx-trans-icon\"><\/div>\n<\/div>\n<\/div><\/section><\/div><div class=\"flex_column av_one_full  flex_column_div av-zero-column-padding first  avia-builder-el-4  el_after_av_one_full  el_before_av_hr  column-top-margin\" style='border-radius:0px; '><section class=\"av_textblock_section \"  itemscope=\"itemscope\" itemtype=\"https:\/\/schema.org\/BlogPosting\" itemprop=\"blogPost\" ><div class='avia_textblock  '   itemprop=\"text\" ><p style=\"text-align: justify;\">Con alta convocatoria se realiz\u00f3 la inauguraci\u00f3n del Trig\u00e9simo Llamado del Programa de Pavimentaci\u00f3n Participativa. Tras un significativo trabajo, desarrollado con el apoyo y contrataci\u00f3n de mano de obra local; los tramos reconstruidos cumplen la funci\u00f3n de mejorar la infraestructura comunal, adem\u00e1s de contribuir en el sentido est\u00e9tico que tiene Tortel como Zona T\u00edpica.<\/p>\n<p style=\"text-align: justify;\">En las inmediaciones de la plaza Kaweskar, ubicada en pleno centro de la comuna costera, el pasado mi\u00e9rcoles 19 de abril, la administraci\u00f3n del alcalde Abel Becerra Vidal dio por finalizada la reconstrucci\u00f3n de una importante franja de las pasarelas insignes de Tortel, tras una necesaria inversi\u00f3n en su infraestructura.<\/p>\n<p style=\"text-align: justify;\">El proyecto, que fue financiado por SERVIU regi\u00f3n de Ays\u00e9n, contempl\u00f3 un aporte sectorial de $683.999.000, para la reposici\u00f3n de 1.509 metros lineales de pasarelas, en la Avenida Costanera de Caleta Tortel. En espec\u00edfico, esta franja est\u00e1 dividida en 22 tramos de distinta longitud cada uno, con pasamanos doble y un nuevo ancho transitable de 2,45 metros y sin gradas ni desniveles, contribuyendo en el desarrollo de un Tortel m\u00e1s inclusivo.<\/p>\n<p style=\"text-align: justify;\">Seg\u00fan comparti\u00f3 el edil, Becerra Vidal, \u201ces para nosotros muy importante tener una calidad de conexi\u00f3n como \u00e9sta. Si bien es cierto, anteriormente ten\u00edamos conexi\u00f3n vial, que eran pasarelas, \u00a0quiero hacer menci\u00f3n que esta es una pasarela 100% inclusiva\u2026 porque va por el borde costero y no tiene ninguna escalera, cumpliendo con la accesisibilidad universal\u201d sentenci\u00f3 la autoridad.<\/p>\n<p style=\"text-align: justify;\">De esta manera, con el apoyo de vecinas y vecinos, el honorable concejo municipal, la SEREMI de Vivienda, Paulina Ruz, y el Consejero Regional, V\u00edctor Escobar; el alcalde dio el vamos a un necesidad percibida y celebrada por sus pobladores.<\/p>\n<p style=\"text-align: justify;\">As\u00ed, lo evidencia la opini\u00f3n compartida por don Mois\u00e9s Vel\u00e1squez, vecino y dirigente social, quien se\u00f1al\u00f3 que \u201cEra un sue\u00f1o tener las pasarelas, especial por la gente de edad, gente enferma\u2026 Se ve\u00eda medio lejos este proyecto, pero sali\u00f3 r\u00e1pido. Uno que ha sido siempre de Tortel, agradece porque era muy necesaria esta pasarela, adem\u00e1s pensando en el turismo es muy importante\u201d agreg\u00f3.<\/p>\n<p style=\"text-align: justify;\">La inauguraci\u00f3n cont\u00f3 con la presencia de la SEREMI de Vivienda, Paulina Ruz, autoridad que reforz\u00f3 la relevancia de la iniciativa, a partir de la importancia que tiene contar con infraestructura inclusiva. Adem\u00e1s de ello, la representante de la cartera de Vivienda, destac\u00f3 que \u201chay un fuerte componente de pertinencia territorial, entendiendo que el estado y pol\u00edticas p\u00fablicas tienen que adaptarse a los territorios y a las formas que habitan los habitantes\u201d, a\u00f1adi\u00f3.<\/p>\n<p style=\"text-align: justify;\">Para la administraci\u00f3n del alcalde Abel Becerra Vidal, es imperante continuar realizando inversiones en infraestructura, por lo que ya se encuentra gestionando nuevas fuentes de financiamiento para continuar contribuyendo en el desarrollo de su comuna.<\/p>\n<\/div><\/section><\/div><div  style='height:50px' class='hr hr-invisible   avia-builder-el-6  el_after_av_one_full  el_before_av_social_share '><span class='hr-inner ' ><span class='hr-inner-style'><\/span><\/span><\/div><\/p>\n<div  class='av-social-sharing-box  avia-builder-el-7  el_after_av_hr  el_before_av_hr  '><div class='av-share-box'><h5 class='av-share-link-description av-no-toc '>Compartir esta noticia<\/h5><ul class='av-share-box-list noLightbox'><li class='av-share-link av-social-link-facebook' ><a target=\"_blank\" aria-label=\"Compartir en Facebook\" href='https:\/\/www.facebook.com\/sharer.php?u=https:\/\/radiorevelacionfm.cl\/?p=30371&#038;t=Inauguran%20m%C3%A1s%20de%201500%20metros%20de%20reconstrucci%C3%B3n%20de%20pasarelas%20insignes%20en%20Caleta%20Tortel' aria-hidden='false' data-av_icon='\ue8f3' data-av_iconfont='entypo-fontello' title='' data-avia-related-tooltip='Compartir en Facebook' rel=\"noopener\"><span class='avia_hidden_link_text'>Compartir en Facebook<\/span><\/a><\/li><li class='av-share-link av-social-link-twitter' ><a target=\"_blank\" aria-label=\"Compartir en Twitter\" href='https:\/\/twitter.com\/share?text=Inauguran%20m%C3%A1s%20de%201500%20metros%20de%20reconstrucci%C3%B3n%20de%20pasarelas%20insignes%20en%20Caleta%20Tortel&#038;url=https:\/\/radiorevelacionfm.cl\/?p=30371' aria-hidden='false' data-av_icon='\ue8f1' data-av_iconfont='entypo-fontello' title='' data-avia-related-tooltip='Compartir en Twitter' rel=\"noopener\"><span class='avia_hidden_link_text'>Compartir en Twitter<\/span><\/a><\/li><li class='av-share-link av-social-link-whatsapp' ><a target=\"_blank\" aria-label=\"Compartir en Whatsapp\" href='https:\/\/api.whatsapp.com\/send?text=https:\/\/radiorevelacionfm.cl\/?p=30371' aria-hidden='false' data-av_icon='\uf232' data-av_iconfont='entypo-fontello' title='' data-avia-related-tooltip='Compartir en Whatsapp' rel=\"noopener\"><span class='avia_hidden_link_text'>Compartir en Whatsapp<\/span><\/a><\/li><li class='av-share-link av-social-link-linkedin' ><a target=\"_blank\" aria-label=\"Compartir en LinkedIn\" href='https:\/\/linkedin.com\/shareArticle?mini=true&#038;title=Inauguran%20m%C3%A1s%20de%201500%20metros%20de%20reconstrucci%C3%B3n%20de%20pasarelas%20insignes%20en%20Caleta%20Tortel&#038;url=https:\/\/radiorevelacionfm.cl\/?p=30371' aria-hidden='false' data-av_icon='\ue8fc' data-av_iconfont='entypo-fontello' title='' data-avia-related-tooltip='Compartir en LinkedIn' rel=\"noopener\"><span class='avia_hidden_link_text'>Compartir en LinkedIn<\/span><\/a><\/li><li class='av-share-link av-social-link-mail' ><a  aria-label=\"Compartir por correo\" href='mailto:?subject=Inauguran%20m%C3%A1s%20de%201500%20metros%20de%20reconstrucci%C3%B3n%20de%20pasarelas%20insignes%20en%20Caleta%20Tortel&#038;body=https:\/\/radiorevelacionfm.cl\/?p=30371' aria-hidden='false' data-av_icon='\ue805' data-av_iconfont='entypo-fontello' title='' data-avia-related-tooltip='Compartir por correo'><span class='avia_hidden_link_text'>Compartir por correo<\/span><\/a><\/li><\/ul><\/div><\/div>\n<div  style='height:50px' class='hr hr-invisible   avia-builder-el-8  el_after_av_social_share  el_before_av_comments_list '><span class='hr-inner ' ><span class='hr-inner-style'><\/span><\/span><\/div>\n<div  class='av-buildercomment  av-blog-meta-html-info-disabled av-blog-meta-tag-disabled  '><\/div>\n","protected":false},"excerpt":{"rendered":"","protected":false},"author":1,"featured_media":30372,"comment_status":"open","ping_status":"open","sticky":false,"template":"","format":"standard","meta":{"footnotes":""},"categories":[38],"tags":[],"class_list":["post-30371","post","type-post","status-publish","format-standard","has-post-thumbnail","hentry","category-regional"],"jetpack_featured_media_url":"https:\/\/radiorevelacionfm.cl\/wp-content\/uploads\/2023\/04\/img_1832-1_optimized-1.jpg","_links":{"self":[{"href":"https:\/\/radiorevelacionfm.cl\/index.php?rest_route=\/wp\/v2\/posts\/30371","targetHints":{"allow":["GET"]}}],"collection":[{"href":"https:\/\/radiorevelacionfm.cl\/index.php?rest_route=\/wp\/v2\/posts"}],"about":[{"href":"https:\/\/radiorevelacionfm.cl\/index.php?rest_route=\/wp\/v2\/types\/post"}],"author":[{"embeddable":true,"href":"https:\/\/radiorevelacionfm.cl\/index.php?rest_route=\/wp\/v2\/users\/1"}],"replies":[{"embeddable":true,"href":"https:\/\/radiorevelacionfm.cl\/index.php?rest_route=%2Fwp%2Fv2%2Fcomments&post=30371"}],"version-history":[{"count":1,"href":"https:\/\/radiorevelacionfm.cl\/index.php?rest_route=\/wp\/v2\/posts\/30371\/revisions"}],"predecessor-version":[{"id":30373,"href":"https:\/\/radiorevelacionfm.cl\/index.php?rest_route=\/wp\/v2\/posts\/30371\/revisions\/30373"}],"wp:featuredmedia":[{"embeddable":true,"href":"https:\/\/radiorevelacionfm.cl\/index.php?rest_route=\/wp\/v2\/media\/30372"}],"wp:attachment":[{"href":"https:\/\/radiorevelacionfm.cl\/index.php?rest_route=%2Fwp%2Fv2%2Fmedia&parent=30371"}],"wp:term":[{"taxonomy":"category","embeddable":true,"href":"https:\/\/radiorevelacionfm.cl\/index.php?rest_route=%2Fwp%2Fv2%2Fcategories&post=30371"},{"taxonomy":"post_tag","embeddable":true,"href":"https:\/\/radiorevelacionfm.cl\/index.php?rest_route=%2Fwp%2Fv2%2Ftags&post=30371"}],"curies":[{"name":"wp","href":"https:\/\/api.w.org\/{rel}","templated":true}]}}