{"id":30367,"date":"2023-04-24T10:58:45","date_gmt":"2023-04-24T13:58:45","guid":{"rendered":"https:\/\/radiorevelacionfm.cl\/?p=30367"},"modified":"2023-04-24T10:58:45","modified_gmt":"2023-04-24T13:58:45","slug":"anuncian-para-este-ano-licitacion-de-pavimentacion-del-tramo-el-maiten-guadal-dos-tramos-de-la-ruta-7-sur-y-estudio-de-infraestructura-portuaria-para-puerto-sanchez","status":"publish","type":"post","link":"https:\/\/radiorevelacionfm.cl\/?p=30367","title":{"rendered":"Anuncian para este a\u00f1o licitaci\u00f3n de pavimentaci\u00f3n del tramo el Mait\u00e9n-Guadal, dos tramos de la ruta 7 Sur y estudio de infraestructura portuaria para Puerto S\u00e1nchez"},"content":{"rendered":"<div class=\"flex_column av_one_full  flex_column_div av-zero-column-padding first  avia-builder-el-0  el_before_av_one_full  avia-builder-el-first  \" style='border-radius:0px; '><div  class='avia-image-container  av-styling-    avia-builder-el-1  avia-builder-el-no-sibling  avia-align-center '  itemprop=\"image\" itemscope=\"itemscope\" itemtype=\"https:\/\/schema.org\/ImageObject\"  ><div class='avia-image-container-inner'><div class='avia-image-overlay-wrap'><img decoding=\"async\" class='wp-image-30368 avia-img-lazy-loading-not-30368 avia_image' src=\"https:\/\/radiorevelacionfm.cl\/wp-content\/uploads\/2023\/04\/sanchez-2-1_optimized.jpg\" alt='' title='sanchez-2-(1)_optimized' height=\"600\" width=\"1067\"  itemprop=\"thumbnailUrl\" srcset=\"https:\/\/radiorevelacionfm.cl\/wp-content\/uploads\/2023\/04\/sanchez-2-1_optimized.jpg 1067w, https:\/\/radiorevelacionfm.cl\/wp-content\/uploads\/2023\/04\/sanchez-2-1_optimized-300x169.jpg 300w, https:\/\/radiorevelacionfm.cl\/wp-content\/uploads\/2023\/04\/sanchez-2-1_optimized-1030x579.jpg 1030w, https:\/\/radiorevelacionfm.cl\/wp-content\/uploads\/2023\/04\/sanchez-2-1_optimized-768x432.jpg 768w, https:\/\/radiorevelacionfm.cl\/wp-content\/uploads\/2023\/04\/sanchez-2-1_optimized-705x396.jpg 705w, https:\/\/radiorevelacionfm.cl\/wp-content\/uploads\/2023\/04\/sanchez-2-1_optimized-450x253.jpg 450w, https:\/\/radiorevelacionfm.cl\/wp-content\/uploads\/2023\/04\/sanchez-2-1_optimized-600x337.jpg 600w\" sizes=\"(max-width: 1067px) 100vw, 1067px\" \/><\/div><\/div><\/div><\/div>\n<div class=\"flex_column av_one_full  flex_column_div av-zero-column-padding first  avia-builder-el-2  el_after_av_one_full  el_before_av_one_full  column-top-margin\" style='border-radius:0px; '><section class=\"av_textblock_section \"  itemscope=\"itemscope\" itemtype=\"https:\/\/schema.org\/BlogPosting\" itemprop=\"blogPost\" ><div class='avia_textblock  '   itemprop=\"text\" ><p style=\"text-align: center;\"><strong><span style=\"font-size: 18pt;\">Anuncian para este a\u00f1o licitaci\u00f3n de pavimentaci\u00f3n del tramo el Mait\u00e9n-Guadal, dos tramos de la ruta 7 Sur y estudio de infraestructura portuaria para Puerto S\u00e1nchez<\/span><\/strong><\/p>\n<div id=\"gtx-trans\" style=\"position: absolute; left: -50px; top: 4.31534px;\">\n<div class=\"gtx-trans-icon\"><\/div>\n<\/div>\n<\/div><\/section><\/div><div class=\"flex_column av_one_full  flex_column_div av-zero-column-padding first  avia-builder-el-4  el_after_av_one_full  el_before_av_hr  column-top-margin\" style='border-radius:0px; '><section class=\"av_textblock_section \"  itemscope=\"itemscope\" itemtype=\"https:\/\/schema.org\/BlogPosting\" itemprop=\"blogPost\" ><div class='avia_textblock  '   itemprop=\"text\" ><p style=\"text-align: justify;\"><em>Equipo MOP se traslad\u00f3 hasta Puerto S\u00e1nchez para atender necesidades de comunidad y anunci\u00f3 Plan de Licitaciones para este a\u00f1o, el que contempla la pavimentaci\u00f3n desde el cruce El Mait\u00e9n hasta Puerto Guadal, la <\/em><em>pavimentaci\u00f3n de la Ruta 7 Sur, desde el sector Bah\u00eda Murta hasta el puente El Belga, adelantar la pavimentaci\u00f3n desde Laguna Verde hasta el sector Alcantarilla Cascada en la Ruta 7 Sur,<\/em><em> intervenir el Paso Las Llaves y licitar Estudio de infraestructura portuaria para Puerto S\u00e1nchez, en la Provincia General Carrera.<\/em><\/p>\n<p style=\"text-align: justify;\">El Secretario Regional Ministerial de Obras P\u00fablicas, Patricio Sanhueza junto al Director Regional de Obras Portuarias del MOP \u00c1lvaro D\u00edaz, la Directora Regional de Planeamiento Ynyeverli D\u00edaz, el Coordinador del Plan Excepcional de Conservaci\u00f3n de Caminos en la regi\u00f3n de Ays\u00e9n Renzo Sanders y el profesional de la Direcci\u00f3n Regional de Vialidad MOP Cristian Salcedo, se reunieron con la comunidad de Puerto S\u00e1nchez con el fin de exponer el Plan MOP 2022-2026, el que incluye una importante cartera de licitaciones y proyectos, as\u00ed como tambi\u00e9n continuar desarrollando un trabajo en terreno con di\u00e1logos francos con las y los vecinos de los sectores m\u00e1s alejados de los centros poblados para escuchar sus requerimientos y juntos buscar soluciones integrales para la comunidad de la Provincia General Carrera.<\/p>\n<p style=\"text-align: justify;\">As\u00ed lo se\u00f1al\u00f3 el SEREMI Patricio Sanhueza esta tarde en el marco de visita al sector, oportunidad en la que dio cuenta a la comunidad de las iniciativas concernientes a este Plan. \u201cInformamos en qu\u00e9 estado est\u00e1n estas iniciativas, las que \u00a0en su mayor\u00eda est\u00e1n vinculadas a conectividad, como los nuevos contratos que tenemos programados llamar a licitaci\u00f3n este a\u00f1o, la pavimentaci\u00f3n de la Ruta 7 Sur, desde el sector Bah\u00eda Murta hasta el puente El Belga y adelantar la pavimentaci\u00f3n desde Laguna Verde hasta el sector Alcantarilla Cascada, a la que se suma la pavimentaci\u00f3n este a\u00f1o desde cruce El Mait\u00e9n hasta Puerto Guadal, una intervenci\u00f3n en la zona del Paso Las Llaves, y tambi\u00e9n este a\u00f1o pretendemos llamar a licitaci\u00f3n un Estudio de infraestructura portuaria para la comunidad de Puerto S\u00e1nchez, entre otros importantes proyectos y licitaciones que se consideran para la provincia General Carrera, as\u00ed que estamos muy contentos, nos llevamos nuevos desaf\u00edos y por supuesto que como gobierno de Gabriel Boric estamos muy comprometidos con el territorio y con su gente y con seguir avanzando en todas estas iniciativas programadas y nuevas que vayan en apoyo a la comunidad y al turismo sustentable, que es uno de los ejes estrat\u00e9gicos del Gobierno que se ha priorizado regionalmente, as\u00ed contentos porque esta fue una muy grata, muy fruct\u00edfera y productiva nueva reuni\u00f3n \u201d<\/p>\n<p style=\"text-align: justify;\">Entre los asistentes, se encontraba Marcia \u00c1lvarez Valencia Concejal de la comuna de R\u00edo Ib\u00e1\u00f1ez quien indic\u00f3 que la reuni\u00f3n le pareci\u00f3 bastante provechosa. \u201cYo hablaba m\u00e1s de lo emocional, Puerto S\u00e1nchez es un pueblo muy peque\u00f1o, sus habitantes luchan d\u00eda a d\u00eda por su mantener vivo su pueblo, por hacer Patria aqu\u00ed y que puedan expresar sus problemas, sus necesidades, sus problemas de conectividad, el estado de las Rutas es muy beneficioso en cuanto a la convivencia que se tiene que tener entre los vecinos, los habitantes y las autoridades. As\u00ed que es muy positiva la reuni\u00f3n, muy esperanzados en estas respuestas que se le pueda dar a nuestros vecinos en la soluci\u00f3n a sus diferentes demandas en distintos \u00e1mbitos que manifestaron\u201d.<\/p>\n<p style=\"text-align: justify;\">En tanto, para Victoria Buentrepan Burgos presidenta de la Junta de Vecinos n\u00famero 6 de Puerto S\u00e1nchez esta fue una instancia que la dej\u00f3 muy contenta. \u201cEstamos muy conformes con todas las respuestas que nos dieron el d\u00eda de hoy, as\u00ed que vamos a estar haciendo el seguimiento como Junta de Vecinos para que nuestra comunidad quede un poco m\u00e1s tranquila y un poco m\u00e1s conforme, porque como vieron el d\u00eda de hoy nuestra realidad es un poco lejana y un poco abandonada en relaci\u00f3n a las otras localidades. As\u00ed que contentos, felices y vamos a continuar con las reuniones del d\u00eda de hoy\u201d.<\/p>\n<\/div><\/section><\/div><\/p>\n<div  style='height:50px' class='hr hr-invisible   avia-builder-el-6  el_after_av_one_full  el_before_av_social_share '><span class='hr-inner ' ><span class='hr-inner-style'><\/span><\/span><\/div>\n<div  class='av-social-sharing-box  avia-builder-el-7  el_after_av_hr  el_before_av_hr  '><div class='av-share-box'><h5 class='av-share-link-description av-no-toc '>Compartir esta noticia<\/h5><ul class='av-share-box-list noLightbox'><li class='av-share-link av-social-link-facebook' ><a target=\"_blank\" aria-label=\"Compartir en Facebook\" href='https:\/\/www.facebook.com\/sharer.php?u=https:\/\/radiorevelacionfm.cl\/?p=30367&#038;t=Anuncian%20para%20este%20a%C3%B1o%20licitaci%C3%B3n%20de%20pavimentaci%C3%B3n%20del%20tramo%20el%20Mait%C3%A9n-Guadal%2C%20dos%20tramos%20de%20la%20ruta%207%20Sur%20y%20estudio%20de%20infraestructura%20portuaria%20para%20Puerto%20S%C3%A1nchez' aria-hidden='false' data-av_icon='\ue8f3' data-av_iconfont='entypo-fontello' title='' data-avia-related-tooltip='Compartir en Facebook' rel=\"noopener\"><span class='avia_hidden_link_text'>Compartir en Facebook<\/span><\/a><\/li><li class='av-share-link av-social-link-twitter' ><a target=\"_blank\" aria-label=\"Compartir en Twitter\" href='https:\/\/twitter.com\/share?text=Anuncian%20para%20este%20a%C3%B1o%20licitaci%C3%B3n%20de%20pavimentaci%C3%B3n%20del%20tramo%20el%20Mait%C3%A9n-Guadal%2C%20dos%20tramos%20de%20la%20ruta%207%20Sur%20y%20estudio%20de%20infraestructura%20portuaria%20para%20Puerto%20S%C3%A1nchez&#038;url=https:\/\/radiorevelacionfm.cl\/?p=30367' aria-hidden='false' data-av_icon='\ue8f1' data-av_iconfont='entypo-fontello' title='' data-avia-related-tooltip='Compartir en Twitter' rel=\"noopener\"><span class='avia_hidden_link_text'>Compartir en Twitter<\/span><\/a><\/li><li class='av-share-link av-social-link-whatsapp' ><a target=\"_blank\" aria-label=\"Compartir en Whatsapp\" href='https:\/\/api.whatsapp.com\/send?text=https:\/\/radiorevelacionfm.cl\/?p=30367' aria-hidden='false' data-av_icon='\uf232' data-av_iconfont='entypo-fontello' title='' data-avia-related-tooltip='Compartir en Whatsapp' rel=\"noopener\"><span class='avia_hidden_link_text'>Compartir en Whatsapp<\/span><\/a><\/li><li class='av-share-link av-social-link-linkedin' ><a target=\"_blank\" aria-label=\"Compartir en LinkedIn\" href='https:\/\/linkedin.com\/shareArticle?mini=true&#038;title=Anuncian%20para%20este%20a%C3%B1o%20licitaci%C3%B3n%20de%20pavimentaci%C3%B3n%20del%20tramo%20el%20Mait%C3%A9n-Guadal%2C%20dos%20tramos%20de%20la%20ruta%207%20Sur%20y%20estudio%20de%20infraestructura%20portuaria%20para%20Puerto%20S%C3%A1nchez&#038;url=https:\/\/radiorevelacionfm.cl\/?p=30367' aria-hidden='false' data-av_icon='\ue8fc' data-av_iconfont='entypo-fontello' title='' data-avia-related-tooltip='Compartir en LinkedIn' rel=\"noopener\"><span class='avia_hidden_link_text'>Compartir en LinkedIn<\/span><\/a><\/li><li class='av-share-link av-social-link-mail' ><a  aria-label=\"Compartir por correo\" href='mailto:?subject=Anuncian%20para%20este%20a%C3%B1o%20licitaci%C3%B3n%20de%20pavimentaci%C3%B3n%20del%20tramo%20el%20Mait%C3%A9n-Guadal%2C%20dos%20tramos%20de%20la%20ruta%207%20Sur%20y%20estudio%20de%20infraestructura%20portuaria%20para%20Puerto%20S%C3%A1nchez&#038;body=https:\/\/radiorevelacionfm.cl\/?p=30367' aria-hidden='false' data-av_icon='\ue805' data-av_iconfont='entypo-fontello' title='' data-avia-related-tooltip='Compartir por correo'><span class='avia_hidden_link_text'>Compartir por correo<\/span><\/a><\/li><\/ul><\/div><\/div>\n<div  style='height:50px' class='hr hr-invisible   avia-builder-el-8  el_after_av_social_share  el_before_av_comments_list '><span class='hr-inner ' ><span class='hr-inner-style'><\/span><\/span><\/div>\n<div  class='av-buildercomment  av-blog-meta-html-info-disabled av-blog-meta-tag-disabled  '><\/div>\n","protected":false},"excerpt":{"rendered":"","protected":false},"author":1,"featured_media":30368,"comment_status":"open","ping_status":"open","sticky":false,"template":"","format":"standard","meta":{"footnotes":""},"categories":[38],"tags":[],"class_list":["post-30367","post","type-post","status-publish","format-standard","has-post-thumbnail","hentry","category-regional"],"jetpack_featured_media_url":"https:\/\/radiorevelacionfm.cl\/wp-content\/uploads\/2023\/04\/sanchez-2-1_optimized.jpg","_links":{"self":[{"href":"https:\/\/radiorevelacionfm.cl\/index.php?rest_route=\/wp\/v2\/posts\/30367","targetHints":{"allow":["GET"]}}],"collection":[{"href":"https:\/\/radiorevelacionfm.cl\/index.php?rest_route=\/wp\/v2\/posts"}],"about":[{"href":"https:\/\/radiorevelacionfm.cl\/index.php?rest_route=\/wp\/v2\/types\/post"}],"author":[{"embeddable":true,"href":"https:\/\/radiorevelacionfm.cl\/index.php?rest_route=\/wp\/v2\/users\/1"}],"replies":[{"embeddable":true,"href":"https:\/\/radiorevelacionfm.cl\/index.php?rest_route=%2Fwp%2Fv2%2Fcomments&post=30367"}],"version-history":[{"count":2,"href":"https:\/\/radiorevelacionfm.cl\/index.php?rest_route=\/wp\/v2\/posts\/30367\/revisions"}],"predecessor-version":[{"id":30370,"href":"https:\/\/radiorevelacionfm.cl\/index.php?rest_route=\/wp\/v2\/posts\/30367\/revisions\/30370"}],"wp:featuredmedia":[{"embeddable":true,"href":"https:\/\/radiorevelacionfm.cl\/index.php?rest_route=\/wp\/v2\/media\/30368"}],"wp:attachment":[{"href":"https:\/\/radiorevelacionfm.cl\/index.php?rest_route=%2Fwp%2Fv2%2Fmedia&parent=30367"}],"wp:term":[{"taxonomy":"category","embeddable":true,"href":"https:\/\/radiorevelacionfm.cl\/index.php?rest_route=%2Fwp%2Fv2%2Fcategories&post=30367"},{"taxonomy":"post_tag","embeddable":true,"href":"https:\/\/radiorevelacionfm.cl\/index.php?rest_route=%2Fwp%2Fv2%2Ftags&post=30367"}],"curies":[{"name":"wp","href":"https:\/\/api.w.org\/{rel}","templated":true}]}}