{"id":30365,"date":"2023-04-23T22:59:04","date_gmt":"2023-04-24T01:59:04","guid":{"rendered":"https:\/\/radiorevelacionfm.cl\/?p=30365"},"modified":"2023-04-23T22:59:04","modified_gmt":"2023-04-24T01:59:04","slug":"los-maquis-libre-acusa-a-senador-sandoval-de-recurrir-a-campana-del-terror-y-lobby-parlamentario-empresarial","status":"publish","type":"post","link":"https:\/\/radiorevelacionfm.cl\/?p=30365","title":{"rendered":"Los Maquis Libre acusa a senador Sandoval de recurrir a campa\u00f1a del terror y lobby parlamentario-empresarial"},"content":{"rendered":"<div class=\"flex_column av_one_full  flex_column_div av-zero-column-padding first  avia-builder-el-0  el_before_av_one_full  avia-builder-el-first  \" style='border-radius:0px; '><div  class='avia-image-container  av-styling-    avia-builder-el-1  avia-builder-el-no-sibling  avia-align-center '  itemprop=\"image\" itemscope=\"itemscope\" itemtype=\"https:\/\/schema.org\/ImageObject\"  ><div class='avia-image-container-inner'><div class='avia-image-overlay-wrap'><img decoding=\"async\" class='wp-image-9516 avia-img-lazy-loading-not-9516 avia_image' src=\"https:\/\/radiorevelacionfm.cl\/wp-content\/uploads\/2021\/10\/central-los-maquis-0-1_optimized.jpg\" alt='' title='central-los-maquis-(0)-(1)_optimized' height=\"600\" width=\"751\"  itemprop=\"thumbnailUrl\" srcset=\"https:\/\/radiorevelacionfm.cl\/wp-content\/uploads\/2021\/10\/central-los-maquis-0-1_optimized.jpg 751w, https:\/\/radiorevelacionfm.cl\/wp-content\/uploads\/2021\/10\/central-los-maquis-0-1_optimized-300x240.jpg 300w, https:\/\/radiorevelacionfm.cl\/wp-content\/uploads\/2021\/10\/central-los-maquis-0-1_optimized-705x563.jpg 705w, https:\/\/radiorevelacionfm.cl\/wp-content\/uploads\/2021\/10\/central-los-maquis-0-1_optimized-600x479.jpg 600w\" sizes=\"(max-width: 751px) 100vw, 751px\" \/><\/div><\/div><\/div><\/div><div class=\"flex_column av_one_full  flex_column_div av-zero-column-padding first  avia-builder-el-2  el_after_av_one_full  el_before_av_one_full  column-top-margin\" style='border-radius:0px; '><section class=\"av_textblock_section \"  itemscope=\"itemscope\" itemtype=\"https:\/\/schema.org\/BlogPosting\" itemprop=\"blogPost\" ><div class='avia_textblock  '   itemprop=\"text\" ><p style=\"text-align: center;\"><span style=\"font-size: 18pt;\"><b><span lang=\"ES\">Los Maquis Libre acusa a senador Sandoval de recurrir a campa\u00f1a del terror y<span class=\"v1gmail-Apple-converted-space\">\u00a0<\/span><\/span><\/b><b><span lang=\"X-NONE\">lobby parlamentario-empresarial<\/span><\/b><\/span><\/p>\n<div id=\"gtx-trans\" style=\"position: absolute; left: -50px; top: 4.31534px;\">\n<div class=\"gtx-trans-icon\"><\/div>\n<\/div>\n<\/div><\/section><\/div><div class=\"flex_column av_one_full  flex_column_div av-zero-column-padding first  avia-builder-el-4  el_after_av_one_full  el_before_av_hr  column-top-margin\" style='border-radius:0px; '><section class=\"av_textblock_section \"  itemscope=\"itemscope\" itemtype=\"https:\/\/schema.org\/BlogPosting\" itemprop=\"blogPost\" ><div class='avia_textblock  '   itemprop=\"text\" ><p class=\"v1MsoNormal\" style=\"text-align: justify;\"><span lang=\"ES\">Mediante un mensaje en su cuenta de Instagram, que ya cuenta con m<\/span><span lang=\"X-NONE\">\u00e1s de 400 respuestas positivas en un d\u00eda, la organizaci\u00f3n Los Maquis Libre cuestion\u00f3 el<span class=\"v1gmail-Apple-converted-space\">\u00a0<\/span><a href=\"https:\/\/www.eldivisadero.cl\/_noticia\/Sandoval-asegura-que-central-Los-Maquis-solucionar%C3%A1-demanda-de-energ%C3%ADa-en-Chile-Chico\/NzAzNjE=\" target=\"_blank\" rel=\"noopener noreferrer\">apoyo que el senador UDI David Sandoval entreg\u00f3 recientemente al proyecto hidroel\u00e9ctrico Los Maquis de Edelays\u00e9n<\/a>.\u00a0La agrupaci\u00f3n, que re\u00fane a vecinos y vecinas de Puerto Guadal, calific\u00f3 las palabras del legislador como una presi\u00f3n e intromisi\u00f3n inconstitucional en la decisi\u00f3n adoptada por un Poder del Estado como es el Judicial.<\/span><\/p>\n<p class=\"v1MsoNormal\" style=\"text-align: justify;\"><span lang=\"X-NONE\">Los dichos de Sandoval aparecieron justo en d\u00edas en que la empresa de capitales extranjeros est\u00e1 realizando un proceso de participaci\u00f3n ciudadana anticipada, como paso previo al ingreso a evaluaci\u00f3n ambiental de la obra ya construida.\u00a0Esto, seg\u00fan determinara el Tribunal Ambiental de Valdivia al establecer que la construcci\u00f3n fue ilegal, instruyendo a la Superintendencia del Medio Ambiente a emitir una resoluci\u00f3n en tal sentido.<\/span><\/p>\n<p class=\"v1MsoNormal\" style=\"text-align: justify;\"><span lang=\"X-NONE\">Con una serie de im\u00e1genes la agrupaci\u00f3n contrast\u00f3 los dichos del legislador, quien expres\u00f3 que \u00abalguien se pas\u00f3 un poquito m\u00e1s de revoluciones, Los Maquis es una central que ya exist\u00eda, es de baja potencia\u00bb.<\/span><\/p>\n<p class=\"v1MsoNormal\" style=\"text-align: justify;\"><span lang=\"X-NONE\">Sobre esto, se\u00f1alaron desde la organizaci\u00f3n que \u00abel senador de Ays\u00e9n David Sandoval reaparece en lo p\u00fablico recurriendo a las m\u00e1s a\u00f1ejas pr\u00e1cticas del lobby parlamentario-empresarial: la campa\u00f1a del terror, para apoyar un proyecto cuestionado por los tribunales ambientales\u00bb.<\/span><\/p>\n<p class=\"v1MsoNormal\" style=\"text-align: justify;\"><span lang=\"X-NONE\">Apuntaron a que \u00abdice, poco menos, que si no entra en operaci\u00f3n Los Maquis, la gente no podr\u00e1 operarse en el hospital.\u00a0<span class=\"v1gmail-Apple-converted-space\">\u00a0<\/span>Error: Los Maquis es una sola opci\u00f3n desde muchas otras que puede impulsar Edelays\u00e9n\u00bb.\u00a0\u00a0\u00a0<span class=\"v1gmail-Apple-converted-space\">\u00a0<\/span><\/span><\/p>\n<p class=\"v1MsoNormal\" style=\"text-align: justify;\"><span lang=\"X-NONE\">Asimismo, aludieron a su frase \u00abalguien se pas\u00f3 de revoluciones\u00bb,<span class=\"v1gmail-Apple-converted-space\">\u00a0<\/span>\u00a0afirmando que con esto el parlamentario estar\u00eda \u00abcuestionando directamente al Tribunal Ambiental de Valdivia que dictamin\u00f3 que la empresa deb\u00eda ingresar a evaluaci\u00f3n ambiental.\u00a0<span class=\"v1gmail-Apple-converted-space\">\u00a0<\/span>Lo que hace es inconstitucional al no respetar la separaci\u00f3n de poderes\u00bb.<\/span><\/p>\n<p class=\"v1MsoNormal\" style=\"text-align: justify;\"><span lang=\"X-NONE\">Se preguntaron tambi\u00e9n si la imagen en que el legislador aparece con casco en las instalaciones de Los Maquis \u00abestar\u00e1 en su informaci\u00f3n sobre el lobby a la que est\u00e1 obligado\u00bb.<span class=\"v1gmail-Apple-converted-space\">\u00a0<\/span>\u00a0\u00a0En la p\u00e1gina web de transparencia y lobby del Senado, al menos,<span class=\"v1gmail-Apple-converted-space\">\u00a0<\/span><a href=\"https:\/\/www.senado.cl\/appsenado\/index.php?mo=lobby&amp;ac=GetReuniones&amp;idpersona=18488&amp;nombre=Sandoval_Plaza,_David\" target=\"_blank\" rel=\"noopener noreferrer\">no aparece menci\u00f3n alguna<\/a><span class=\"v1gmail-Apple-converted-space\">\u00a0<\/span>al respecto.<\/span><\/p>\n<p class=\"v1MsoNormal\" style=\"text-align: justify;\"><span lang=\"X-NONE\">Por \u00faltimo, cuando David Sandoval se\u00f1ala que \u00abla construcci\u00f3n es la misma de hace 40 a\u00f1os\u00bb<span class=\"v1gmail-Apple-converted-space\">\u00a0<\/span>se preguntaron si<span class=\"v1gmail-Apple-converted-space\">\u00a0<\/span>\u00ab\u00bfsabr\u00e1 el senador que est\u00e1 demostrado que el proyecto construy\u00f3 uno distinto al que inform\u00f3, totalmente diferente del de hace cuatro d\u00e9cadas?\u00bb.<\/span><\/p>\n<p class=\"v1MsoNormal\" style=\"text-align: justify;\"><span lang=\"X-NONE\">Por esto, remataron se\u00f1alando que \u00abuno esperar\u00eda que un legislador que nos representa, que fue parte de las Comisiones de Medio Ambiente de la C\u00e1mara de Diputados y el Senado, estuviera un poquito m\u00e1s informado al momento de expresarse p\u00fablicamente\u00bb.<\/span><\/p>\n<\/div><\/section><\/div><div  style='height:50px' class='hr hr-invisible   avia-builder-el-6  el_after_av_one_full  el_before_av_social_share '><span class='hr-inner ' ><span class='hr-inner-style'><\/span><\/span><\/div><\/p>\n<div  class='av-social-sharing-box  avia-builder-el-7  el_after_av_hr  el_before_av_hr  '><div class='av-share-box'><h5 class='av-share-link-description av-no-toc '>Compartir esta noticia<\/h5><ul class='av-share-box-list noLightbox'><li class='av-share-link av-social-link-facebook' ><a target=\"_blank\" aria-label=\"Compartir en Facebook\" href='https:\/\/www.facebook.com\/sharer.php?u=https:\/\/radiorevelacionfm.cl\/?p=30365&#038;t=Los%20Maquis%20Libre%20acusa%20a%20senador%20Sandoval%20de%20recurrir%20a%20campa%C3%B1a%20del%20terror%20y%20lobby%20parlamentario-empresarial' aria-hidden='false' data-av_icon='\ue8f3' data-av_iconfont='entypo-fontello' title='' data-avia-related-tooltip='Compartir en Facebook' rel=\"noopener\"><span class='avia_hidden_link_text'>Compartir en Facebook<\/span><\/a><\/li><li class='av-share-link av-social-link-twitter' ><a target=\"_blank\" aria-label=\"Compartir en Twitter\" href='https:\/\/twitter.com\/share?text=Los%20Maquis%20Libre%20acusa%20a%20senador%20Sandoval%20de%20recurrir%20a%20campa%C3%B1a%20del%20terror%20y%20lobby%20parlamentario-empresarial&#038;url=https:\/\/radiorevelacionfm.cl\/?p=30365' aria-hidden='false' data-av_icon='\ue8f1' data-av_iconfont='entypo-fontello' title='' data-avia-related-tooltip='Compartir en Twitter' rel=\"noopener\"><span class='avia_hidden_link_text'>Compartir en Twitter<\/span><\/a><\/li><li class='av-share-link av-social-link-whatsapp' ><a target=\"_blank\" aria-label=\"Compartir en Whatsapp\" href='https:\/\/api.whatsapp.com\/send?text=https:\/\/radiorevelacionfm.cl\/?p=30365' aria-hidden='false' data-av_icon='\uf232' data-av_iconfont='entypo-fontello' title='' data-avia-related-tooltip='Compartir en Whatsapp' rel=\"noopener\"><span class='avia_hidden_link_text'>Compartir en Whatsapp<\/span><\/a><\/li><li class='av-share-link av-social-link-linkedin' ><a target=\"_blank\" aria-label=\"Compartir en LinkedIn\" href='https:\/\/linkedin.com\/shareArticle?mini=true&#038;title=Los%20Maquis%20Libre%20acusa%20a%20senador%20Sandoval%20de%20recurrir%20a%20campa%C3%B1a%20del%20terror%20y%20lobby%20parlamentario-empresarial&#038;url=https:\/\/radiorevelacionfm.cl\/?p=30365' aria-hidden='false' data-av_icon='\ue8fc' data-av_iconfont='entypo-fontello' title='' data-avia-related-tooltip='Compartir en LinkedIn' rel=\"noopener\"><span class='avia_hidden_link_text'>Compartir en LinkedIn<\/span><\/a><\/li><li class='av-share-link av-social-link-mail' ><a  aria-label=\"Compartir por correo\" href='mailto:?subject=Los%20Maquis%20Libre%20acusa%20a%20senador%20Sandoval%20de%20recurrir%20a%20campa%C3%B1a%20del%20terror%20y%20lobby%20parlamentario-empresarial&#038;body=https:\/\/radiorevelacionfm.cl\/?p=30365' aria-hidden='false' data-av_icon='\ue805' data-av_iconfont='entypo-fontello' title='' data-avia-related-tooltip='Compartir por correo'><span class='avia_hidden_link_text'>Compartir por correo<\/span><\/a><\/li><\/ul><\/div><\/div>\n<div  style='height:50px' class='hr hr-invisible   avia-builder-el-8  el_after_av_social_share  el_before_av_comments_list '><span class='hr-inner ' ><span class='hr-inner-style'><\/span><\/span><\/div>\n<div  class='av-buildercomment  av-blog-meta-html-info-disabled av-blog-meta-tag-disabled  '><\/div>\n","protected":false},"excerpt":{"rendered":"","protected":false},"author":1,"featured_media":9516,"comment_status":"open","ping_status":"open","sticky":false,"template":"","format":"standard","meta":{"footnotes":""},"categories":[38],"tags":[],"class_list":["post-30365","post","type-post","status-publish","format-standard","has-post-thumbnail","hentry","category-regional"],"jetpack_featured_media_url":"https:\/\/radiorevelacionfm.cl\/wp-content\/uploads\/2021\/10\/central-los-maquis-0-1_optimized.jpg","_links":{"self":[{"href":"https:\/\/radiorevelacionfm.cl\/index.php?rest_route=\/wp\/v2\/posts\/30365","targetHints":{"allow":["GET"]}}],"collection":[{"href":"https:\/\/radiorevelacionfm.cl\/index.php?rest_route=\/wp\/v2\/posts"}],"about":[{"href":"https:\/\/radiorevelacionfm.cl\/index.php?rest_route=\/wp\/v2\/types\/post"}],"author":[{"embeddable":true,"href":"https:\/\/radiorevelacionfm.cl\/index.php?rest_route=\/wp\/v2\/users\/1"}],"replies":[{"embeddable":true,"href":"https:\/\/radiorevelacionfm.cl\/index.php?rest_route=%2Fwp%2Fv2%2Fcomments&post=30365"}],"version-history":[{"count":1,"href":"https:\/\/radiorevelacionfm.cl\/index.php?rest_route=\/wp\/v2\/posts\/30365\/revisions"}],"predecessor-version":[{"id":30366,"href":"https:\/\/radiorevelacionfm.cl\/index.php?rest_route=\/wp\/v2\/posts\/30365\/revisions\/30366"}],"wp:featuredmedia":[{"embeddable":true,"href":"https:\/\/radiorevelacionfm.cl\/index.php?rest_route=\/wp\/v2\/media\/9516"}],"wp:attachment":[{"href":"https:\/\/radiorevelacionfm.cl\/index.php?rest_route=%2Fwp%2Fv2%2Fmedia&parent=30365"}],"wp:term":[{"taxonomy":"category","embeddable":true,"href":"https:\/\/radiorevelacionfm.cl\/index.php?rest_route=%2Fwp%2Fv2%2Fcategories&post=30365"},{"taxonomy":"post_tag","embeddable":true,"href":"https:\/\/radiorevelacionfm.cl\/index.php?rest_route=%2Fwp%2Fv2%2Ftags&post=30365"}],"curies":[{"name":"wp","href":"https:\/\/api.w.org\/{rel}","templated":true}]}}