{"id":30363,"date":"2023-04-24T13:22:03","date_gmt":"2023-04-24T16:22:03","guid":{"rendered":"https:\/\/radiorevelacionfm.cl\/?p=30363"},"modified":"2023-04-24T13:22:03","modified_gmt":"2023-04-24T16:22:03","slug":"senador-sandoval-el-agro-en-la-region-esta-en-una-situacion-compleja","status":"publish","type":"post","link":"https:\/\/radiorevelacionfm.cl\/?p=30363","title":{"rendered":"Senador Sandoval: \u201cEl agro en la regi\u00f3n est\u00e1 en una situaci\u00f3n compleja\u201d"},"content":{"rendered":"<div class=\"flex_column av_one_full  flex_column_div av-zero-column-padding first  avia-builder-el-0  el_before_av_one_full  avia-builder-el-first  \" style='border-radius:0px; '><div  class='avia-image-container  av-styling-    avia-builder-el-1  avia-builder-el-no-sibling  avia-align-center '  itemprop=\"image\" itemscope=\"itemscope\" itemtype=\"https:\/\/schema.org\/ImageObject\"  ><div class='avia-image-container-inner'><div class='avia-image-overlay-wrap'><img decoding=\"async\" class='wp-image-21512 avia-img-lazy-loading-not-21512 avia_image' src=\"https:\/\/radiorevelacionfm.cl\/wp-content\/uploads\/2022\/09\/senador-sandoval-12-1-1.jpg\" alt='' title='senador sandoval (12) (1) (1)' height=\"600\" width=\"940\"  itemprop=\"thumbnailUrl\" srcset=\"https:\/\/radiorevelacionfm.cl\/wp-content\/uploads\/2022\/09\/senador-sandoval-12-1-1.jpg 940w, https:\/\/radiorevelacionfm.cl\/wp-content\/uploads\/2022\/09\/senador-sandoval-12-1-1-300x191.jpg 300w, https:\/\/radiorevelacionfm.cl\/wp-content\/uploads\/2022\/09\/senador-sandoval-12-1-1-768x490.jpg 768w, https:\/\/radiorevelacionfm.cl\/wp-content\/uploads\/2022\/09\/senador-sandoval-12-1-1-705x450.jpg 705w, https:\/\/radiorevelacionfm.cl\/wp-content\/uploads\/2022\/09\/senador-sandoval-12-1-1-600x383.jpg 600w\" sizes=\"(max-width: 940px) 100vw, 940px\" \/><\/div><\/div><\/div><\/div><div class=\"flex_column av_one_full  flex_column_div av-zero-column-padding first  avia-builder-el-2  el_after_av_one_full  el_before_av_one_full  column-top-margin\" style='border-radius:0px; '><section class=\"av_textblock_section \"  itemscope=\"itemscope\" itemtype=\"https:\/\/schema.org\/BlogPosting\" itemprop=\"blogPost\" ><div class='avia_textblock  '   itemprop=\"text\" ><p style=\"text-align: center;\"><strong><span style=\"font-size: 18pt;\">Senador Sandoval: \u201cEl agro en la regi\u00f3n est\u00e1 en una situaci\u00f3n compleja\u201d<\/span><\/strong><\/p>\n<div id=\"gtx-trans\" style=\"position: absolute; left: -50px; top: 4.31534px;\">\n<div class=\"gtx-trans-icon\"><\/div>\n<\/div>\n<\/div><\/section><\/div><div class=\"flex_column av_one_full  flex_column_div av-zero-column-padding first  avia-builder-el-4  el_after_av_one_full  el_before_av_hr  column-top-margin\" style='border-radius:0px; '><section class=\"av_textblock_section \"  itemscope=\"itemscope\" itemtype=\"https:\/\/schema.org\/BlogPosting\" itemprop=\"blogPost\" ><div class='avia_textblock  '   itemprop=\"text\" ><p style=\"text-align: justify;\">El Parlamentario se reuni\u00f3 con representantes de Ogana, para analizar realidad del sector, esperando adem\u00e1s el m\u00e1ximo de participaci\u00f3n de organizaciones y dirigentes por visita de ministro de Agricultura, Esteban Valenzuela, a fines de esta semana.<\/p>\n<p style=\"text-align: justify;\">\u201cEl agro en la regi\u00f3n est\u00e1 en una situaci\u00f3n compleja\u201d. De esta manera, el senador David Sandoval insisti\u00f3 en su preocupaci\u00f3n por la realidad que vive este \u00e1mbito a nivel regional.<\/p>\n<p style=\"text-align: justify;\">Sandoval record\u00f3 que el mundo ganadero en Ays\u00e9n ha venido sufriendo un retroceso significativo, siendo lo m\u00e1s cr\u00edtico el sector lanar, donde se han perdido cerca de 600 mil cabezas de ganado lanar, en los \u00faltimos 40 a\u00f1os. \u201cO sea, es una situaci\u00f3n dram\u00e1tica de una fuerte ca\u00edda\u201d, precis\u00f3.<\/p>\n<p style=\"text-align: justify;\">Y este tema, indic\u00f3, tambi\u00e9n se vincula a otras materias, pues la actividad genera todo un contexto cultural asociado a \u00e9sta, por lo que existe natural inquietud por lo que est\u00e1 pasando. \u201cPor eso hay que buscar una salida, m\u00e1s cuando los productores laneros llevan tres a\u00f1os sin vender su lana, sin el dise\u00f1o de una estrategia pol\u00edtica para enfrentar esta problem\u00e1tica\u201d, subray\u00f3.<\/p>\n<p style=\"text-align: justify;\">En ese sentido, el parlamentario coincidi\u00f3 con lo planteado por representantes de OGANA, con quienes se reuni\u00f3 en los \u00faltimos d\u00edas y cuyo presidente Pablo Matta, hizo hincapi\u00e9 en la necesidad de medidas pro-fomento para el rubro en la zona, lo que forma parte de los planteamientos de la mesa ganadera, conformada por 16 asociaciones gremiales a nivel regional.<\/p>\n<p style=\"text-align: justify;\">El legislador tambi\u00e9n espera se avance en propuestas en el marco de la visita del ministro de agricultura, Esteban Valenzuela, este jueves y viernes a Coyhaique, recordando que en el marco de la discusi\u00f3n del Presupuesto 2023, se estableci\u00f3 en un protocolo complementario, que el Minagri deb\u00eda establecer una mesa t\u00e9cnica en la zona para armar y dise\u00f1ar qu\u00e9 hacer con el rubro. \u201cHay problemas con los sistemas de riego en la regi\u00f3n en distintas localidades; tenemos un mundo forestal haciendo muchos esfuerzos para desarrollar la actividad. Y la visita del ministro est\u00e1 comprometida, porque est\u00e1 contemplado dentro del protocolo complementario del Presupuesto 2023\u201d, indic\u00f3.<\/p>\n<p style=\"text-align: justify;\">Ojal\u00e1 tengan espacio el m\u00e1ximo espacio las organizaciones gremiales, los dirigentes para dialogar con las autoridades en la visita de fines de esta semana, agreg\u00f3.<\/p>\n<p style=\"text-align: justify;\">Con todo, el senador Sandoval recalc\u00f3 que, si bien la agricultura est\u00e1 en una situaci\u00f3n compleja, tambi\u00e9n reconoci\u00f3 la relevancia que tiene para Ays\u00e9n, en sus distintos \u00e1mbitos. \u201cTiene un enorme significado en materia de desarrollo, cultura, en lo que somos como regi\u00f3n y por eso todos los esfuerzos que se hagan para tratar de mejorar y ampliar posibilidades, hay que hacerlo con el mayor compromiso posible. A\u00f1os atr\u00e1s, el agro era la principal actividad econ\u00f3mica en la regi\u00f3n, pero hoy est\u00e1 sistem\u00e1ticamente reducida a una menor significaci\u00f3n\u201d, resalt\u00f3.<\/p>\n<p style=\"text-align: justify;\">\u201cLos agricultores de Chile Chico, de la cuenca del Lago General Carrera no pueden seguir de la manera en que est\u00e1n; los productores laneros no pueden seguir sin un horizonte claro; bueno, qu\u00e9 vamos a hacer con toda esta actividad\u201d, concluy\u00f3.<\/p>\n<\/div><\/section><\/div><div  style='height:50px' class='hr hr-invisible   avia-builder-el-6  el_after_av_one_full  el_before_av_social_share '><span class='hr-inner ' ><span class='hr-inner-style'><\/span><\/span><\/div><\/p>\n<div  class='av-social-sharing-box  avia-builder-el-7  el_after_av_hr  el_before_av_hr  '><div class='av-share-box'><h5 class='av-share-link-description av-no-toc '>Compartir esta noticia<\/h5><ul class='av-share-box-list noLightbox'><li class='av-share-link av-social-link-facebook' ><a target=\"_blank\" aria-label=\"Compartir en Facebook\" href='https:\/\/www.facebook.com\/sharer.php?u=https:\/\/radiorevelacionfm.cl\/?p=30363&#038;t=Senador%20Sandoval%3A%20%E2%80%9CEl%20agro%20en%20la%20regi%C3%B3n%20est%C3%A1%20en%20una%20situaci%C3%B3n%20compleja%E2%80%9D' aria-hidden='false' data-av_icon='\ue8f3' data-av_iconfont='entypo-fontello' title='' data-avia-related-tooltip='Compartir en Facebook' rel=\"noopener\"><span class='avia_hidden_link_text'>Compartir en Facebook<\/span><\/a><\/li><li class='av-share-link av-social-link-twitter' ><a target=\"_blank\" aria-label=\"Compartir en Twitter\" href='https:\/\/twitter.com\/share?text=Senador%20Sandoval%3A%20%E2%80%9CEl%20agro%20en%20la%20regi%C3%B3n%20est%C3%A1%20en%20una%20situaci%C3%B3n%20compleja%E2%80%9D&#038;url=https:\/\/radiorevelacionfm.cl\/?p=30363' aria-hidden='false' data-av_icon='\ue8f1' data-av_iconfont='entypo-fontello' title='' data-avia-related-tooltip='Compartir en Twitter' rel=\"noopener\"><span class='avia_hidden_link_text'>Compartir en Twitter<\/span><\/a><\/li><li class='av-share-link av-social-link-whatsapp' ><a target=\"_blank\" aria-label=\"Compartir en Whatsapp\" href='https:\/\/api.whatsapp.com\/send?text=https:\/\/radiorevelacionfm.cl\/?p=30363' aria-hidden='false' data-av_icon='\uf232' data-av_iconfont='entypo-fontello' title='' data-avia-related-tooltip='Compartir en Whatsapp' rel=\"noopener\"><span class='avia_hidden_link_text'>Compartir en Whatsapp<\/span><\/a><\/li><li class='av-share-link av-social-link-linkedin' ><a target=\"_blank\" aria-label=\"Compartir en LinkedIn\" href='https:\/\/linkedin.com\/shareArticle?mini=true&#038;title=Senador%20Sandoval%3A%20%E2%80%9CEl%20agro%20en%20la%20regi%C3%B3n%20est%C3%A1%20en%20una%20situaci%C3%B3n%20compleja%E2%80%9D&#038;url=https:\/\/radiorevelacionfm.cl\/?p=30363' aria-hidden='false' data-av_icon='\ue8fc' data-av_iconfont='entypo-fontello' title='' data-avia-related-tooltip='Compartir en LinkedIn' rel=\"noopener\"><span class='avia_hidden_link_text'>Compartir en LinkedIn<\/span><\/a><\/li><li class='av-share-link av-social-link-mail' ><a  aria-label=\"Compartir por correo\" href='mailto:?subject=Senador%20Sandoval%3A%20%E2%80%9CEl%20agro%20en%20la%20regi%C3%B3n%20est%C3%A1%20en%20una%20situaci%C3%B3n%20compleja%E2%80%9D&#038;body=https:\/\/radiorevelacionfm.cl\/?p=30363' aria-hidden='false' data-av_icon='\ue805' data-av_iconfont='entypo-fontello' title='' data-avia-related-tooltip='Compartir por correo'><span class='avia_hidden_link_text'>Compartir por correo<\/span><\/a><\/li><\/ul><\/div><\/div>\n<div  style='height:50px' class='hr hr-invisible   avia-builder-el-8  el_after_av_social_share  el_before_av_comments_list '><span class='hr-inner ' ><span class='hr-inner-style'><\/span><\/span><\/div>\n<div  class='av-buildercomment  av-blog-meta-html-info-disabled av-blog-meta-tag-disabled  '><\/div>\n","protected":false},"excerpt":{"rendered":"","protected":false},"author":1,"featured_media":21512,"comment_status":"open","ping_status":"open","sticky":false,"template":"","format":"standard","meta":{"footnotes":""},"categories":[35],"tags":[],"class_list":["post-30363","post","type-post","status-publish","format-standard","has-post-thumbnail","hentry","category-politica"],"jetpack_featured_media_url":"https:\/\/radiorevelacionfm.cl\/wp-content\/uploads\/2022\/09\/senador-sandoval-12-1-1.jpg","_links":{"self":[{"href":"https:\/\/radiorevelacionfm.cl\/index.php?rest_route=\/wp\/v2\/posts\/30363","targetHints":{"allow":["GET"]}}],"collection":[{"href":"https:\/\/radiorevelacionfm.cl\/index.php?rest_route=\/wp\/v2\/posts"}],"about":[{"href":"https:\/\/radiorevelacionfm.cl\/index.php?rest_route=\/wp\/v2\/types\/post"}],"author":[{"embeddable":true,"href":"https:\/\/radiorevelacionfm.cl\/index.php?rest_route=\/wp\/v2\/users\/1"}],"replies":[{"embeddable":true,"href":"https:\/\/radiorevelacionfm.cl\/index.php?rest_route=%2Fwp%2Fv2%2Fcomments&post=30363"}],"version-history":[{"count":1,"href":"https:\/\/radiorevelacionfm.cl\/index.php?rest_route=\/wp\/v2\/posts\/30363\/revisions"}],"predecessor-version":[{"id":30364,"href":"https:\/\/radiorevelacionfm.cl\/index.php?rest_route=\/wp\/v2\/posts\/30363\/revisions\/30364"}],"wp:featuredmedia":[{"embeddable":true,"href":"https:\/\/radiorevelacionfm.cl\/index.php?rest_route=\/wp\/v2\/media\/21512"}],"wp:attachment":[{"href":"https:\/\/radiorevelacionfm.cl\/index.php?rest_route=%2Fwp%2Fv2%2Fmedia&parent=30363"}],"wp:term":[{"taxonomy":"category","embeddable":true,"href":"https:\/\/radiorevelacionfm.cl\/index.php?rest_route=%2Fwp%2Fv2%2Fcategories&post=30363"},{"taxonomy":"post_tag","embeddable":true,"href":"https:\/\/radiorevelacionfm.cl\/index.php?rest_route=%2Fwp%2Fv2%2Ftags&post=30363"}],"curies":[{"name":"wp","href":"https:\/\/api.w.org\/{rel}","templated":true}]}}