{"id":30360,"date":"2023-04-23T21:07:05","date_gmt":"2023-04-24T00:07:05","guid":{"rendered":"https:\/\/radiorevelacionfm.cl\/?p=30360"},"modified":"2023-04-23T21:07:05","modified_gmt":"2023-04-24T00:07:05","slug":"en-melinka-se-realizo-la-primera-version-de-corrida-familiar-por-el-96-aniversario-de-carabineros","status":"publish","type":"post","link":"https:\/\/radiorevelacionfm.cl\/?p=30360","title":{"rendered":"En Melinka se realiz\u00f3 la primera versi\u00f3n de corrida familiar por el 96\u00b0 aniversario de Carabineros"},"content":{"rendered":"<div class=\"flex_column av_one_full  flex_column_div av-zero-column-padding first  avia-builder-el-0  el_before_av_one_full  avia-builder-el-first  \" style='border-radius:0px; '><div  class='avia-image-container  av-styling-    avia-builder-el-1  avia-builder-el-no-sibling  avia-align-center '  itemprop=\"image\" itemscope=\"itemscope\" itemtype=\"https:\/\/schema.org\/ImageObject\"  ><div class='avia-image-container-inner'><div class='avia-image-overlay-wrap'><img decoding=\"async\" class='wp-image-30361 avia-img-lazy-loading-not-30361 avia_image' src=\"https:\/\/radiorevelacionfm.cl\/wp-content\/uploads\/2023\/04\/e4b7ee88-b052-4318-aab4-452c67c6e163-1_optimized.jpg\" alt='' title='e4b7ee88-b052-4318-aab4-452c67c6e163-(1)_optimized' height=\"600\" width=\"800\"  itemprop=\"thumbnailUrl\" srcset=\"https:\/\/radiorevelacionfm.cl\/wp-content\/uploads\/2023\/04\/e4b7ee88-b052-4318-aab4-452c67c6e163-1_optimized.jpg 800w, https:\/\/radiorevelacionfm.cl\/wp-content\/uploads\/2023\/04\/e4b7ee88-b052-4318-aab4-452c67c6e163-1_optimized-300x225.jpg 300w, https:\/\/radiorevelacionfm.cl\/wp-content\/uploads\/2023\/04\/e4b7ee88-b052-4318-aab4-452c67c6e163-1_optimized-768x576.jpg 768w, https:\/\/radiorevelacionfm.cl\/wp-content\/uploads\/2023\/04\/e4b7ee88-b052-4318-aab4-452c67c6e163-1_optimized-705x529.jpg 705w, https:\/\/radiorevelacionfm.cl\/wp-content\/uploads\/2023\/04\/e4b7ee88-b052-4318-aab4-452c67c6e163-1_optimized-450x338.jpg 450w, https:\/\/radiorevelacionfm.cl\/wp-content\/uploads\/2023\/04\/e4b7ee88-b052-4318-aab4-452c67c6e163-1_optimized-600x450.jpg 600w\" sizes=\"(max-width: 800px) 100vw, 800px\" \/><\/div><\/div><\/div><\/div><div class=\"flex_column av_one_full  flex_column_div av-zero-column-padding first  avia-builder-el-2  el_after_av_one_full  el_before_av_one_full  column-top-margin\" style='border-radius:0px; '><section class=\"av_textblock_section \"  itemscope=\"itemscope\" itemtype=\"https:\/\/schema.org\/BlogPosting\" itemprop=\"blogPost\" ><div class='avia_textblock  '   itemprop=\"text\" ><p style=\"text-align: center;\"><strong><span style=\"font-size: 18pt;\">En Melinka se realiz\u00f3 la primera versi\u00f3n de corrida familiar por el 96\u00b0 aniversario de Carabineros<\/span><\/strong><\/p>\n<div id=\"gtx-trans\" style=\"position: absolute; left: -50px; top: 4.31534px;\">\n<div class=\"gtx-trans-icon\"><\/div>\n<\/div>\n<\/div><\/section><\/div><div class=\"flex_column av_one_full  flex_column_div av-zero-column-padding first  avia-builder-el-4  el_after_av_one_full  el_before_av_hr  column-top-margin\" style='border-radius:0px; '><section class=\"av_textblock_section \"  itemscope=\"itemscope\" itemtype=\"https:\/\/schema.org\/BlogPosting\" itemprop=\"blogPost\" ><div class='avia_textblock  '   itemprop=\"text\" ><p class=\"v1MsoNormal\" style=\"text-align: justify;\"><span lang=\"ES\">La actividad reuni\u00f3 a la comunidad residente, estudiantes y entidades p\u00fablicas en torno al deporte y la sana competencia.<\/span><\/p>\n<p class=\"v1MsoNormal\" style=\"text-align: justify;\"><span lang=\"ES\">En el contexto de nonag\u00e9simo sexto aniversario de Carabineros de Chile, personal del Ret\u00e9n Melinka de manera conjunta con la Ilustre Municipalidad de la Comuna de las Guaitecas, organizaron la primera versi\u00f3n de la \u00abCorrida Familiar Carabineros de chile\u00bb, reuniendo a estudiantes, vecinos y la comunidad en general.<\/span><\/p>\n<p class=\"v1MsoNormal\" style=\"text-align: justify;\"><span lang=\"ES\">La cita deportiva realizada el d\u00eda s\u00e1bado, se desarroll\u00f3 a trav\u00e9s de las calles de esta isle\u00f1a localidad, con la participaci\u00f3n de estudiantes del liceo de Melinka, instituciones y entidades p\u00fablicas de la comuna, logrando una alta convocatoria por parte de los residentes de la isla.<\/span><\/p>\n<p class=\"v1MsoNormal\" style=\"text-align: justify;\"><span lang=\"ES\">El Alcalde (S) de la Comuna de las Guaitecas, Rub\u00e9n Martin Martin, se\u00f1al\u00f3 que estas actividades en conjunto, van en directo beneficio de la comunidad, as\u00ed tambi\u00e9n la uni\u00f3n y cercan\u00eda entre los ciudadanos con los entes p\u00fablicos, aprovechando adem\u00e1s de reconocer a los participantes de Carabineros en dicha Corrida, como son el Suboficial Jos\u00e9 N\u00fa\u00f1ez Guala y el Sargento 1ro. Oscar Astudillo Vel\u00e1squez.<\/span><\/p>\n<p style=\"text-align: justify;\"><span lang=\"ES\">A trav\u00e9s de dicha cita con el deporte, la organizaci\u00f3n busc\u00f3 igualmente promover la actividad f\u00edsica, la vida sana sumado a la promoci\u00f3n de valores como el compa\u00f1erismo, trabajo en equipo y la sana entretenci\u00f3n en los confines de la Patagonia chilena.<\/span><\/p>\n<\/div><\/section><\/div><div  style='height:50px' class='hr hr-invisible   avia-builder-el-6  el_after_av_one_full  el_before_av_social_share '><span class='hr-inner ' ><span class='hr-inner-style'><\/span><\/span><\/div><\/p>\n<div  class='av-social-sharing-box  avia-builder-el-7  el_after_av_hr  el_before_av_hr  '><div class='av-share-box'><h5 class='av-share-link-description av-no-toc '>Compartir esta noticia<\/h5><ul class='av-share-box-list noLightbox'><li class='av-share-link av-social-link-facebook' ><a target=\"_blank\" aria-label=\"Compartir en Facebook\" href='https:\/\/www.facebook.com\/sharer.php?u=https:\/\/radiorevelacionfm.cl\/?p=30360&#038;t=En%20Melinka%20se%20realiz%C3%B3%20la%20primera%20versi%C3%B3n%20de%20corrida%20familiar%20por%20el%2096%C2%B0%20aniversario%20de%20Carabineros' aria-hidden='false' data-av_icon='\ue8f3' data-av_iconfont='entypo-fontello' title='' data-avia-related-tooltip='Compartir en Facebook' rel=\"noopener\"><span class='avia_hidden_link_text'>Compartir en Facebook<\/span><\/a><\/li><li class='av-share-link av-social-link-twitter' ><a target=\"_blank\" aria-label=\"Compartir en Twitter\" href='https:\/\/twitter.com\/share?text=En%20Melinka%20se%20realiz%C3%B3%20la%20primera%20versi%C3%B3n%20de%20corrida%20familiar%20por%20el%2096%C2%B0%20aniversario%20de%20Carabineros&#038;url=https:\/\/radiorevelacionfm.cl\/?p=30360' aria-hidden='false' data-av_icon='\ue8f1' data-av_iconfont='entypo-fontello' title='' data-avia-related-tooltip='Compartir en Twitter' rel=\"noopener\"><span class='avia_hidden_link_text'>Compartir en Twitter<\/span><\/a><\/li><li class='av-share-link av-social-link-whatsapp' ><a target=\"_blank\" aria-label=\"Compartir en Whatsapp\" href='https:\/\/api.whatsapp.com\/send?text=https:\/\/radiorevelacionfm.cl\/?p=30360' aria-hidden='false' data-av_icon='\uf232' data-av_iconfont='entypo-fontello' title='' data-avia-related-tooltip='Compartir en Whatsapp' rel=\"noopener\"><span class='avia_hidden_link_text'>Compartir en Whatsapp<\/span><\/a><\/li><li class='av-share-link av-social-link-linkedin' ><a target=\"_blank\" aria-label=\"Compartir en LinkedIn\" href='https:\/\/linkedin.com\/shareArticle?mini=true&#038;title=En%20Melinka%20se%20realiz%C3%B3%20la%20primera%20versi%C3%B3n%20de%20corrida%20familiar%20por%20el%2096%C2%B0%20aniversario%20de%20Carabineros&#038;url=https:\/\/radiorevelacionfm.cl\/?p=30360' aria-hidden='false' data-av_icon='\ue8fc' data-av_iconfont='entypo-fontello' title='' data-avia-related-tooltip='Compartir en LinkedIn' rel=\"noopener\"><span class='avia_hidden_link_text'>Compartir en LinkedIn<\/span><\/a><\/li><li class='av-share-link av-social-link-mail' ><a  aria-label=\"Compartir por correo\" href='mailto:?subject=En%20Melinka%20se%20realiz%C3%B3%20la%20primera%20versi%C3%B3n%20de%20corrida%20familiar%20por%20el%2096%C2%B0%20aniversario%20de%20Carabineros&#038;body=https:\/\/radiorevelacionfm.cl\/?p=30360' aria-hidden='false' data-av_icon='\ue805' data-av_iconfont='entypo-fontello' title='' data-avia-related-tooltip='Compartir por correo'><span class='avia_hidden_link_text'>Compartir por correo<\/span><\/a><\/li><\/ul><\/div><\/div>\n<div  style='height:50px' class='hr hr-invisible   avia-builder-el-8  el_after_av_social_share  el_before_av_comments_list '><span class='hr-inner ' ><span class='hr-inner-style'><\/span><\/span><\/div>\n<div  class='av-buildercomment  av-blog-meta-html-info-disabled av-blog-meta-tag-disabled  '><\/div>\n","protected":false},"excerpt":{"rendered":"","protected":false},"author":1,"featured_media":30361,"comment_status":"open","ping_status":"open","sticky":false,"template":"","format":"standard","meta":{"footnotes":""},"categories":[38],"tags":[],"class_list":["post-30360","post","type-post","status-publish","format-standard","has-post-thumbnail","hentry","category-regional"],"jetpack_featured_media_url":"https:\/\/radiorevelacionfm.cl\/wp-content\/uploads\/2023\/04\/e4b7ee88-b052-4318-aab4-452c67c6e163-1_optimized.jpg","_links":{"self":[{"href":"https:\/\/radiorevelacionfm.cl\/index.php?rest_route=\/wp\/v2\/posts\/30360","targetHints":{"allow":["GET"]}}],"collection":[{"href":"https:\/\/radiorevelacionfm.cl\/index.php?rest_route=\/wp\/v2\/posts"}],"about":[{"href":"https:\/\/radiorevelacionfm.cl\/index.php?rest_route=\/wp\/v2\/types\/post"}],"author":[{"embeddable":true,"href":"https:\/\/radiorevelacionfm.cl\/index.php?rest_route=\/wp\/v2\/users\/1"}],"replies":[{"embeddable":true,"href":"https:\/\/radiorevelacionfm.cl\/index.php?rest_route=%2Fwp%2Fv2%2Fcomments&post=30360"}],"version-history":[{"count":1,"href":"https:\/\/radiorevelacionfm.cl\/index.php?rest_route=\/wp\/v2\/posts\/30360\/revisions"}],"predecessor-version":[{"id":30362,"href":"https:\/\/radiorevelacionfm.cl\/index.php?rest_route=\/wp\/v2\/posts\/30360\/revisions\/30362"}],"wp:featuredmedia":[{"embeddable":true,"href":"https:\/\/radiorevelacionfm.cl\/index.php?rest_route=\/wp\/v2\/media\/30361"}],"wp:attachment":[{"href":"https:\/\/radiorevelacionfm.cl\/index.php?rest_route=%2Fwp%2Fv2%2Fmedia&parent=30360"}],"wp:term":[{"taxonomy":"category","embeddable":true,"href":"https:\/\/radiorevelacionfm.cl\/index.php?rest_route=%2Fwp%2Fv2%2Fcategories&post=30360"},{"taxonomy":"post_tag","embeddable":true,"href":"https:\/\/radiorevelacionfm.cl\/index.php?rest_route=%2Fwp%2Fv2%2Ftags&post=30360"}],"curies":[{"name":"wp","href":"https:\/\/api.w.org\/{rel}","templated":true}]}}