{"id":30357,"date":"2023-04-24T11:44:46","date_gmt":"2023-04-24T14:44:46","guid":{"rendered":"https:\/\/radiorevelacionfm.cl\/?p=30357"},"modified":"2023-04-24T11:44:46","modified_gmt":"2023-04-24T14:44:46","slug":"una-nueva-version-de-movilizados-se-realizo-en-feria-las-quintas-de-coyhaique","status":"publish","type":"post","link":"https:\/\/radiorevelacionfm.cl\/?p=30357","title":{"rendered":"Una nueva versi\u00f3n de MovilizaDOS se realiz\u00f3 en Feria Las Quintas de Coyhaique"},"content":{"rendered":"<div class=\"flex_column av_one_full  flex_column_div av-zero-column-padding first  avia-builder-el-0  el_before_av_one_full  avia-builder-el-first  \" style='border-radius:0px; '><div  class='avia-image-container  av-styling-    avia-builder-el-1  avia-builder-el-no-sibling  avia-align-center '  itemprop=\"image\" itemscope=\"itemscope\" itemtype=\"https:\/\/schema.org\/ImageObject\"  ><div class='avia-image-container-inner'><div class='avia-image-overlay-wrap'><img decoding=\"async\" class='wp-image-30358 avia-img-lazy-loading-not-30358 avia_image' src=\"https:\/\/radiorevelacionfm.cl\/wp-content\/uploads\/2023\/04\/movilizados4-1_optimized.jpg\" alt='' title='movilizados4-(1)_optimized' height=\"600\" width=\"800\"  itemprop=\"thumbnailUrl\" srcset=\"https:\/\/radiorevelacionfm.cl\/wp-content\/uploads\/2023\/04\/movilizados4-1_optimized.jpg 800w, https:\/\/radiorevelacionfm.cl\/wp-content\/uploads\/2023\/04\/movilizados4-1_optimized-300x225.jpg 300w, https:\/\/radiorevelacionfm.cl\/wp-content\/uploads\/2023\/04\/movilizados4-1_optimized-768x576.jpg 768w, https:\/\/radiorevelacionfm.cl\/wp-content\/uploads\/2023\/04\/movilizados4-1_optimized-705x529.jpg 705w, https:\/\/radiorevelacionfm.cl\/wp-content\/uploads\/2023\/04\/movilizados4-1_optimized-450x338.jpg 450w, https:\/\/radiorevelacionfm.cl\/wp-content\/uploads\/2023\/04\/movilizados4-1_optimized-600x450.jpg 600w\" sizes=\"(max-width: 800px) 100vw, 800px\" \/><\/div><\/div><\/div><\/div><div class=\"flex_column av_one_full  flex_column_div av-zero-column-padding first  avia-builder-el-2  el_after_av_one_full  el_before_av_one_full  column-top-margin\" style='border-radius:0px; '><section class=\"av_textblock_section \"  itemscope=\"itemscope\" itemtype=\"https:\/\/schema.org\/BlogPosting\" itemprop=\"blogPost\" ><div class='avia_textblock  '   itemprop=\"text\" ><p style=\"text-align: center;\"><strong><span style=\"font-size: 18pt;\">Una nueva versi\u00f3n de MovilizaDOS se realiz\u00f3 en Feria Las Quintas de Coyhaique<\/span><\/strong><\/p>\n<div id=\"gtx-trans\" style=\"position: absolute; left: -50px; top: 4.31534px;\">\n<div class=\"gtx-trans-icon\"><\/div>\n<\/div>\n<\/div><\/section><\/div><div class=\"flex_column av_one_full  flex_column_div av-zero-column-padding first  avia-builder-el-4  el_after_av_one_full  el_before_av_hr  column-top-margin\" style='border-radius:0px; '><section class=\"av_textblock_section \"  itemscope=\"itemscope\" itemtype=\"https:\/\/schema.org\/BlogPosting\" itemprop=\"blogPost\" ><div class='avia_textblock  '   itemprop=\"text\" ><p style=\"text-align: justify;\">El s\u00e1bado 22 de abril, en la Feria Las Quintas de Coyhaique, se realiz\u00f3 un nuevo MovilizaDOS, actividad que fue coordinada por la Seremi de Gobierno Regi\u00f3n de Ays\u00e9n en la que diversos servicios p\u00fablicos instalaron stands, entregando informaci\u00f3n sobre la oferta estatal en planes y programas asociados al emprendimiento, previsi\u00f3n y sector salud, adem\u00e1s de un recorrido que realizaron funcionarios de la Oficina de Fiscalizaci\u00f3n de la I. Municipalidad de Coyhaique junto a dirigentes de la Feria y Carabineros, quienes realizaron entrega de informaci\u00f3n y educaci\u00f3n sobre la Ordenanza Municipal de Ferias Libres.<\/p>\n<p style=\"text-align: justify;\">Tatiana Pl\u00e1 \u00c1lvarez, vocera de Gobierno, se\u00f1al\u00f3: \u201cComo SEREMI de Gobierno de la regi\u00f3n de Ays\u00e9n estuvimos realizando esta actividad de difusi\u00f3n en la l\u00ednea que tiene la Divisi\u00f3n de Organizaciones Sociales (DOS), que se llama MovilizaDOS. Nosotros lo que hacemos es llevar distintos servicios p\u00fablicos que puedan dar atenci\u00f3n a la ciudadan\u00eda. En esta ocasi\u00f3n, estuvimos en la Feria Las Quintas, entregando informaci\u00f3n de servicios p\u00fablicos de inter\u00e9s para la ciudadan\u00eda como beneficios sociales, Pensi\u00f3n Garantizada Universal, postulaci\u00f3n a diversos fondos de emprendimiento como Capital Semilla e informaci\u00f3n del sector salud\u201d.<\/p>\n<p style=\"text-align: justify;\">La Seremi de Gobierno indic\u00f3 que tras reunirse con los dirigentes de la hist\u00f3rica Feria Las Quintas, la Divisi\u00f3n de Organizaciones Sociales (D.O.S) coordin\u00f3 una entrega de informaci\u00f3n a los vecinos y vecinas de la comuna, acercando los distintos estamentos p\u00fablicos de inter\u00e9s, adem\u00e1s de solicitar la visita de Fiscalizaci\u00f3n Municipal y Transito para dialogar sobre las distintas problem\u00e1ticas.<\/p>\n<p style=\"text-align: justify;\">En la oportunidad, se realiz\u00f3 un recorrido junto a los dirigentes y funcionarios de la Oficina de Fiscalizaci\u00f3n de la I. Municipalidad de Coyhaique y junto con Carabineros para la\u00a0 entrega de informaci\u00f3n y educaci\u00f3n sobre la Ordenanza Municipal de Ferias Libres. Tambi\u00e9n estuvieron funcionarios municipales de la Direcci\u00f3n de Tr\u00e1nsito, para toma de conocimiento de problem\u00e1ticas sobre demarcaci\u00f3n y se\u00f1al\u00e9tica.<\/p>\n<p style=\"text-align: justify;\">El \u00a0Fondo de Solidaridad e Inversi\u00f3n Social (FOSIS) estuvo dando a conocer a la ciudadan\u00eda las fechas de postulaci\u00f3n a fondos Capital Semilla para emprendedores y emprendedoras que acudieron a realizar consultas a los distintos stands. Adem\u00e1s, el departamento de Acci\u00f3n Sanitaria de la Seremi de Salud Ays\u00e9n tuvo una importante labor educativa de fiscalizaci\u00f3n y acci\u00f3n sanitaria.<\/p>\n<p style=\"text-align: justify;\">Marta Soto, presidenta de la Feria Libre V\u00edctor Domingo Silva, agradeci\u00f3 la instancia y se\u00f1al\u00f3: \u201cestamos s\u00faper agradecidos de todos los servicios que estuvieron hoy aqu\u00ed, en el frontis de la Escuela V\u00edctor Domingo Silva, la gente ha podido hacer sus tr\u00e1mites un\u00a0 d\u00eda s\u00e1bado, resolver sus inquietudes, hacer consultas, as\u00ed que ha sido s\u00faper bueno. Nosotros ac\u00e1 en la Feria tenemos varios problemas con algunas personas que no respetan los espacios para vender, nosotros pagamos nuestros permisos municipales y nuestros impuestos, entonces nos toca decirles a algunos vecinos que respeten los acuerdos, a veces no lo hacen y se molestan, entonces agradecemos que hoy nos acompa\u00f1en funcionarios municipales, de la SEREMI de Salud y Carabineros, porque as\u00ed nos sentimos m\u00e1s respaldados como organizaci\u00f3n de feriantes, que ya llevamos a\u00f1os en esto\u201d.<\/p>\n<p style=\"text-align: justify;\">Los servicios p\u00fablicos que participaron en esta oportunidad fueron: SEREMI de Gobierno, Fondo de Solidaridad e Inversi\u00f3n Social (FOSIS), SEREMI de Salud e Instituto de Previsi\u00f3n Social (IPS) con su stand de ChileAtiende.<\/p>\n<\/div><\/section><\/div><div  style='height:50px' class='hr hr-invisible   avia-builder-el-6  el_after_av_one_full  el_before_av_social_share '><span class='hr-inner ' ><span class='hr-inner-style'><\/span><\/span><\/div><\/p>\n<div  class='av-social-sharing-box  avia-builder-el-7  el_after_av_hr  el_before_av_hr  '><div class='av-share-box'><h5 class='av-share-link-description av-no-toc '>Compartir esta noticia<\/h5><ul class='av-share-box-list noLightbox'><li class='av-share-link av-social-link-facebook' ><a target=\"_blank\" aria-label=\"Compartir en Facebook\" href='https:\/\/www.facebook.com\/sharer.php?u=https:\/\/radiorevelacionfm.cl\/?p=30357&#038;t=Una%20nueva%20versi%C3%B3n%20de%20MovilizaDOS%20se%20realiz%C3%B3%20en%20Feria%20Las%20Quintas%20de%20Coyhaique' aria-hidden='false' data-av_icon='\ue8f3' data-av_iconfont='entypo-fontello' title='' data-avia-related-tooltip='Compartir en Facebook' rel=\"noopener\"><span class='avia_hidden_link_text'>Compartir en Facebook<\/span><\/a><\/li><li class='av-share-link av-social-link-twitter' ><a target=\"_blank\" aria-label=\"Compartir en Twitter\" href='https:\/\/twitter.com\/share?text=Una%20nueva%20versi%C3%B3n%20de%20MovilizaDOS%20se%20realiz%C3%B3%20en%20Feria%20Las%20Quintas%20de%20Coyhaique&#038;url=https:\/\/radiorevelacionfm.cl\/?p=30357' aria-hidden='false' data-av_icon='\ue8f1' data-av_iconfont='entypo-fontello' title='' data-avia-related-tooltip='Compartir en Twitter' rel=\"noopener\"><span class='avia_hidden_link_text'>Compartir en Twitter<\/span><\/a><\/li><li class='av-share-link av-social-link-whatsapp' ><a target=\"_blank\" aria-label=\"Compartir en Whatsapp\" href='https:\/\/api.whatsapp.com\/send?text=https:\/\/radiorevelacionfm.cl\/?p=30357' aria-hidden='false' data-av_icon='\uf232' data-av_iconfont='entypo-fontello' title='' data-avia-related-tooltip='Compartir en Whatsapp' rel=\"noopener\"><span class='avia_hidden_link_text'>Compartir en Whatsapp<\/span><\/a><\/li><li class='av-share-link av-social-link-linkedin' ><a target=\"_blank\" aria-label=\"Compartir en LinkedIn\" href='https:\/\/linkedin.com\/shareArticle?mini=true&#038;title=Una%20nueva%20versi%C3%B3n%20de%20MovilizaDOS%20se%20realiz%C3%B3%20en%20Feria%20Las%20Quintas%20de%20Coyhaique&#038;url=https:\/\/radiorevelacionfm.cl\/?p=30357' aria-hidden='false' data-av_icon='\ue8fc' data-av_iconfont='entypo-fontello' title='' data-avia-related-tooltip='Compartir en LinkedIn' rel=\"noopener\"><span class='avia_hidden_link_text'>Compartir en LinkedIn<\/span><\/a><\/li><li class='av-share-link av-social-link-mail' ><a  aria-label=\"Compartir por correo\" href='mailto:?subject=Una%20nueva%20versi%C3%B3n%20de%20MovilizaDOS%20se%20realiz%C3%B3%20en%20Feria%20Las%20Quintas%20de%20Coyhaique&#038;body=https:\/\/radiorevelacionfm.cl\/?p=30357' aria-hidden='false' data-av_icon='\ue805' data-av_iconfont='entypo-fontello' title='' data-avia-related-tooltip='Compartir por correo'><span class='avia_hidden_link_text'>Compartir por correo<\/span><\/a><\/li><\/ul><\/div><\/div>\n<div  style='height:50px' class='hr hr-invisible   avia-builder-el-8  el_after_av_social_share  el_before_av_comments_list '><span class='hr-inner ' ><span class='hr-inner-style'><\/span><\/span><\/div>\n<div  class='av-buildercomment  av-blog-meta-html-info-disabled av-blog-meta-tag-disabled  '><\/div>\n","protected":false},"excerpt":{"rendered":"","protected":false},"author":1,"featured_media":30358,"comment_status":"open","ping_status":"open","sticky":false,"template":"","format":"standard","meta":{"footnotes":""},"categories":[38],"tags":[],"class_list":["post-30357","post","type-post","status-publish","format-standard","has-post-thumbnail","hentry","category-regional"],"jetpack_featured_media_url":"https:\/\/radiorevelacionfm.cl\/wp-content\/uploads\/2023\/04\/movilizados4-1_optimized.jpg","_links":{"self":[{"href":"https:\/\/radiorevelacionfm.cl\/index.php?rest_route=\/wp\/v2\/posts\/30357","targetHints":{"allow":["GET"]}}],"collection":[{"href":"https:\/\/radiorevelacionfm.cl\/index.php?rest_route=\/wp\/v2\/posts"}],"about":[{"href":"https:\/\/radiorevelacionfm.cl\/index.php?rest_route=\/wp\/v2\/types\/post"}],"author":[{"embeddable":true,"href":"https:\/\/radiorevelacionfm.cl\/index.php?rest_route=\/wp\/v2\/users\/1"}],"replies":[{"embeddable":true,"href":"https:\/\/radiorevelacionfm.cl\/index.php?rest_route=%2Fwp%2Fv2%2Fcomments&post=30357"}],"version-history":[{"count":1,"href":"https:\/\/radiorevelacionfm.cl\/index.php?rest_route=\/wp\/v2\/posts\/30357\/revisions"}],"predecessor-version":[{"id":30359,"href":"https:\/\/radiorevelacionfm.cl\/index.php?rest_route=\/wp\/v2\/posts\/30357\/revisions\/30359"}],"wp:featuredmedia":[{"embeddable":true,"href":"https:\/\/radiorevelacionfm.cl\/index.php?rest_route=\/wp\/v2\/media\/30358"}],"wp:attachment":[{"href":"https:\/\/radiorevelacionfm.cl\/index.php?rest_route=%2Fwp%2Fv2%2Fmedia&parent=30357"}],"wp:term":[{"taxonomy":"category","embeddable":true,"href":"https:\/\/radiorevelacionfm.cl\/index.php?rest_route=%2Fwp%2Fv2%2Fcategories&post=30357"},{"taxonomy":"post_tag","embeddable":true,"href":"https:\/\/radiorevelacionfm.cl\/index.php?rest_route=%2Fwp%2Fv2%2Ftags&post=30357"}],"curies":[{"name":"wp","href":"https:\/\/api.w.org\/{rel}","templated":true}]}}