{"id":30354,"date":"2023-04-23T21:57:02","date_gmt":"2023-04-24T00:57:02","guid":{"rendered":"https:\/\/radiorevelacionfm.cl\/?p=30354"},"modified":"2023-04-23T21:57:02","modified_gmt":"2023-04-24T00:57:02","slug":"lanzan-programa-que-busca-apoyar-la-construccion-de-obras-de-riego-para-fortalecer-la-agricultura-familiar-indigena-de-aysen","status":"publish","type":"post","link":"https:\/\/radiorevelacionfm.cl\/?p=30354","title":{"rendered":"Lanzan programa que busca apoyar la construcci\u00f3n de Obras de Riego para fortalecer la Agricultura Familiar Ind\u00edgena de Ays\u00e9n"},"content":{"rendered":"<div class=\"flex_column av_one_full  flex_column_div av-zero-column-padding first  avia-builder-el-0  el_before_av_one_full  avia-builder-el-first  \" style='border-radius:0px; '><div  class='avia-image-container  av-styling-    avia-builder-el-1  avia-builder-el-no-sibling  avia-align-center '  itemprop=\"image\" itemscope=\"itemscope\" itemtype=\"https:\/\/schema.org\/ImageObject\"  ><div class='avia-image-container-inner'><div class='avia-image-overlay-wrap'><img decoding=\"async\" class='wp-image-30355 avia-img-lazy-loading-not-30355 avia_image' src=\"https:\/\/radiorevelacionfm.cl\/wp-content\/uploads\/2023\/04\/1z9a8585-1-1_optimized-1.jpg\" alt='' title='1z9a8585-(1)-(1)_optimized (1)' height=\"600\" width=\"1025\"  itemprop=\"thumbnailUrl\" srcset=\"https:\/\/radiorevelacionfm.cl\/wp-content\/uploads\/2023\/04\/1z9a8585-1-1_optimized-1.jpg 1025w, https:\/\/radiorevelacionfm.cl\/wp-content\/uploads\/2023\/04\/1z9a8585-1-1_optimized-1-300x176.jpg 300w, https:\/\/radiorevelacionfm.cl\/wp-content\/uploads\/2023\/04\/1z9a8585-1-1_optimized-1-768x450.jpg 768w, https:\/\/radiorevelacionfm.cl\/wp-content\/uploads\/2023\/04\/1z9a8585-1-1_optimized-1-705x413.jpg 705w, https:\/\/radiorevelacionfm.cl\/wp-content\/uploads\/2023\/04\/1z9a8585-1-1_optimized-1-450x263.jpg 450w, https:\/\/radiorevelacionfm.cl\/wp-content\/uploads\/2023\/04\/1z9a8585-1-1_optimized-1-600x351.jpg 600w\" sizes=\"(max-width: 1025px) 100vw, 1025px\" \/><\/div><\/div><\/div><\/div><div class=\"flex_column av_one_full  flex_column_div av-zero-column-padding first  avia-builder-el-2  el_after_av_one_full  el_before_av_one_full  column-top-margin\" style='border-radius:0px; '><section class=\"av_textblock_section \"  itemscope=\"itemscope\" itemtype=\"https:\/\/schema.org\/BlogPosting\" itemprop=\"blogPost\" ><div class='avia_textblock  '   itemprop=\"text\" ><p style=\"text-align: center;\"><span style=\"font-size: 18pt;\"><b class=\"v1ContentPasted0\">Lanzan programa que busca apoyar la construcci\u00f3n de Obras de Riego para fortalecer la Agricultura Familiar Ind\u00edgena de Ays\u00e9n\u00a0<\/b><\/span><\/p>\n<div id=\"gtx-trans\" style=\"position: absolute; left: -50px; top: 4.31534px;\">\n<div class=\"gtx-trans-icon\"><\/div>\n<\/div>\n<\/div><\/section><\/div><div class=\"flex_column av_one_full  flex_column_div av-zero-column-padding first  avia-builder-el-4  el_after_av_one_full  el_before_av_hr  column-top-margin\" style='border-radius:0px; '><section class=\"av_textblock_section \"  itemscope=\"itemscope\" itemtype=\"https:\/\/schema.org\/BlogPosting\" itemprop=\"blogPost\" ><div class='avia_textblock  '   itemprop=\"text\" ><p class=\"v1MsoNormal v1ContentPasted0\" style=\"text-align: justify;\">Tras la firma de un convenio de colaboraci\u00f3n y transferencia de recursos, suscrito entre la Secretaria Regional Ministerial de Agricultura y\u00a0CONADI Los Lagos, dependiente del Ministerio de Desarrollo Social y Familia, se destinar\u00e1n $180 Millones para el dise\u00f1o y construcci\u00f3n de Obras de Riego y\/o Drenaje.<\/p>\n<p class=\"v1MsoNormal v1ContentPasted0\" style=\"text-align: justify;\">Con la firma de un convenio entre la Directora (S) de la Corporaci\u00f3n Nacional De Desarrollo Ind\u00edgena (CONADI) Regi\u00f3n de Los Lagos, Marcela Urbano Gonz\u00e1les y el Seremi de Agricultura de Ays\u00e9n, Alan Espinoza Ortiz, se dio el vamos a un Programa que busca apoyar las labores agr\u00edcolas de familias ind\u00edgenas de la regi\u00f3n.<\/p>\n<p class=\"v1MsoNormal v1ContentPasted0\" style=\"text-align: justify;\">Se trata de un convenio de implementaci\u00f3n de Obras Civiles de Riego y\/o Soluciones H\u00eddricas, por un monto que asciende a $180.000.000.- (Ciento ochenta millones de pesos), con un plazo de ejecuci\u00f3n de 12 meses y que vendr\u00e1 a materializar la construcci\u00f3n de 25 Obras en Ays\u00e9n.<\/p>\n<p class=\"v1MsoNormal v1ContentPasted0\" style=\"text-align: justify;\">\u00abEstamos hoy d\u00eda trabajando y haciendo un hito que es absolutamente relevante para familias ind\u00edgenas de nuestra regi\u00f3n de Ays\u00e9n, estamos apoyando hoy d\u00eda a 25 obras de riego con un proyecto de 180 millones de pesos que nos va a traspasar la CONADI a nosotros como Seremi de Agricultura para poder implementar estas obras. Este proyecto que hace mucho tiempo estaba dise\u00f1ado, llevan tres a\u00f1os en espera y que hoy d\u00eda gracias a este trabajo colaborativo entre la CONADI, la Comisi\u00f3n Nacional de Riego y por cierto nosotros como Seremi de Agricultura vamos a poder materializar y vamos a ir en apoyo directo a estas familias\u00bb, indic\u00f3 Alan Espinoza Ortiz, seremi de Agricultura de la regi\u00f3n.<\/p>\n<p class=\"v1MsoNormal v1ContentPasted0\" style=\"text-align: justify;\">Por su parte la Seremi de Desarrollo Social y Familia, Karina Acevedo Auad, sostuvo la importancia de este trabajo intersectorial que posibilita apoyar de forma concreta a familias ind\u00edgenas de la regi\u00f3n.<\/p>\n<p class=\"v1MsoNormal v1ContentPasted0\" style=\"text-align: justify;\">\u00abQueremos destacar estas coordinaciones interinstitucionales para ir en apoyo de la gente. Y m\u00e1s a\u00fan cuando hablamos de la gente que corresponde a los pueblos originarios, en este caso al pueblo mapuche y huilliche de esta regi\u00f3n. As\u00ed que nosotros a trav\u00e9s de CONADI, estamos cumpliendo ese mandato que nos da el presidente, de ir en apoyo a las familias ind\u00edgenas\u00bb, sostuvo.<\/p>\n<p class=\"v1MsoNormal v1ContentPasted0\" style=\"text-align: justify;\">El convenio firmado posibilita avanzar en la construcci\u00f3n de Obras de Riego y\/o Drenaje, mediante un trabajo colaborativo entre diversas instituciones p\u00fablicas, las cuales esperaban desde el a\u00f1o 2021 a concretar su ejecuci\u00f3n.<\/p>\n<p class=\"v1MsoNormal v1ContentPasted0\" style=\"text-align: justify;\">\u00abEste nuevo convenio\u00a0va a apoyar a las familias para que el agua pueda llegar a sus unidades productivas y generar desarrollo en sus territorios. Ya que como todos sabemos, el tema de la problem\u00e1tica de la escasez h\u00eddrica ya vino para quedarse. Entonces nosotros tenemos que generar este apoyo para que nuestra familia no tenga que sufrir escasez de agua en su terreno y puedan generar acciones productivas relevantes\u00bb, sostuvo Marcela\u00a0Urbano Gonz\u00e1les, director subrogante de CONADI Los Lagos.<\/p>\n<p class=\"v1MsoNormal v1ContentPasted0\" style=\"text-align: justify;\">Desde la ejecuci\u00f3n de este y otros convenios intersectoriales, ha sido posible gestionar cerca de 150 solicitudes, regularizaciones, perfeccionamientos e\/o inscripciones de Derechos de Aprovechamiento de Aguas.<\/p>\n<p class=\"v1MsoNormal v1ContentPasted0\" style=\"text-align: justify;\">En la actualidad, cabe destacar que desde un trabajo colaborativo con la Direcci\u00f3n General de Aguas del Ministerio de Obras P\u00fablicas (DGA) de la Regi\u00f3n de Ays\u00e9n, nos encontramos tramitando 96 Derechos de Aprovechamiento de Aguas, los cuales se encuentran en \u00abproceso de revisi\u00f3n\u00bb, 44 en \u00abresoluci\u00f3n favorable o aprobados\u00bb y 11 \u00abInscritos en Conservador de Bienes Ra\u00edces\u00bb y registrados en el Catastro P\u00fablico de Aguas.<\/p>\n<p class=\"v1MsoNormal v1ContentPasted0\" style=\"text-align: justify;\">\u00abHoy en d\u00eda estamos haciendo un acto muy importante y un hito que se est\u00e1 materializando con la suscripci\u00f3n de este convenio. Tenemos 25 familias que estaban esperando desde hace tres a\u00f1os la ejecuci\u00f3n de obras civiles de riego que viene a poder beneficiar en la actividad productiva, como bien lo se\u00f1alaba la directora de CONADI regi\u00f3n de Los Lagos y como bien lo se\u00f1alaba el Seremi, tres a\u00f1os que est\u00e1n esperando poder utilizar el recurso h\u00eddrico de manera productiva, eficiente y asociativa en la regi\u00f3n de Ays\u00e9n\u00bb, recalc\u00f3 Pablo Bulnes Pardo, Encargado Regional de La Comisi\u00f3n Nacional de Riego del ministerio de Agricultura.<\/p>\n<\/div><\/section><\/div><div  style='height:50px' class='hr hr-invisible   avia-builder-el-6  el_after_av_one_full  el_before_av_social_share '><span class='hr-inner ' ><span class='hr-inner-style'><\/span><\/span><\/div><\/p>\n<div  class='av-social-sharing-box  avia-builder-el-7  el_after_av_hr  el_before_av_hr  '><div class='av-share-box'><h5 class='av-share-link-description av-no-toc '>Compartir esta noticia<\/h5><ul class='av-share-box-list noLightbox'><li class='av-share-link av-social-link-facebook' ><a target=\"_blank\" aria-label=\"Compartir en Facebook\" href='https:\/\/www.facebook.com\/sharer.php?u=https:\/\/radiorevelacionfm.cl\/?p=30354&#038;t=Lanzan%20programa%20que%20busca%20apoyar%20la%20construcci%C3%B3n%20de%20Obras%20de%20Riego%20para%20fortalecer%20la%20Agricultura%20Familiar%20Ind%C3%ADgena%20de%20Ays%C3%A9n' aria-hidden='false' data-av_icon='\ue8f3' data-av_iconfont='entypo-fontello' title='' data-avia-related-tooltip='Compartir en Facebook' rel=\"noopener\"><span class='avia_hidden_link_text'>Compartir en Facebook<\/span><\/a><\/li><li class='av-share-link av-social-link-twitter' ><a target=\"_blank\" aria-label=\"Compartir en Twitter\" href='https:\/\/twitter.com\/share?text=Lanzan%20programa%20que%20busca%20apoyar%20la%20construcci%C3%B3n%20de%20Obras%20de%20Riego%20para%20fortalecer%20la%20Agricultura%20Familiar%20Ind%C3%ADgena%20de%20Ays%C3%A9n&#038;url=https:\/\/radiorevelacionfm.cl\/?p=30354' aria-hidden='false' data-av_icon='\ue8f1' data-av_iconfont='entypo-fontello' title='' data-avia-related-tooltip='Compartir en Twitter' rel=\"noopener\"><span class='avia_hidden_link_text'>Compartir en Twitter<\/span><\/a><\/li><li class='av-share-link av-social-link-whatsapp' ><a target=\"_blank\" aria-label=\"Compartir en Whatsapp\" href='https:\/\/api.whatsapp.com\/send?text=https:\/\/radiorevelacionfm.cl\/?p=30354' aria-hidden='false' data-av_icon='\uf232' data-av_iconfont='entypo-fontello' title='' data-avia-related-tooltip='Compartir en Whatsapp' rel=\"noopener\"><span class='avia_hidden_link_text'>Compartir en Whatsapp<\/span><\/a><\/li><li class='av-share-link av-social-link-linkedin' ><a target=\"_blank\" aria-label=\"Compartir en LinkedIn\" href='https:\/\/linkedin.com\/shareArticle?mini=true&#038;title=Lanzan%20programa%20que%20busca%20apoyar%20la%20construcci%C3%B3n%20de%20Obras%20de%20Riego%20para%20fortalecer%20la%20Agricultura%20Familiar%20Ind%C3%ADgena%20de%20Ays%C3%A9n&#038;url=https:\/\/radiorevelacionfm.cl\/?p=30354' aria-hidden='false' data-av_icon='\ue8fc' data-av_iconfont='entypo-fontello' title='' data-avia-related-tooltip='Compartir en LinkedIn' rel=\"noopener\"><span class='avia_hidden_link_text'>Compartir en LinkedIn<\/span><\/a><\/li><li class='av-share-link av-social-link-mail' ><a  aria-label=\"Compartir por correo\" href='mailto:?subject=Lanzan%20programa%20que%20busca%20apoyar%20la%20construcci%C3%B3n%20de%20Obras%20de%20Riego%20para%20fortalecer%20la%20Agricultura%20Familiar%20Ind%C3%ADgena%20de%20Ays%C3%A9n&#038;body=https:\/\/radiorevelacionfm.cl\/?p=30354' aria-hidden='false' data-av_icon='\ue805' data-av_iconfont='entypo-fontello' title='' data-avia-related-tooltip='Compartir por correo'><span class='avia_hidden_link_text'>Compartir por correo<\/span><\/a><\/li><\/ul><\/div><\/div>\n<div  style='height:50px' class='hr hr-invisible   avia-builder-el-8  el_after_av_social_share  el_before_av_comments_list '><span class='hr-inner ' ><span class='hr-inner-style'><\/span><\/span><\/div>\n<div  class='av-buildercomment  av-blog-meta-html-info-disabled av-blog-meta-tag-disabled  '><\/div>\n","protected":false},"excerpt":{"rendered":"","protected":false},"author":1,"featured_media":30355,"comment_status":"open","ping_status":"open","sticky":false,"template":"","format":"standard","meta":{"footnotes":""},"categories":[38],"tags":[],"class_list":["post-30354","post","type-post","status-publish","format-standard","has-post-thumbnail","hentry","category-regional"],"jetpack_featured_media_url":"https:\/\/radiorevelacionfm.cl\/wp-content\/uploads\/2023\/04\/1z9a8585-1-1_optimized-1.jpg","_links":{"self":[{"href":"https:\/\/radiorevelacionfm.cl\/index.php?rest_route=\/wp\/v2\/posts\/30354","targetHints":{"allow":["GET"]}}],"collection":[{"href":"https:\/\/radiorevelacionfm.cl\/index.php?rest_route=\/wp\/v2\/posts"}],"about":[{"href":"https:\/\/radiorevelacionfm.cl\/index.php?rest_route=\/wp\/v2\/types\/post"}],"author":[{"embeddable":true,"href":"https:\/\/radiorevelacionfm.cl\/index.php?rest_route=\/wp\/v2\/users\/1"}],"replies":[{"embeddable":true,"href":"https:\/\/radiorevelacionfm.cl\/index.php?rest_route=%2Fwp%2Fv2%2Fcomments&post=30354"}],"version-history":[{"count":1,"href":"https:\/\/radiorevelacionfm.cl\/index.php?rest_route=\/wp\/v2\/posts\/30354\/revisions"}],"predecessor-version":[{"id":30356,"href":"https:\/\/radiorevelacionfm.cl\/index.php?rest_route=\/wp\/v2\/posts\/30354\/revisions\/30356"}],"wp:featuredmedia":[{"embeddable":true,"href":"https:\/\/radiorevelacionfm.cl\/index.php?rest_route=\/wp\/v2\/media\/30355"}],"wp:attachment":[{"href":"https:\/\/radiorevelacionfm.cl\/index.php?rest_route=%2Fwp%2Fv2%2Fmedia&parent=30354"}],"wp:term":[{"taxonomy":"category","embeddable":true,"href":"https:\/\/radiorevelacionfm.cl\/index.php?rest_route=%2Fwp%2Fv2%2Fcategories&post=30354"},{"taxonomy":"post_tag","embeddable":true,"href":"https:\/\/radiorevelacionfm.cl\/index.php?rest_route=%2Fwp%2Fv2%2Ftags&post=30354"}],"curies":[{"name":"wp","href":"https:\/\/api.w.org\/{rel}","templated":true}]}}