{"id":3035,"date":"2021-03-01T12:48:48","date_gmt":"2021-03-01T15:48:48","guid":{"rendered":"https:\/\/radiorevelacionfm.cl\/?p=3035"},"modified":"2021-03-01T12:48:48","modified_gmt":"2021-03-01T15:48:48","slug":"diputado-calisto-y-vecinos-de-villa-aysen-manifiestan-su-preocupacion-por-posible-dano-a-las-viviendas-por-trabajos-de-compactacion-dinamica-en-terreno-aledano","status":"publish","type":"post","link":"https:\/\/radiorevelacionfm.cl\/?p=3035","title":{"rendered":"Diputado Calisto y vecinos de Villa Ays\u00e9n manifiestan su preocupaci\u00f3n por posible da\u00f1o a las viviendas por trabajos de compactaci\u00f3n din\u00e1mica en terreno aleda\u00f1o"},"content":{"rendered":"<div class=\"flex_column av_one_full  flex_column_div av-zero-column-padding first  avia-builder-el-0  el_before_av_one_full  avia-builder-el-first  \" style='border-radius:0px; '><div  class='avia-image-container  av-styling-    avia-builder-el-1  avia-builder-el-no-sibling  avia-align-center '  itemprop=\"image\" itemscope=\"itemscope\" itemtype=\"https:\/\/schema.org\/ImageObject\"  ><div class='avia-image-container-inner'><div class='avia-image-overlay-wrap'><img decoding=\"async\" class='wp-image-0 avia-img-lazy-loading-not-0 avia_image' src=\"https:\/\/radiorevelacionfm.cl\/wp-content\/uploads\/2021\/03\/VILLA-AYSEN-1.jpg\" alt='' title=''   itemprop=\"thumbnailUrl\"  \/><\/div><\/div><\/div><\/div><div class=\"flex_column av_one_full  flex_column_div av-zero-column-padding first  avia-builder-el-2  el_after_av_one_full  el_before_av_one_full  column-top-margin\" style='border-radius:0px; '><section class=\"av_textblock_section \"  itemscope=\"itemscope\" itemtype=\"https:\/\/schema.org\/BlogPosting\" itemprop=\"blogPost\" ><div class='avia_textblock  '   itemprop=\"text\" ><p style=\"text-align: center;\"><strong><span style=\"font-size: 18pt;\">Diputado Calisto y vecinos de Villa Ays\u00e9n manifiestan su preocupaci\u00f3n por posible da\u00f1o a las viviendas por trabajos de compactaci\u00f3n din\u00e1mica en terreno aleda\u00f1o<\/span><\/strong><\/p>\n<div id=\"gtx-trans\" style=\"position: absolute; left: -50px; top: 4.31534px;\">\n<div class=\"gtx-trans-icon\"><\/div>\n<\/div>\n<\/div><\/section><\/div><div class=\"flex_column av_one_full  flex_column_div av-zero-column-padding first  avia-builder-el-4  el_after_av_one_full  el_before_av_hr  column-top-margin\" style='border-radius:0px; '><section class=\"av_textblock_section \"  itemscope=\"itemscope\" itemtype=\"https:\/\/schema.org\/BlogPosting\" itemprop=\"blogPost\" ><div class='avia_textblock  '   itemprop=\"text\" ><p style=\"font-weight: 400; text-align: justify;\">El parlamentario visit\u00f3 esta poblaci\u00f3n de Puerto Ays\u00e9n para conocer en terreno el avance de las obras de mejoramiento de las casas y la pavimentaci\u00f3n de las calles.<\/p>\n<p style=\"font-weight: 400; text-align: justify;\">Aunque valor\u00f3 el avance en las obras de mejoramiento de las casas y el inicio de la pavimentaci\u00f3n de las calles en la Villa Ays\u00e9n, el diputado Miguel \u00c1ngel Calisto manifest\u00f3 su preocupaci\u00f3n por las obras de compactaci\u00f3n din\u00e1mica que se realizar\u00e1n en un terreno aleda\u00f1o a la \u00a0poblaci\u00f3n por la posibilidad que se generen da\u00f1os en las casas, inquietud que fue compartida por los vecinos del sector.<\/p>\n<p style=\"font-weight: 400; text-align: justify;\">Seg\u00fan el legislador, \u201cmanifestamos nuestra preocupaci\u00f3n al Ministerio de Vivienda y a la direcci\u00f3n del Serviu a nivel regional para poder tener lo antes posible certeza respecto a la compactaci\u00f3n din\u00e1mica que se va a realizar en el sector aleda\u00f1o a la villa Ays\u00e9n. Este proceso eventualmente podr\u00eda generar da\u00f1o a las viviendas de la Villa Ays\u00e9n, Villa Chilo\u00e9, Gabriela Mistral y Villa Espa\u00f1a\u201d.<\/p>\n<p style=\"font-weight: 400; text-align: justify;\">Calisto agreg\u00f3 que \u201creiteramos el llamado al Serviu para que pueda dar garant\u00eda a los vecinos que el Estado se va a hacer parte en reparaciones si eventualmente se suscitan problemas estructurales en las viviendas producto de los trabajos de compactaci\u00f3n din\u00e1mica que se va a hacer en un sector aleda\u00f1o\u201d.<\/p>\n<p style=\"font-weight: 400; text-align: justify;\">Con respecto a los avances en la reparaci\u00f3n de las casas y la pavimentaci\u00f3n de las calles, el diputado indic\u00f3 que \u201cnos hemos dado cuenta que nuestras gestiones han dado resultado. Estas 80 viviendas que sufrieron por cerca de 11 a\u00f1os el olvido por parte del Estado, hoy en d\u00eda ya est\u00e1n siendo reparadas y se est\u00e1 haciendo justicia, lo que nos tiene muy contentos y conformes por las gestiones que hemos hecho junto a las dirigentas\u201d.<\/p>\n<p style=\"font-weight: 400; text-align: justify;\">\u201cTambi\u00e9n hemos visto los avances en la pavimentaci\u00f3n de la Villa, ac\u00e1 quiero reconocer el trabajo de las dirigentas, las que han puesto mucho empe\u00f1o para lograr esto, como tambi\u00e9n las mejoras de la sede comunitaria. Hacemos tambi\u00e9n un un llamado al Municipio de Ays\u00e9n para que puedan comprometerse a mejorar los espacios p\u00fablicos de la plaza del sector, para habilitar juegos y canchas para los ni\u00f1os y los j\u00f3venes\u201d, indic\u00f3.<\/p>\n<p style=\"font-weight: 400; text-align: justify;\">Por su parte, Adriana Lira, presidenta de la Villa Ays\u00e9n, afirm\u00f3 que \u201cha habido algunos temas puntuales, pero lo bueno es que cada empresa se ha hecho cargo y ha habido soluciones. Estamos muy pendientes de la compactaci\u00f3n din\u00e1mica que se va a hacer para los comit\u00e9s que tienen proyectadas sus casas en un terreno aleda\u00f1o. Tenemos inquietud, porque la m\u00e1quina genera una vibraci\u00f3n que podr\u00eda generar alg\u00fan tipo de da\u00f1o a nuestras casas\u201d.<\/p>\n<p style=\"font-weight: 400; text-align: justify;\">Finalmente, la dirigente afirm\u00f3 que \u201cen caso de cualquier da\u00f1o, le hemos pedido al Serviu que se haga presente y se haga cargo de cualquier falla que pudiera haber. Estamos con la inquietud, porque seg\u00fan dicen van a hacer zanjas de mitigaci\u00f3n, pero a\u00fan nosotros no tenemos claridad. Espero que las autoridades se den cuenta que esto no es algo caprichoso que estamos pidiendo, sino que es algo justo\u201d, indic\u00f3.<\/p>\n<\/div><\/section><\/div><div  style='height:50px' class='hr hr-invisible   avia-builder-el-6  el_after_av_one_full  el_before_av_social_share '><span class='hr-inner ' ><span class='hr-inner-style'><\/span><\/span><\/div><\/p>\n<div  class='av-social-sharing-box  avia-builder-el-7  el_after_av_hr  el_before_av_hr  '><div class='av-share-box'><h5 class='av-share-link-description av-no-toc '>Compartir esta noticia<\/h5><ul class='av-share-box-list noLightbox'><li class='av-share-link av-social-link-facebook' ><a target=\"_blank\" aria-label=\"Compartir en Facebook\" href='https:\/\/www.facebook.com\/sharer.php?u=https:\/\/radiorevelacionfm.cl\/?p=3035&#038;t=Diputado%20Calisto%20y%20vecinos%20de%20Villa%20Ays%C3%A9n%20manifiestan%20su%20preocupaci%C3%B3n%20por%20posible%20da%C3%B1o%20a%20las%20viviendas%20por%20trabajos%20de%20compactaci%C3%B3n%20din%C3%A1mica%20en%20terreno%20aleda%C3%B1o' aria-hidden='false' data-av_icon='\ue8f3' data-av_iconfont='entypo-fontello' title='' data-avia-related-tooltip='Compartir en Facebook' rel=\"noopener\"><span class='avia_hidden_link_text'>Compartir en Facebook<\/span><\/a><\/li><li class='av-share-link av-social-link-twitter' ><a target=\"_blank\" aria-label=\"Compartir en Twitter\" href='https:\/\/twitter.com\/share?text=Diputado%20Calisto%20y%20vecinos%20de%20Villa%20Ays%C3%A9n%20manifiestan%20su%20preocupaci%C3%B3n%20por%20posible%20da%C3%B1o%20a%20las%20viviendas%20por%20trabajos%20de%20compactaci%C3%B3n%20din%C3%A1mica%20en%20terreno%20aleda%C3%B1o&#038;url=https:\/\/radiorevelacionfm.cl\/?p=3035' aria-hidden='false' data-av_icon='\ue8f1' data-av_iconfont='entypo-fontello' title='' data-avia-related-tooltip='Compartir en Twitter' rel=\"noopener\"><span class='avia_hidden_link_text'>Compartir en Twitter<\/span><\/a><\/li><li class='av-share-link av-social-link-whatsapp' ><a target=\"_blank\" aria-label=\"Compartir en Whatsapp\" href='https:\/\/api.whatsapp.com\/send?text=https:\/\/radiorevelacionfm.cl\/?p=3035' aria-hidden='false' data-av_icon='\uf232' data-av_iconfont='entypo-fontello' title='' data-avia-related-tooltip='Compartir en Whatsapp' rel=\"noopener\"><span class='avia_hidden_link_text'>Compartir en Whatsapp<\/span><\/a><\/li><li class='av-share-link av-social-link-linkedin' ><a target=\"_blank\" aria-label=\"Compartir en LinkedIn\" href='https:\/\/linkedin.com\/shareArticle?mini=true&#038;title=Diputado%20Calisto%20y%20vecinos%20de%20Villa%20Ays%C3%A9n%20manifiestan%20su%20preocupaci%C3%B3n%20por%20posible%20da%C3%B1o%20a%20las%20viviendas%20por%20trabajos%20de%20compactaci%C3%B3n%20din%C3%A1mica%20en%20terreno%20aleda%C3%B1o&#038;url=https:\/\/radiorevelacionfm.cl\/?p=3035' aria-hidden='false' data-av_icon='\ue8fc' data-av_iconfont='entypo-fontello' title='' data-avia-related-tooltip='Compartir en LinkedIn' rel=\"noopener\"><span class='avia_hidden_link_text'>Compartir en LinkedIn<\/span><\/a><\/li><li class='av-share-link av-social-link-mail' ><a  aria-label=\"Compartir por correo\" href='mailto:?subject=Diputado%20Calisto%20y%20vecinos%20de%20Villa%20Ays%C3%A9n%20manifiestan%20su%20preocupaci%C3%B3n%20por%20posible%20da%C3%B1o%20a%20las%20viviendas%20por%20trabajos%20de%20compactaci%C3%B3n%20din%C3%A1mica%20en%20terreno%20aleda%C3%B1o&#038;body=https:\/\/radiorevelacionfm.cl\/?p=3035' aria-hidden='false' data-av_icon='\ue805' data-av_iconfont='entypo-fontello' title='' data-avia-related-tooltip='Compartir por correo'><span class='avia_hidden_link_text'>Compartir por correo<\/span><\/a><\/li><\/ul><\/div><\/div>\n<div  style='height:50px' class='hr hr-invisible   avia-builder-el-8  el_after_av_social_share  el_before_av_comments_list '><span class='hr-inner ' ><span class='hr-inner-style'><\/span><\/span><\/div>\n<div  class='av-buildercomment  av-blog-meta-html-info-disabled av-blog-meta-tag-disabled  '><\/div>\n","protected":false},"excerpt":{"rendered":"","protected":false},"author":1,"featured_media":0,"comment_status":"open","ping_status":"open","sticky":false,"template":"","format":"standard","meta":{"footnotes":""},"categories":[57],"tags":[],"class_list":["post-3035","post","type-post","status-publish","format-standard","hentry","category-vivienda"],"jetpack_featured_media_url":"","_links":{"self":[{"href":"https:\/\/radiorevelacionfm.cl\/index.php?rest_route=\/wp\/v2\/posts\/3035","targetHints":{"allow":["GET"]}}],"collection":[{"href":"https:\/\/radiorevelacionfm.cl\/index.php?rest_route=\/wp\/v2\/posts"}],"about":[{"href":"https:\/\/radiorevelacionfm.cl\/index.php?rest_route=\/wp\/v2\/types\/post"}],"author":[{"embeddable":true,"href":"https:\/\/radiorevelacionfm.cl\/index.php?rest_route=\/wp\/v2\/users\/1"}],"replies":[{"embeddable":true,"href":"https:\/\/radiorevelacionfm.cl\/index.php?rest_route=%2Fwp%2Fv2%2Fcomments&post=3035"}],"version-history":[{"count":1,"href":"https:\/\/radiorevelacionfm.cl\/index.php?rest_route=\/wp\/v2\/posts\/3035\/revisions"}],"predecessor-version":[{"id":3037,"href":"https:\/\/radiorevelacionfm.cl\/index.php?rest_route=\/wp\/v2\/posts\/3035\/revisions\/3037"}],"wp:attachment":[{"href":"https:\/\/radiorevelacionfm.cl\/index.php?rest_route=%2Fwp%2Fv2%2Fmedia&parent=3035"}],"wp:term":[{"taxonomy":"category","embeddable":true,"href":"https:\/\/radiorevelacionfm.cl\/index.php?rest_route=%2Fwp%2Fv2%2Fcategories&post=3035"},{"taxonomy":"post_tag","embeddable":true,"href":"https:\/\/radiorevelacionfm.cl\/index.php?rest_route=%2Fwp%2Fv2%2Ftags&post=3035"}],"curies":[{"name":"wp","href":"https:\/\/api.w.org\/{rel}","templated":true}]}}