{"id":30344,"date":"2023-04-23T16:55:03","date_gmt":"2023-04-23T19:55:03","guid":{"rendered":"https:\/\/radiorevelacionfm.cl\/?p=30344"},"modified":"2023-04-23T16:55:03","modified_gmt":"2023-04-23T19:55:03","slug":"aysen-registro-una-disminucion-del-17-en-la-inasistencia-escolar-grave-durante-marzo-de-2023","status":"publish","type":"post","link":"https:\/\/radiorevelacionfm.cl\/?p=30344","title":{"rendered":"Ays\u00e9n registr\u00f3 una disminuci\u00f3n del 17 % en la inasistencia escolar grave durante marzo de 2023"},"content":{"rendered":"<div class=\"flex_column av_one_full  flex_column_div av-zero-column-padding first  avia-builder-el-0  el_before_av_one_full  avia-builder-el-first  \" style='border-radius:0px; '><div  class='avia-image-container  av-styling-    avia-builder-el-1  avia-builder-el-no-sibling  avia-align-center '  itemprop=\"image\" itemscope=\"itemscope\" itemtype=\"https:\/\/schema.org\/ImageObject\"  ><div class='avia-image-container-inner'><div class='avia-image-overlay-wrap'><img decoding=\"async\" class='wp-image-30345 avia-img-lazy-loading-not-30345 avia_image' src=\"https:\/\/radiorevelacionfm.cl\/wp-content\/uploads\/2023\/04\/52451617821_b5f94055af_k-1_optimized.jpg\" alt='' title='52451617821_b5f94055af_k-(1)_optimized' height=\"600\" width=\"800\"  itemprop=\"thumbnailUrl\" srcset=\"https:\/\/radiorevelacionfm.cl\/wp-content\/uploads\/2023\/04\/52451617821_b5f94055af_k-1_optimized.jpg 800w, https:\/\/radiorevelacionfm.cl\/wp-content\/uploads\/2023\/04\/52451617821_b5f94055af_k-1_optimized-300x225.jpg 300w, https:\/\/radiorevelacionfm.cl\/wp-content\/uploads\/2023\/04\/52451617821_b5f94055af_k-1_optimized-768x576.jpg 768w, https:\/\/radiorevelacionfm.cl\/wp-content\/uploads\/2023\/04\/52451617821_b5f94055af_k-1_optimized-705x529.jpg 705w, https:\/\/radiorevelacionfm.cl\/wp-content\/uploads\/2023\/04\/52451617821_b5f94055af_k-1_optimized-450x338.jpg 450w, https:\/\/radiorevelacionfm.cl\/wp-content\/uploads\/2023\/04\/52451617821_b5f94055af_k-1_optimized-600x450.jpg 600w\" sizes=\"(max-width: 800px) 100vw, 800px\" \/><\/div><\/div><\/div><\/div><div class=\"flex_column av_one_full  flex_column_div av-zero-column-padding first  avia-builder-el-2  el_after_av_one_full  el_before_av_one_full  column-top-margin\" style='border-radius:0px; '><section class=\"av_textblock_section \"  itemscope=\"itemscope\" itemtype=\"https:\/\/schema.org\/BlogPosting\" itemprop=\"blogPost\" ><div class='avia_textblock  '   itemprop=\"text\" ><p style=\"text-align: center;\"><strong><span style=\"font-size: 18pt;\">Ays\u00e9n registr\u00f3 una disminuci\u00f3n del 17 % en la inasistencia escolar grave durante marzo de 2023<\/span><\/strong><\/p>\n<div id=\"gtx-trans\" style=\"position: absolute; left: -50px; top: 4.31534px;\">\n<div class=\"gtx-trans-icon\"><\/div>\n<\/div>\n<\/div><\/section><\/div><div class=\"flex_column av_one_full  flex_column_div av-zero-column-padding first  avia-builder-el-4  el_after_av_one_full  el_before_av_hr  column-top-margin\" style='border-radius:0px; '><section class=\"av_textblock_section \"  itemscope=\"itemscope\" itemtype=\"https:\/\/schema.org\/BlogPosting\" itemprop=\"blogPost\" ><div class='avia_textblock  '   itemprop=\"text\" ><p style=\"text-align: justify;\"><em>La cifra fue recibida con optimismo por la Seremi de Educaci\u00f3n de Ays\u00e9n Isabel Garrido, quien se\u00f1al\u00f3 que en ellas est\u00e1n reflejadas las acciones del Plan de Reactivaci\u00f3n Educativa desarrolladas durante el 2022 y 2023<\/em><\/p>\n<p style=\"text-align: justify;\">El ministro de Educaci\u00f3n, Marco Antonio \u00c1vila, present\u00f3 el balance del sistema escolar al mes de marzo, el que tambi\u00e9n fue informado al Consejo para la Reactivaci\u00f3n Educativa, destacando que existe una mejor\u00eda en los niveles de asistencia a clases y de matr\u00edculas de estudiantes, y una baja en el ausentismo docente.<\/p>\n<p style=\"text-align: justify;\">De acuerdo con los datos reportados por el Centro de Estudios del Mineduc, la asistencia promedio de marzo a las escuelas y liceos que reciben recursos p\u00fablicos fue de 89%, cuatro puntos porcentuales m\u00e1s que en marzo de 2022 (85%).<\/p>\n<p style=\"text-align: justify;\">Adem\u00e1s, en los establecimientos hubo 1,3 millones de estudiantes con asistencia destacada (es decir, fueron a m\u00e1s del 97% de sus clases) y un mill\u00f3n de estudiantes con asistencia normal (es decir, fueron a m\u00e1s del 90% y menos del 97% de sus clases), lo que quiere decir que el 70% de la matr\u00edcula subvencionada registr\u00f3 una asistencia normal o destacada.<\/p>\n<p style=\"text-align: justify;\">Por otra parte, se registr\u00f3 una considerable disminuci\u00f3n de estudiantes con inasistencia grave (es decir, que van a menos del 85% de sus clases), y que es uno de los indicadores m\u00e1s preocupantes para el Mineduc, porque est\u00e1 asociado a la exclusi\u00f3n escolar.<\/p>\n<p style=\"text-align: justify;\">Seg\u00fan las cifras del sistema, si en marzo del a\u00f1o pasado hab\u00eda 1 mill\u00f3n 169 mil estudiantes con inasistencia grave (35% de la matr\u00edcula), ahora son 711 mil estudiantes los que tienen este problema (22% de la matr\u00edcula). Esto quiere decir que hay 457 mil estudiantes que dejaron de estar en la \u00abzona roja\u00bb.<\/p>\n<p style=\"text-align: justify;\">En esa l\u00ednea, la Seremi de Educaci\u00f3n de Ays\u00e9n Isabel Garrido Casassa inform\u00f3 que en la regi\u00f3n durante el mes de marzo se registr\u00f3 un 25% de inasistencia grave en la regi\u00f3n, lo que implica una disminuci\u00f3n de 17 puntos porcentuales respecto del promedio del mismo mes del a\u00f1o pasado, que lleg\u00f3 al 42%.<\/p>\n<p style=\"text-align: justify;\">\u00abEstas cifras son positivas, nos permiten ser optimistas, y por ello tenemos que seguir en la senda de la reactivaci\u00f3n educativa. Tenemos grandes desaf\u00edos en materia de convivencia, salud mental, aprendizajes y asistencia. La revalorizaci\u00f3n de la educaci\u00f3n de parte de las familias es un trabajo constante, lo que nos impulsa a redoblar los esfuerzos que est\u00e1 haciendo el Mineduc para mejorar la asistencia\u00bb.<\/p>\n<p style=\"text-align: justify;\">La seremi Garrido fue enf\u00e1tica en se\u00f1alar que \u00abEl ausentismo le quita las alas a las ni\u00f1as y ni\u00f1os de Chile. Y nosotros como sociedad tenemos que darles todas las oportunidades para crecer. Por eso apenas llegamos a la administraci\u00f3n presentamos el Plan de Reactivaci\u00f3n Educativa, que conten\u00eda acciones integrales para mejorar la asistencia y reducir el ausentismo grave. Como Mineduc en 2022 dise\u00f1amos diversas medidas para mejorar la asistencia escolar, como los reportes de trayectoria educativa, que es informaci\u00f3n que se envi\u00f3 a 11.200 establecimientos con un seguimiento a la asistencia de las y los estudiantes, para que los docentes y equipos directivos pudieran tomar decisiones para mejorar la asistencia, la permanencia y la revinculaci\u00f3n educativa\u00bb.<\/p>\n<p style=\"text-align: justify;\">Isabel Garrido tambi\u00e9n destac\u00f3 los planes escolares que realizaron los establecimientos, en coordinaci\u00f3n con las redes territoriales del Mineduc para dise\u00f1ar estrategias de mejora de la asistencia y la revinculaci\u00f3n, y los programas de convivencia escolar, como \u00abA convivir se aprende\u00bb y el programa de Habilidades para la Vida, ya que contar con ambientes acogedores y de protecci\u00f3n en las escuelas permite tambi\u00e9n mejorar el v\u00ednculo con sus estudiantes.<\/p>\n<p style=\"text-align: justify;\"><b>Sube la matr\u00edcula, baja el ausentismo docente<\/b><br \/>\nDe acuerdo al \u00a0balance del primer mes del a\u00f1o escolar 2023, la matr\u00edcula escolar nacional del pa\u00eds registr\u00f3 este a\u00f1o un leve repunte, porque hay 20.750 estudiantes m\u00e1s que en marzo del a\u00f1o pasado (alza de 0,58%), con lo cual la matr\u00edcula nacional llega a 3.610.625 estudiantes. Sin embargo, advirti\u00f3 que esta es una cifra preliminar que debe ser confirmada en los pr\u00f3ximos meses.<\/p>\n<\/div><\/section><\/div><div  style='height:50px' class='hr hr-invisible   avia-builder-el-6  el_after_av_one_full  el_before_av_social_share '><span class='hr-inner ' ><span class='hr-inner-style'><\/span><\/span><\/div><\/p>\n<div  class='av-social-sharing-box  avia-builder-el-7  el_after_av_hr  el_before_av_hr  '><div class='av-share-box'><h5 class='av-share-link-description av-no-toc '>Compartir esta noticia<\/h5><ul class='av-share-box-list noLightbox'><li class='av-share-link av-social-link-facebook' ><a target=\"_blank\" aria-label=\"Compartir en Facebook\" href='https:\/\/www.facebook.com\/sharer.php?u=https:\/\/radiorevelacionfm.cl\/?p=30344&#038;t=Ays%C3%A9n%20registr%C3%B3%20una%20disminuci%C3%B3n%20del%2017%20%25%20en%20la%20inasistencia%20escolar%20grave%20durante%20marzo%20de%202023' aria-hidden='false' data-av_icon='\ue8f3' data-av_iconfont='entypo-fontello' title='' data-avia-related-tooltip='Compartir en Facebook' rel=\"noopener\"><span class='avia_hidden_link_text'>Compartir en Facebook<\/span><\/a><\/li><li class='av-share-link av-social-link-twitter' ><a target=\"_blank\" aria-label=\"Compartir en Twitter\" href='https:\/\/twitter.com\/share?text=Ays%C3%A9n%20registr%C3%B3%20una%20disminuci%C3%B3n%20del%2017%20%25%20en%20la%20inasistencia%20escolar%20grave%20durante%20marzo%20de%202023&#038;url=https:\/\/radiorevelacionfm.cl\/?p=30344' aria-hidden='false' data-av_icon='\ue8f1' data-av_iconfont='entypo-fontello' title='' data-avia-related-tooltip='Compartir en Twitter' rel=\"noopener\"><span class='avia_hidden_link_text'>Compartir en Twitter<\/span><\/a><\/li><li class='av-share-link av-social-link-whatsapp' ><a target=\"_blank\" aria-label=\"Compartir en Whatsapp\" href='https:\/\/api.whatsapp.com\/send?text=https:\/\/radiorevelacionfm.cl\/?p=30344' aria-hidden='false' data-av_icon='\uf232' data-av_iconfont='entypo-fontello' title='' data-avia-related-tooltip='Compartir en Whatsapp' rel=\"noopener\"><span class='avia_hidden_link_text'>Compartir en Whatsapp<\/span><\/a><\/li><li class='av-share-link av-social-link-linkedin' ><a target=\"_blank\" aria-label=\"Compartir en LinkedIn\" href='https:\/\/linkedin.com\/shareArticle?mini=true&#038;title=Ays%C3%A9n%20registr%C3%B3%20una%20disminuci%C3%B3n%20del%2017%20%25%20en%20la%20inasistencia%20escolar%20grave%20durante%20marzo%20de%202023&#038;url=https:\/\/radiorevelacionfm.cl\/?p=30344' aria-hidden='false' data-av_icon='\ue8fc' data-av_iconfont='entypo-fontello' title='' data-avia-related-tooltip='Compartir en LinkedIn' rel=\"noopener\"><span class='avia_hidden_link_text'>Compartir en LinkedIn<\/span><\/a><\/li><li class='av-share-link av-social-link-mail' ><a  aria-label=\"Compartir por correo\" href='mailto:?subject=Ays%C3%A9n%20registr%C3%B3%20una%20disminuci%C3%B3n%20del%2017%20%25%20en%20la%20inasistencia%20escolar%20grave%20durante%20marzo%20de%202023&#038;body=https:\/\/radiorevelacionfm.cl\/?p=30344' aria-hidden='false' data-av_icon='\ue805' data-av_iconfont='entypo-fontello' title='' data-avia-related-tooltip='Compartir por correo'><span class='avia_hidden_link_text'>Compartir por correo<\/span><\/a><\/li><\/ul><\/div><\/div>\n<div  style='height:50px' class='hr hr-invisible   avia-builder-el-8  el_after_av_social_share  el_before_av_comments_list '><span class='hr-inner ' ><span class='hr-inner-style'><\/span><\/span><\/div>\n<div  class='av-buildercomment  av-blog-meta-html-info-disabled av-blog-meta-tag-disabled  '><\/div>\n","protected":false},"excerpt":{"rendered":"","protected":false},"author":1,"featured_media":30345,"comment_status":"open","ping_status":"open","sticky":false,"template":"","format":"standard","meta":{"footnotes":""},"categories":[49],"tags":[],"class_list":["post-30344","post","type-post","status-publish","format-standard","has-post-thumbnail","hentry","category-educacion"],"jetpack_featured_media_url":"https:\/\/radiorevelacionfm.cl\/wp-content\/uploads\/2023\/04\/52451617821_b5f94055af_k-1_optimized.jpg","_links":{"self":[{"href":"https:\/\/radiorevelacionfm.cl\/index.php?rest_route=\/wp\/v2\/posts\/30344","targetHints":{"allow":["GET"]}}],"collection":[{"href":"https:\/\/radiorevelacionfm.cl\/index.php?rest_route=\/wp\/v2\/posts"}],"about":[{"href":"https:\/\/radiorevelacionfm.cl\/index.php?rest_route=\/wp\/v2\/types\/post"}],"author":[{"embeddable":true,"href":"https:\/\/radiorevelacionfm.cl\/index.php?rest_route=\/wp\/v2\/users\/1"}],"replies":[{"embeddable":true,"href":"https:\/\/radiorevelacionfm.cl\/index.php?rest_route=%2Fwp%2Fv2%2Fcomments&post=30344"}],"version-history":[{"count":1,"href":"https:\/\/radiorevelacionfm.cl\/index.php?rest_route=\/wp\/v2\/posts\/30344\/revisions"}],"predecessor-version":[{"id":30347,"href":"https:\/\/radiorevelacionfm.cl\/index.php?rest_route=\/wp\/v2\/posts\/30344\/revisions\/30347"}],"wp:featuredmedia":[{"embeddable":true,"href":"https:\/\/radiorevelacionfm.cl\/index.php?rest_route=\/wp\/v2\/media\/30345"}],"wp:attachment":[{"href":"https:\/\/radiorevelacionfm.cl\/index.php?rest_route=%2Fwp%2Fv2%2Fmedia&parent=30344"}],"wp:term":[{"taxonomy":"category","embeddable":true,"href":"https:\/\/radiorevelacionfm.cl\/index.php?rest_route=%2Fwp%2Fv2%2Fcategories&post=30344"},{"taxonomy":"post_tag","embeddable":true,"href":"https:\/\/radiorevelacionfm.cl\/index.php?rest_route=%2Fwp%2Fv2%2Ftags&post=30344"}],"curies":[{"name":"wp","href":"https:\/\/api.w.org\/{rel}","templated":true}]}}