{"id":30341,"date":"2023-04-23T16:33:37","date_gmt":"2023-04-23T19:33:37","guid":{"rendered":"https:\/\/radiorevelacionfm.cl\/?p=30341"},"modified":"2023-04-23T16:33:37","modified_gmt":"2023-04-23T19:33:37","slug":"en-lago-verde-delegado-rodrigo-araya-reafirma-gestion-directa-y-descentralizada-con-comunidades","status":"publish","type":"post","link":"https:\/\/radiorevelacionfm.cl\/?p=30341","title":{"rendered":"En Lago Verde delegado Rodrigo Araya reafirma gesti\u00f3n directa y descentralizada con comunidades"},"content":{"rendered":"<div class=\"flex_column av_one_full  flex_column_div av-zero-column-padding first  avia-builder-el-0  el_before_av_one_full  avia-builder-el-first  \" style='border-radius:0px; '><div  class='avia-image-container  av-styling-    avia-builder-el-1  avia-builder-el-no-sibling  avia-align-center '  itemprop=\"image\" itemscope=\"itemscope\" itemtype=\"https:\/\/schema.org\/ImageObject\"  ><div class='avia-image-container-inner'><div class='avia-image-overlay-wrap'><img decoding=\"async\" class='wp-image-30342 avia-img-lazy-loading-not-30342 avia_image' src=\"https:\/\/radiorevelacionfm.cl\/wp-content\/uploads\/2023\/04\/WhatsApp-Image-2023-04-23-at-15.21.55-1-1.jpeg\" alt='' title='WhatsApp Image 2023-04-23 at 15.21.55 (1) (1)' height=\"600\" width=\"901\"  itemprop=\"thumbnailUrl\" srcset=\"https:\/\/radiorevelacionfm.cl\/wp-content\/uploads\/2023\/04\/WhatsApp-Image-2023-04-23-at-15.21.55-1-1.jpeg 901w, https:\/\/radiorevelacionfm.cl\/wp-content\/uploads\/2023\/04\/WhatsApp-Image-2023-04-23-at-15.21.55-1-1-300x200.jpeg 300w, https:\/\/radiorevelacionfm.cl\/wp-content\/uploads\/2023\/04\/WhatsApp-Image-2023-04-23-at-15.21.55-1-1-768x511.jpeg 768w, https:\/\/radiorevelacionfm.cl\/wp-content\/uploads\/2023\/04\/WhatsApp-Image-2023-04-23-at-15.21.55-1-1-705x469.jpeg 705w, https:\/\/radiorevelacionfm.cl\/wp-content\/uploads\/2023\/04\/WhatsApp-Image-2023-04-23-at-15.21.55-1-1-450x300.jpeg 450w, https:\/\/radiorevelacionfm.cl\/wp-content\/uploads\/2023\/04\/WhatsApp-Image-2023-04-23-at-15.21.55-1-1-600x400.jpeg 600w\" sizes=\"(max-width: 901px) 100vw, 901px\" \/><\/div><\/div><\/div><\/div><div class=\"flex_column av_one_full  flex_column_div av-zero-column-padding first  avia-builder-el-2  el_after_av_one_full  el_before_av_one_full  column-top-margin\" style='border-radius:0px; '><section class=\"av_textblock_section \"  itemscope=\"itemscope\" itemtype=\"https:\/\/schema.org\/BlogPosting\" itemprop=\"blogPost\" ><div class='avia_textblock  '   itemprop=\"text\" ><p style=\"text-align: center;\"><strong><span style=\"font-size: 18pt;\">En Lago Verde delegado Rodrigo Araya reafirma gesti\u00f3n directa y descentralizada con comunidades<\/span><\/strong><\/p>\n<div id=\"gtx-trans\" style=\"position: absolute; left: -50px; top: 4.31534px;\">\n<div class=\"gtx-trans-icon\"><\/div>\n<\/div>\n<\/div><\/section><\/div><div class=\"flex_column av_one_full  flex_column_div av-zero-column-padding first  avia-builder-el-4  el_after_av_one_full  el_before_av_hr  column-top-margin\" style='border-radius:0px; '><section class=\"av_textblock_section \"  itemscope=\"itemscope\" itemtype=\"https:\/\/schema.org\/BlogPosting\" itemprop=\"blogPost\" ><div class='avia_textblock  '   itemprop=\"text\" ><p style=\"text-align: justify;\">Las prioridades de la comunidad de Lago Verde, en el \u00e1rea norte de la Regi\u00f3n de Ays\u00e9n, abord\u00f3 el Delegado Presidencial Regional, Rodrigo Araya, en el marco de un programa de actividades de gesti\u00f3n directa y descentralizada de Gobierno.<\/p>\n<p style=\"text-align: justify;\">\u201cNuestro Presidente Gabriel Boric nos ha encomendado la tarea de trabajar en el territorio y tener una comunicaci\u00f3n directa con los gobiernos locales. Tuvimos una reuni\u00f3n con el alcalde, Nelson Opazo, con el cual pudimos ponernos al d\u00eda en relaci\u00f3n con urgencias, problem\u00e1ticas y proyecciones de desarrollo de la comuna. Con organizaciones sociales, junta vecinal, bomberos, agrupaciones culturales y deportivas, abordamos necesidades que visualizan en la comuna y compartimos informaci\u00f3n con respecto a distintos proyectos. Por ello tenemos una jornada por delante de gobierno en terreno, en el cual esperamos venir con informaci\u00f3n precisa para ir avanzando y que la gente sepa las gestiones que han desarrollado los distintos ministerios en los temas que a ellos m\u00e1s les importan\u201d, indic\u00f3.<\/p>\n<p style=\"text-align: justify;\">Entre los temas abordados estuvo el Plan Integral de Conectividad, Plan Extraordinario de Conservaci\u00f3n, prevenci\u00f3n de la Influenza Aviar, transporte subvencionado, telefon\u00eda celular, fortalecimiento de la salud p\u00fablica y cultura, entre otros.<\/p>\n<p style=\"text-align: justify;\">En este sentido, el Delegado Rodrigo Araya comunic\u00f3 la realizaci\u00f3n de un di\u00e1logo y Plaza Ciudadana del Programa Gobierno en Terreno para el pr\u00f3ximo 25 de mayo en Lago Verde.<\/p>\n<p style=\"text-align: justify;\">\u201cDe toda la variedad de temas que pudimos conversar con el Delegado, esperamos que podamos avanzar en temas que, en definitiva, est\u00e1n con problemas en su avance. Agradecemos obviamente la visita y esperamos que se pueda traducir en resultados que podamos ver, en algunos casos, en el corto plazo, el pr\u00f3ximo mes en una reuni\u00f3n que se pueda convocar a la comunidad de Lago Verde, tal como fue la conversaci\u00f3n que se desarroll\u00f3 hoy d\u00eda\u201d, se\u00f1al\u00f3 el alcalde Nelson Opazo.<\/p>\n<p style=\"text-align: justify;\">Entre los cerca de 20 dirigentes sociales que participaron en el di\u00e1logo con el Delegado Presidencial Regional,\u00a0Jenny Uribe Flores, presidenta de la junta vecinal Padre Antonio Ronchi de Lago Verde, expres\u00f3 la importancia de las instancias para fortalecer la presencia del Estado en los distintos territorios.<\/p>\n<p style=\"text-align: justify;\">\u201cQue tenga todas las ganas de escucharnos, ganas de poder coordinar todo, traer soluciones, porque estamos tan aislados, necesitamos tantas cosas y yo siento que lo principal de esto, es que \u00e9l tenga la disponibilidad de venir, de querer solucionar los problemas, que es lo que en realidad tanto necesitamos nosotros ac\u00e1 en Lago Verde\u201d, afirm\u00f3.<\/p>\n<p style=\"text-align: justify;\">Cirilo Avil\u00e9s, director de la s\u00e9ptima Brigada de Bomberos de Lago Verde, coincidi\u00f3 en valorar el acercamiento de informaci\u00f3n y la atenci\u00f3n directa en diferentes sectores locales.<\/p>\n<p style=\"text-align: justify;\">\u201cSe mencion\u00f3, por ejemplo, temas de emergencias, comunicaciones, el estado de caminos, educaci\u00f3n, salud, varios temas. Entonces es importante que haya un gobierno en terreno con los distintos seremis, directores, para que la comunidad pueda plantear estas situaciones y buscarle soluci\u00f3n. Por eso el 25 viene el gobierno en terreno y es importante que la comunidad participe, no solamente los representantes de las organizaciones, porque el problema lo viven las personas, el com\u00fan de la comunidad\u201d, concluy\u00f3.<\/p>\n<p style=\"text-align: justify;\">A trav\u00e9s del Programa Gobierno en Terreno se busca acercar las necesidades de las personas a los servicios p\u00fablicos del Estado, adem\u00e1s de generar una instancia de participaci\u00f3n ciudadana, donde sea posible comunicar las medidas que est\u00e1 aplicando el Gobierno, y levantar necesidades que existen en las comunidades.<\/p>\n<\/div><\/section><\/div><div  style='height:50px' class='hr hr-invisible   avia-builder-el-6  el_after_av_one_full  el_before_av_social_share '><span class='hr-inner ' ><span class='hr-inner-style'><\/span><\/span><\/div><\/p>\n<div  class='av-social-sharing-box  avia-builder-el-7  el_after_av_hr  el_before_av_hr  '><div class='av-share-box'><h5 class='av-share-link-description av-no-toc '>Compartir esta noticia<\/h5><ul class='av-share-box-list noLightbox'><li class='av-share-link av-social-link-facebook' ><a target=\"_blank\" aria-label=\"Compartir en Facebook\" href='https:\/\/www.facebook.com\/sharer.php?u=https:\/\/radiorevelacionfm.cl\/?p=30341&#038;t=En%20Lago%20Verde%20delegado%20Rodrigo%20Araya%20reafirma%20gesti%C3%B3n%20directa%20y%20descentralizada%20con%20comunidades' aria-hidden='false' data-av_icon='\ue8f3' data-av_iconfont='entypo-fontello' title='' data-avia-related-tooltip='Compartir en Facebook' rel=\"noopener\"><span class='avia_hidden_link_text'>Compartir en Facebook<\/span><\/a><\/li><li class='av-share-link av-social-link-twitter' ><a target=\"_blank\" aria-label=\"Compartir en Twitter\" href='https:\/\/twitter.com\/share?text=En%20Lago%20Verde%20delegado%20Rodrigo%20Araya%20reafirma%20gesti%C3%B3n%20directa%20y%20descentralizada%20con%20comunidades&#038;url=https:\/\/radiorevelacionfm.cl\/?p=30341' aria-hidden='false' data-av_icon='\ue8f1' data-av_iconfont='entypo-fontello' title='' data-avia-related-tooltip='Compartir en Twitter' rel=\"noopener\"><span class='avia_hidden_link_text'>Compartir en Twitter<\/span><\/a><\/li><li class='av-share-link av-social-link-whatsapp' ><a target=\"_blank\" aria-label=\"Compartir en Whatsapp\" href='https:\/\/api.whatsapp.com\/send?text=https:\/\/radiorevelacionfm.cl\/?p=30341' aria-hidden='false' data-av_icon='\uf232' data-av_iconfont='entypo-fontello' title='' data-avia-related-tooltip='Compartir en Whatsapp' rel=\"noopener\"><span class='avia_hidden_link_text'>Compartir en Whatsapp<\/span><\/a><\/li><li class='av-share-link av-social-link-linkedin' ><a target=\"_blank\" aria-label=\"Compartir en LinkedIn\" href='https:\/\/linkedin.com\/shareArticle?mini=true&#038;title=En%20Lago%20Verde%20delegado%20Rodrigo%20Araya%20reafirma%20gesti%C3%B3n%20directa%20y%20descentralizada%20con%20comunidades&#038;url=https:\/\/radiorevelacionfm.cl\/?p=30341' aria-hidden='false' data-av_icon='\ue8fc' data-av_iconfont='entypo-fontello' title='' data-avia-related-tooltip='Compartir en LinkedIn' rel=\"noopener\"><span class='avia_hidden_link_text'>Compartir en LinkedIn<\/span><\/a><\/li><li class='av-share-link av-social-link-mail' ><a  aria-label=\"Compartir por correo\" href='mailto:?subject=En%20Lago%20Verde%20delegado%20Rodrigo%20Araya%20reafirma%20gesti%C3%B3n%20directa%20y%20descentralizada%20con%20comunidades&#038;body=https:\/\/radiorevelacionfm.cl\/?p=30341' aria-hidden='false' data-av_icon='\ue805' data-av_iconfont='entypo-fontello' title='' data-avia-related-tooltip='Compartir por correo'><span class='avia_hidden_link_text'>Compartir por correo<\/span><\/a><\/li><\/ul><\/div><\/div>\n<div  style='height:50px' class='hr hr-invisible   avia-builder-el-8  el_after_av_social_share  el_before_av_comments_list '><span class='hr-inner ' ><span class='hr-inner-style'><\/span><\/span><\/div>\n<div  class='av-buildercomment  av-blog-meta-html-info-disabled av-blog-meta-tag-disabled  '><\/div>\n","protected":false},"excerpt":{"rendered":"","protected":false},"author":1,"featured_media":30342,"comment_status":"open","ping_status":"open","sticky":false,"template":"","format":"standard","meta":{"footnotes":""},"categories":[38],"tags":[],"class_list":["post-30341","post","type-post","status-publish","format-standard","has-post-thumbnail","hentry","category-regional"],"jetpack_featured_media_url":"https:\/\/radiorevelacionfm.cl\/wp-content\/uploads\/2023\/04\/WhatsApp-Image-2023-04-23-at-15.21.55-1-1.jpeg","_links":{"self":[{"href":"https:\/\/radiorevelacionfm.cl\/index.php?rest_route=\/wp\/v2\/posts\/30341","targetHints":{"allow":["GET"]}}],"collection":[{"href":"https:\/\/radiorevelacionfm.cl\/index.php?rest_route=\/wp\/v2\/posts"}],"about":[{"href":"https:\/\/radiorevelacionfm.cl\/index.php?rest_route=\/wp\/v2\/types\/post"}],"author":[{"embeddable":true,"href":"https:\/\/radiorevelacionfm.cl\/index.php?rest_route=\/wp\/v2\/users\/1"}],"replies":[{"embeddable":true,"href":"https:\/\/radiorevelacionfm.cl\/index.php?rest_route=%2Fwp%2Fv2%2Fcomments&post=30341"}],"version-history":[{"count":1,"href":"https:\/\/radiorevelacionfm.cl\/index.php?rest_route=\/wp\/v2\/posts\/30341\/revisions"}],"predecessor-version":[{"id":30343,"href":"https:\/\/radiorevelacionfm.cl\/index.php?rest_route=\/wp\/v2\/posts\/30341\/revisions\/30343"}],"wp:featuredmedia":[{"embeddable":true,"href":"https:\/\/radiorevelacionfm.cl\/index.php?rest_route=\/wp\/v2\/media\/30342"}],"wp:attachment":[{"href":"https:\/\/radiorevelacionfm.cl\/index.php?rest_route=%2Fwp%2Fv2%2Fmedia&parent=30341"}],"wp:term":[{"taxonomy":"category","embeddable":true,"href":"https:\/\/radiorevelacionfm.cl\/index.php?rest_route=%2Fwp%2Fv2%2Fcategories&post=30341"},{"taxonomy":"post_tag","embeddable":true,"href":"https:\/\/radiorevelacionfm.cl\/index.php?rest_route=%2Fwp%2Fv2%2Ftags&post=30341"}],"curies":[{"name":"wp","href":"https:\/\/api.w.org\/{rel}","templated":true}]}}