{"id":30329,"date":"2023-04-24T11:07:23","date_gmt":"2023-04-24T14:07:23","guid":{"rendered":"https:\/\/radiorevelacionfm.cl\/?p=30329"},"modified":"2023-04-24T11:07:23","modified_gmt":"2023-04-24T14:07:23","slug":"se-inicia-el-v-encuentro-latinoamericano-y-del-caribe-de-mujeres-rurales-en-la-ciudad-de-coyhaique","status":"publish","type":"post","link":"https:\/\/radiorevelacionfm.cl\/?p=30329","title":{"rendered":"Se inicia el V Encuentro Latinoamericano y del Caribe de Mujeres Rurales en la ciudad de Coyhaique"},"content":{"rendered":"<div class=\"flex_column av_one_full  flex_column_div av-zero-column-padding first  avia-builder-el-0  el_before_av_one_full  avia-builder-el-first  \" style='border-radius:0px; '><div  class='avia-image-container  av-styling-    avia-builder-el-1  avia-builder-el-no-sibling  avia-align-center '  itemprop=\"image\" itemscope=\"itemscope\" itemtype=\"https:\/\/schema.org\/ImageObject\"  ><div class='avia-image-container-inner'><div class='avia-image-overlay-wrap'><img decoding=\"async\" class='wp-image-30330 avia-img-lazy-loading-not-30330 avia_image' src=\"https:\/\/radiorevelacionfm.cl\/wp-content\/uploads\/2023\/04\/enlac-3-1_optimized.jpeg\" alt='' title='enlac-3-(1)_optimized' height=\"600\" width=\"924\"  itemprop=\"thumbnailUrl\" srcset=\"https:\/\/radiorevelacionfm.cl\/wp-content\/uploads\/2023\/04\/enlac-3-1_optimized.jpeg 924w, https:\/\/radiorevelacionfm.cl\/wp-content\/uploads\/2023\/04\/enlac-3-1_optimized-300x195.jpeg 300w, https:\/\/radiorevelacionfm.cl\/wp-content\/uploads\/2023\/04\/enlac-3-1_optimized-768x499.jpeg 768w, https:\/\/radiorevelacionfm.cl\/wp-content\/uploads\/2023\/04\/enlac-3-1_optimized-705x458.jpeg 705w, https:\/\/radiorevelacionfm.cl\/wp-content\/uploads\/2023\/04\/enlac-3-1_optimized-450x292.jpeg 450w, https:\/\/radiorevelacionfm.cl\/wp-content\/uploads\/2023\/04\/enlac-3-1_optimized-600x390.jpeg 600w\" sizes=\"(max-width: 924px) 100vw, 924px\" \/><\/div><\/div><\/div><\/div><div class=\"flex_column av_one_full  flex_column_div av-zero-column-padding first  avia-builder-el-2  el_after_av_one_full  el_before_av_one_full  column-top-margin\" style='border-radius:0px; '><section class=\"av_textblock_section \"  itemscope=\"itemscope\" itemtype=\"https:\/\/schema.org\/BlogPosting\" itemprop=\"blogPost\" ><div class='avia_textblock  '   itemprop=\"text\" ><p style=\"text-align: center;\"><strong><span style=\"font-size: 18pt;\">Se inicia el V Encuentro Latinoamericano y del Caribe de Mujeres Rurales en la ciudad de Coyhaique<\/span><\/strong><\/p>\n<div id=\"gtx-trans\" style=\"position: absolute; left: -50px; top: 4.31534px;\">\n<div class=\"gtx-trans-icon\"><\/div>\n<\/div>\n<\/div><\/section><\/div><div class=\"flex_column av_one_full  flex_column_div av-zero-column-padding first  avia-builder-el-4  el_after_av_one_full  el_before_av_hr  column-top-margin\" style='border-radius:0px; '><section class=\"av_textblock_section \"  itemscope=\"itemscope\" itemtype=\"https:\/\/schema.org\/BlogPosting\" itemprop=\"blogPost\" ><div class='avia_textblock  '   itemprop=\"text\" ><p dir=\"ltr\" style=\"text-align: justify;\">Desde este lunes 24 al viernes 28 de abril, la capital regional de Ays\u00e9n ser\u00e1 la sede del Quinto Encuentro Latinoamericano y del Caribe de Mujeres Rurales (V ENLAC), evento que trae a Coyhaique a m\u00e1s de 160 representantes, autoridades y dirigentas de 16 pa\u00edses del continente, cuyas organizaciones se agrupan en la Red Latinoamericana y del Caribe de Mujeres Rurales (Red LAC).<\/p>\n<p dir=\"ltr\" style=\"text-align: justify;\">\u00abPoder llevar a cabo este encuentro, ser anfitriones como Regi\u00f3n de Ays\u00e9n, recibir a las mujeres rurales de toda Latinoam\u00e9rica en nuestro territorio, es un motivo de orgullo, pero adem\u00e1s es una motivaci\u00f3n, un aliciente, para seguir trabajando. Como Gobierno Regional hemos estado comprometidos con el desarrollo del sector agr\u00edcola, pero tambi\u00e9n poniendo un foco en la mujer rural, que es la que habitualmente est\u00e1 en la producci\u00f3n de alimentos\u00bb, informo la Gobernadora Regional de Ays\u00e9n, Andrea Mac\u00edas Palma.<\/p>\n<p dir=\"ltr\" style=\"text-align: justify;\">Esta masiva reuni\u00f3n de representantes de diversos territorios, como Argentina, Brasil, Chile, Bolivia, Colombia, Panam\u00e1, Honduras, Ecuador, entre otros, se llevar\u00e1 a cabo en el Centro Cultural de Coyhaique y tiene como objetivo trabajar para en el reconocimiento oficial, por parte de los Estados y organismos internacionales, de la declaratoria de la D\u00e9cada de las Mujeres Rurales, la cual fue instaurada por la Red LAC en octubre de 2021.<\/p>\n<p dir=\"ltr\" style=\"text-align: justify;\">A la ceremonia de apertura de este lunes asisten autoridades como: el Alcalde de la Municipalidad de Coyhaique, Carlos Gatica Villegas; el Delegado Presidencial Regional de Ays\u00e9n, Rodrigo Araya Morales; la Presidenta Asociaci\u00f3n Gremial de Mujeres Campesinas de la Patagonia Ays\u00e9n y representante de la Red LAC Chile, Guillermina Miranda Zapata; la Secretaria Ejecutiva de la Red LAC, Luz Haro Guanga; Presidenta de la CIM-OEA y Ministra de Desarrollo Social de Panam\u00e1, Mar\u00eda In\u00e9s Castillo; la Consultora de G\u00e9nero Oficina Regional de la FAO para Am\u00e9rica Latina y el Caribe, Catalina Ivanovic Willumsen; la Directora ONU Mujeres Guatemala, Moni Pizani Orsini; Rectora de la Universidad de Ays\u00e9n, Natacha Pino Acu\u00f1a; entre otras autoridades y dirigentas del continente.<\/p>\n<p dir=\"ltr\" style=\"text-align: justify;\">\u00abNosotras venimos a Coyhaique desde distintas zonas y climas. Llegamos cargadas de muchas emociones y compromisos para tratar temas muy importantes para cada una de nosotras, que somos diversas en la geograf\u00eda, pero muy unidas en causas comunes, luchando siempre por mejores d\u00edas para nosotras, para nuestras hijas, hijos, y para el mundo entero\u00bb, comenta Luz Haro Guanga, secretaria ejecutiva de la Red LAC.<\/p>\n<p dir=\"ltr\" style=\"text-align: justify;\">Desde su creaci\u00f3n en 1990, la Red LAC ha puesto \u00e9nfasis en discutir y dar a conocer diferentes temas relacionados con las mujeres rurales, que se concentran en seis ejes que se abordar\u00e1n dentro del encuentro en la ciudad de Coyhaique: i) El Agua, nacimiento, vida y muerte; ii) Violencia contra las mujeres y derechos; iii) Tierra, producci\u00f3n y trabajo; iv) Participaci\u00f3n pol\u00edtica de las mujeres en la ruralidad; v) Comunicaci\u00f3n Comunitaria; vi) Cambio clim\u00e1tico.<\/p>\n<p dir=\"ltr\" style=\"text-align: justify;\">Dentro del programa del V ENLAC, que se encuentra disponible en la p\u00e1gina web <a href=\"http:\/\/www.enlac.cl\/\" target=\"_blank\" rel=\"noopener noreferrer\">www.enlac.cl<\/a>, se contemplan conferencias magistrales y foros tem\u00e1ticos por cada uno de los ejes, que tendr\u00e1n como protagonistas a las mujeres rurales de los distintos pa\u00edses participantes y ser\u00e1n abiertas al p\u00fablico. Adem\u00e1s, se realizar\u00e1n mesas de trabajo para discutir las problem\u00e1ticas, las posibles soluciones y tambi\u00e9n las alianzas estrat\u00e9gicas para abrir camino a las mujeres rurales de Latinoam\u00e9rica y de todo el mundo.<\/p>\n<\/div><\/section><\/div><div  style='height:50px' class='hr hr-invisible   avia-builder-el-6  el_after_av_one_full  el_before_av_social_share '><span class='hr-inner ' ><span class='hr-inner-style'><\/span><\/span><\/div><\/p>\n<div  class='av-social-sharing-box  avia-builder-el-7  el_after_av_hr  el_before_av_hr  '><div class='av-share-box'><h5 class='av-share-link-description av-no-toc '>Compartir esta noticia<\/h5><ul class='av-share-box-list noLightbox'><li class='av-share-link av-social-link-facebook' ><a target=\"_blank\" aria-label=\"Compartir en Facebook\" href='https:\/\/www.facebook.com\/sharer.php?u=https:\/\/radiorevelacionfm.cl\/?p=30329&#038;t=Se%20inicia%20el%20V%20Encuentro%20Latinoamericano%20y%20del%20Caribe%20de%20Mujeres%20Rurales%20en%20la%20ciudad%20de%20Coyhaique' aria-hidden='false' data-av_icon='\ue8f3' data-av_iconfont='entypo-fontello' title='' data-avia-related-tooltip='Compartir en Facebook' rel=\"noopener\"><span class='avia_hidden_link_text'>Compartir en Facebook<\/span><\/a><\/li><li class='av-share-link av-social-link-twitter' ><a target=\"_blank\" aria-label=\"Compartir en Twitter\" href='https:\/\/twitter.com\/share?text=Se%20inicia%20el%20V%20Encuentro%20Latinoamericano%20y%20del%20Caribe%20de%20Mujeres%20Rurales%20en%20la%20ciudad%20de%20Coyhaique&#038;url=https:\/\/radiorevelacionfm.cl\/?p=30329' aria-hidden='false' data-av_icon='\ue8f1' data-av_iconfont='entypo-fontello' title='' data-avia-related-tooltip='Compartir en Twitter' rel=\"noopener\"><span class='avia_hidden_link_text'>Compartir en Twitter<\/span><\/a><\/li><li class='av-share-link av-social-link-whatsapp' ><a target=\"_blank\" aria-label=\"Compartir en Whatsapp\" href='https:\/\/api.whatsapp.com\/send?text=https:\/\/radiorevelacionfm.cl\/?p=30329' aria-hidden='false' data-av_icon='\uf232' data-av_iconfont='entypo-fontello' title='' data-avia-related-tooltip='Compartir en Whatsapp' rel=\"noopener\"><span class='avia_hidden_link_text'>Compartir en Whatsapp<\/span><\/a><\/li><li class='av-share-link av-social-link-linkedin' ><a target=\"_blank\" aria-label=\"Compartir en LinkedIn\" href='https:\/\/linkedin.com\/shareArticle?mini=true&#038;title=Se%20inicia%20el%20V%20Encuentro%20Latinoamericano%20y%20del%20Caribe%20de%20Mujeres%20Rurales%20en%20la%20ciudad%20de%20Coyhaique&#038;url=https:\/\/radiorevelacionfm.cl\/?p=30329' aria-hidden='false' data-av_icon='\ue8fc' data-av_iconfont='entypo-fontello' title='' data-avia-related-tooltip='Compartir en LinkedIn' rel=\"noopener\"><span class='avia_hidden_link_text'>Compartir en LinkedIn<\/span><\/a><\/li><li class='av-share-link av-social-link-mail' ><a  aria-label=\"Compartir por correo\" href='mailto:?subject=Se%20inicia%20el%20V%20Encuentro%20Latinoamericano%20y%20del%20Caribe%20de%20Mujeres%20Rurales%20en%20la%20ciudad%20de%20Coyhaique&#038;body=https:\/\/radiorevelacionfm.cl\/?p=30329' aria-hidden='false' data-av_icon='\ue805' data-av_iconfont='entypo-fontello' title='' data-avia-related-tooltip='Compartir por correo'><span class='avia_hidden_link_text'>Compartir por correo<\/span><\/a><\/li><\/ul><\/div><\/div>\n<div  style='height:50px' class='hr hr-invisible   avia-builder-el-8  el_after_av_social_share  el_before_av_comments_list '><span class='hr-inner ' ><span class='hr-inner-style'><\/span><\/span><\/div>\n<div  class='av-buildercomment  av-blog-meta-html-info-disabled av-blog-meta-tag-disabled  '><\/div>\n","protected":false},"excerpt":{"rendered":"","protected":false},"author":1,"featured_media":30330,"comment_status":"open","ping_status":"open","sticky":false,"template":"","format":"standard","meta":{"footnotes":""},"categories":[38],"tags":[],"class_list":["post-30329","post","type-post","status-publish","format-standard","has-post-thumbnail","hentry","category-regional"],"jetpack_featured_media_url":"https:\/\/radiorevelacionfm.cl\/wp-content\/uploads\/2023\/04\/enlac-3-1_optimized.jpeg","_links":{"self":[{"href":"https:\/\/radiorevelacionfm.cl\/index.php?rest_route=\/wp\/v2\/posts\/30329","targetHints":{"allow":["GET"]}}],"collection":[{"href":"https:\/\/radiorevelacionfm.cl\/index.php?rest_route=\/wp\/v2\/posts"}],"about":[{"href":"https:\/\/radiorevelacionfm.cl\/index.php?rest_route=\/wp\/v2\/types\/post"}],"author":[{"embeddable":true,"href":"https:\/\/radiorevelacionfm.cl\/index.php?rest_route=\/wp\/v2\/users\/1"}],"replies":[{"embeddable":true,"href":"https:\/\/radiorevelacionfm.cl\/index.php?rest_route=%2Fwp%2Fv2%2Fcomments&post=30329"}],"version-history":[{"count":1,"href":"https:\/\/radiorevelacionfm.cl\/index.php?rest_route=\/wp\/v2\/posts\/30329\/revisions"}],"predecessor-version":[{"id":30331,"href":"https:\/\/radiorevelacionfm.cl\/index.php?rest_route=\/wp\/v2\/posts\/30329\/revisions\/30331"}],"wp:featuredmedia":[{"embeddable":true,"href":"https:\/\/radiorevelacionfm.cl\/index.php?rest_route=\/wp\/v2\/media\/30330"}],"wp:attachment":[{"href":"https:\/\/radiorevelacionfm.cl\/index.php?rest_route=%2Fwp%2Fv2%2Fmedia&parent=30329"}],"wp:term":[{"taxonomy":"category","embeddable":true,"href":"https:\/\/radiorevelacionfm.cl\/index.php?rest_route=%2Fwp%2Fv2%2Fcategories&post=30329"},{"taxonomy":"post_tag","embeddable":true,"href":"https:\/\/radiorevelacionfm.cl\/index.php?rest_route=%2Fwp%2Fv2%2Ftags&post=30329"}],"curies":[{"name":"wp","href":"https:\/\/api.w.org\/{rel}","templated":true}]}}