{"id":30326,"date":"2023-04-22T11:40:58","date_gmt":"2023-04-22T14:40:58","guid":{"rendered":"https:\/\/radiorevelacionfm.cl\/?p=30326"},"modified":"2023-04-22T11:40:58","modified_gmt":"2023-04-22T14:40:58","slug":"en-puerto-aysen-inauguran-la-primera-plaza-deportiva-elige-vivir-sano-de-la-region","status":"publish","type":"post","link":"https:\/\/radiorevelacionfm.cl\/?p=30326","title":{"rendered":"En Puerto Ays\u00e9n inauguran la primera plaza deportiva Elige Vivir Sano de la Regi\u00f3n"},"content":{"rendered":"<div class=\"flex_column av_one_full  flex_column_div av-zero-column-padding first  avia-builder-el-0  el_before_av_one_full  avia-builder-el-first  \" style='border-radius:0px; '><div  class='avia-image-container  av-styling-    avia-builder-el-1  avia-builder-el-no-sibling  avia-align-center '  itemprop=\"image\" itemscope=\"itemscope\" itemtype=\"https:\/\/schema.org\/ImageObject\"  ><div class='avia-image-container-inner'><div class='avia-image-overlay-wrap'><img decoding=\"async\" class='wp-image-30327 avia-img-lazy-loading-not-30327 avia_image' src=\"https:\/\/radiorevelacionfm.cl\/wp-content\/uploads\/2023\/04\/ser-1-1-1.jpg\" alt='' title='ser (1) (1) (1)' height=\"600\" width=\"876\"  itemprop=\"thumbnailUrl\" srcset=\"https:\/\/radiorevelacionfm.cl\/wp-content\/uploads\/2023\/04\/ser-1-1-1.jpg 876w, https:\/\/radiorevelacionfm.cl\/wp-content\/uploads\/2023\/04\/ser-1-1-1-300x205.jpg 300w, https:\/\/radiorevelacionfm.cl\/wp-content\/uploads\/2023\/04\/ser-1-1-1-768x526.jpg 768w, https:\/\/radiorevelacionfm.cl\/wp-content\/uploads\/2023\/04\/ser-1-1-1-705x483.jpg 705w, https:\/\/radiorevelacionfm.cl\/wp-content\/uploads\/2023\/04\/ser-1-1-1-450x308.jpg 450w, https:\/\/radiorevelacionfm.cl\/wp-content\/uploads\/2023\/04\/ser-1-1-1-600x411.jpg 600w\" sizes=\"(max-width: 876px) 100vw, 876px\" \/><\/div><\/div><\/div><\/div><div class=\"flex_column av_one_full  flex_column_div av-zero-column-padding first  avia-builder-el-2  el_after_av_one_full  el_before_av_one_full  column-top-margin\" style='border-radius:0px; '><section class=\"av_textblock_section \"  itemscope=\"itemscope\" itemtype=\"https:\/\/schema.org\/BlogPosting\" itemprop=\"blogPost\" ><div class='avia_textblock  '   itemprop=\"text\" ><p style=\"text-align: center;\"><span style=\"font-size: 18pt;\"><b><span lang=\"ES-MX\">En Puerto Ays\u00e9n inauguran la primera plaza deportiva Elige Vivir Sano de la Regi\u00f3n<\/span><\/b><\/span><\/p>\n<div id=\"gtx-trans\" style=\"position: absolute; left: -50px; top: 4.31534px;\">\n<div class=\"gtx-trans-icon\"><\/div>\n<\/div>\n<\/div><\/section><\/div><div class=\"flex_column av_one_full  flex_column_div av-zero-column-padding first  avia-builder-el-4  el_after_av_one_full  el_before_av_hr  column-top-margin\" style='border-radius:0px; '><section class=\"av_textblock_section \"  itemscope=\"itemscope\" itemtype=\"https:\/\/schema.org\/BlogPosting\" itemprop=\"blogPost\" ><div class='avia_textblock  '   itemprop=\"text\" ><p class=\"v1MsoNormal\" style=\"text-align: justify;\"><span lang=\"ES-MX\">La nueva zona deportiva de 2.000 m2 de extensi\u00f3n aproximadamente y cuya inversi\u00f3n <\/span><span lang=\"ES-MX\">asciende a $327.732.734\u00a0 elaborada y financiada con fondos sectoriales del Instituto Nacional de Deportes, se emplaza en el pol\u00edgono de \u00e1rea verde ubicado en el sector Ribera Sur de la comuna frente al Hospital.<\/span><\/p>\n<p class=\"v1MsoNormal\" style=\"text-align: justify;\"><span lang=\"ES-MX\">Cabe destacar que este proyectos es producto del trabajo mancomunado entre las y\u00a0<\/span>los funcionarios del departamento de infraestructura de IND, el Municipio de Ays\u00e9n y su Corporaci\u00f3n de Deportes, lo que ha permitido inaugurar hoy una plaza deportiva moderna e inclusiva.<\/p>\n<p class=\"v1MsoNormal\" style=\"text-align: justify;\"><span lang=\"ES-MX\">A la inauguraci\u00f3n realizada hoy asisti\u00f3 el Alcalde la comuna Luis Uribe\u00a0 Alvarado, Delegado Presidencial Regional de Ays\u00e9n, Sr. Rodrigo Araya Morales, Seremi del Deporte Regi\u00f3n de Ays\u00e9n, Sra. Mar\u00eda Eugenia Dur\u00e1n Jara, la Concejala Sra. Rosa Gonz\u00e1lez B\u00f3rquez, el Consejero Regional Sr. Sergio Gonz\u00e1lez B\u00f3rquez, Javier Medina Mella director regional (s) Instituto Nacional de Deportes Ays\u00e9n, profesores, deportistas y juntas de vecinos.<\/span><\/p>\n<p class=\"v1MsoNormal\" style=\"text-align: justify;\"><span lang=\"ES-MX\">El proyecto consta de cinco m\u00f3dulos tipo destinados a diferentes fines deportivos, tales\u00a0<\/span>como: calistenia, peso variable, m\u00f3dulo inclusivo, infantil y adulto mayor. Adem\u00e1s, cada espacio cuenta con un suelo de caucho para minimizar los impactos, bebederos de agua,\u00a0<span lang=\"ES-MX\">iluminaci\u00f3n, mobiliario urbano como bancas, donde el deporte social tendr\u00e1 importante\u00a0<\/span>infraestructura a su disposici\u00f3n, democratizando el acceso a espacios para la pr\u00e1ctica de la actividad f\u00edsica a toda la poblaci\u00f3n.<\/p>\n<div style=\"text-align: justify;\">\n<p class=\"v1MsoNormal\"><span lang=\"ES-MX\">Este nuevo proyecto para la comunidad significa adem\u00e1s m\u00e1s seguridad ciudadana, a trav\u00e9s de la recuperaci\u00f3n de un espacio p\u00fablico con dise\u00f1o inclusivo para el disfrute de la actividad f\u00edsica de todas las vecinas y vecinos que considera a todos los segmentos etarios de la poblaci\u00f3n, desde la primera infancia a las personas mayores y en situaci\u00f3n de discapacidad.<\/span><\/p>\n<p class=\"v1MsoNormal\">Un espacio f\u00edsico que aporta a la salud mental de las y los Aiseninos y que incentiva al autocuidado, fomentando una cultura del movimiento de acuerdo a los lineamientos del programa de gobierno del Presidente Gabriel Boric.<\/p>\n<\/div>\n<div style=\"text-align: justify;\"><\/div>\n<\/div><\/section><\/div><div  style='height:50px' class='hr hr-invisible   avia-builder-el-6  el_after_av_one_full  el_before_av_social_share '><span class='hr-inner ' ><span class='hr-inner-style'><\/span><\/span><\/div><\/p>\n<div  class='av-social-sharing-box  avia-builder-el-7  el_after_av_hr  el_before_av_hr  '><div class='av-share-box'><h5 class='av-share-link-description av-no-toc '>Compartir esta noticia<\/h5><ul class='av-share-box-list noLightbox'><li class='av-share-link av-social-link-facebook' ><a target=\"_blank\" aria-label=\"Compartir en Facebook\" href='https:\/\/www.facebook.com\/sharer.php?u=https:\/\/radiorevelacionfm.cl\/?p=30326&#038;t=En%20Puerto%20Ays%C3%A9n%20inauguran%20la%20primera%20plaza%20deportiva%20Elige%20Vivir%20Sano%20de%20la%20Regi%C3%B3n' aria-hidden='false' data-av_icon='\ue8f3' data-av_iconfont='entypo-fontello' title='' data-avia-related-tooltip='Compartir en Facebook' rel=\"noopener\"><span class='avia_hidden_link_text'>Compartir en Facebook<\/span><\/a><\/li><li class='av-share-link av-social-link-twitter' ><a target=\"_blank\" aria-label=\"Compartir en Twitter\" href='https:\/\/twitter.com\/share?text=En%20Puerto%20Ays%C3%A9n%20inauguran%20la%20primera%20plaza%20deportiva%20Elige%20Vivir%20Sano%20de%20la%20Regi%C3%B3n&#038;url=https:\/\/radiorevelacionfm.cl\/?p=30326' aria-hidden='false' data-av_icon='\ue8f1' data-av_iconfont='entypo-fontello' title='' data-avia-related-tooltip='Compartir en Twitter' rel=\"noopener\"><span class='avia_hidden_link_text'>Compartir en Twitter<\/span><\/a><\/li><li class='av-share-link av-social-link-whatsapp' ><a target=\"_blank\" aria-label=\"Compartir en Whatsapp\" href='https:\/\/api.whatsapp.com\/send?text=https:\/\/radiorevelacionfm.cl\/?p=30326' aria-hidden='false' data-av_icon='\uf232' data-av_iconfont='entypo-fontello' title='' data-avia-related-tooltip='Compartir en Whatsapp' rel=\"noopener\"><span class='avia_hidden_link_text'>Compartir en Whatsapp<\/span><\/a><\/li><li class='av-share-link av-social-link-linkedin' ><a target=\"_blank\" aria-label=\"Compartir en LinkedIn\" href='https:\/\/linkedin.com\/shareArticle?mini=true&#038;title=En%20Puerto%20Ays%C3%A9n%20inauguran%20la%20primera%20plaza%20deportiva%20Elige%20Vivir%20Sano%20de%20la%20Regi%C3%B3n&#038;url=https:\/\/radiorevelacionfm.cl\/?p=30326' aria-hidden='false' data-av_icon='\ue8fc' data-av_iconfont='entypo-fontello' title='' data-avia-related-tooltip='Compartir en LinkedIn' rel=\"noopener\"><span class='avia_hidden_link_text'>Compartir en LinkedIn<\/span><\/a><\/li><li class='av-share-link av-social-link-mail' ><a  aria-label=\"Compartir por correo\" href='mailto:?subject=En%20Puerto%20Ays%C3%A9n%20inauguran%20la%20primera%20plaza%20deportiva%20Elige%20Vivir%20Sano%20de%20la%20Regi%C3%B3n&#038;body=https:\/\/radiorevelacionfm.cl\/?p=30326' aria-hidden='false' data-av_icon='\ue805' data-av_iconfont='entypo-fontello' title='' data-avia-related-tooltip='Compartir por correo'><span class='avia_hidden_link_text'>Compartir por correo<\/span><\/a><\/li><\/ul><\/div><\/div>\n<div  style='height:50px' class='hr hr-invisible   avia-builder-el-8  el_after_av_social_share  el_before_av_comments_list '><span class='hr-inner ' ><span class='hr-inner-style'><\/span><\/span><\/div>\n<div  class='av-buildercomment  av-blog-meta-html-info-disabled av-blog-meta-tag-disabled  '><\/div>\n","protected":false},"excerpt":{"rendered":"","protected":false},"author":1,"featured_media":30327,"comment_status":"open","ping_status":"open","sticky":false,"template":"","format":"standard","meta":{"footnotes":""},"categories":[40],"tags":[],"class_list":["post-30326","post","type-post","status-publish","format-standard","has-post-thumbnail","hentry","category-deportes"],"jetpack_featured_media_url":"https:\/\/radiorevelacionfm.cl\/wp-content\/uploads\/2023\/04\/ser-1-1-1.jpg","_links":{"self":[{"href":"https:\/\/radiorevelacionfm.cl\/index.php?rest_route=\/wp\/v2\/posts\/30326","targetHints":{"allow":["GET"]}}],"collection":[{"href":"https:\/\/radiorevelacionfm.cl\/index.php?rest_route=\/wp\/v2\/posts"}],"about":[{"href":"https:\/\/radiorevelacionfm.cl\/index.php?rest_route=\/wp\/v2\/types\/post"}],"author":[{"embeddable":true,"href":"https:\/\/radiorevelacionfm.cl\/index.php?rest_route=\/wp\/v2\/users\/1"}],"replies":[{"embeddable":true,"href":"https:\/\/radiorevelacionfm.cl\/index.php?rest_route=%2Fwp%2Fv2%2Fcomments&post=30326"}],"version-history":[{"count":1,"href":"https:\/\/radiorevelacionfm.cl\/index.php?rest_route=\/wp\/v2\/posts\/30326\/revisions"}],"predecessor-version":[{"id":30328,"href":"https:\/\/radiorevelacionfm.cl\/index.php?rest_route=\/wp\/v2\/posts\/30326\/revisions\/30328"}],"wp:featuredmedia":[{"embeddable":true,"href":"https:\/\/radiorevelacionfm.cl\/index.php?rest_route=\/wp\/v2\/media\/30327"}],"wp:attachment":[{"href":"https:\/\/radiorevelacionfm.cl\/index.php?rest_route=%2Fwp%2Fv2%2Fmedia&parent=30326"}],"wp:term":[{"taxonomy":"category","embeddable":true,"href":"https:\/\/radiorevelacionfm.cl\/index.php?rest_route=%2Fwp%2Fv2%2Fcategories&post=30326"},{"taxonomy":"post_tag","embeddable":true,"href":"https:\/\/radiorevelacionfm.cl\/index.php?rest_route=%2Fwp%2Fv2%2Ftags&post=30326"}],"curies":[{"name":"wp","href":"https:\/\/api.w.org\/{rel}","templated":true}]}}