{"id":30322,"date":"2023-04-21T21:28:06","date_gmt":"2023-04-22T00:28:06","guid":{"rendered":"https:\/\/radiorevelacionfm.cl\/?p=30322"},"modified":"2023-04-21T21:28:06","modified_gmt":"2023-04-22T00:28:06","slug":"detienen-a-sujeto-tras-el-decomiso-de-mas-de-2-kilos-de-marihuana-y-12-plantas-de-cannabis-sativa","status":"publish","type":"post","link":"https:\/\/radiorevelacionfm.cl\/?p=30322","title":{"rendered":"Detienen a sujeto tras el decomiso de m\u00e1s de 2 kilos de marihuana y 12 plantas de cannabis sativa"},"content":{"rendered":"<div class=\"flex_column av_one_full  flex_column_div av-zero-column-padding first  avia-builder-el-0  el_before_av_one_full  avia-builder-el-first  \" style='border-radius:0px; '><div  class='avia-image-container  av-styling-    avia-builder-el-1  avia-builder-el-no-sibling  avia-align-center '  itemprop=\"image\" itemscope=\"itemscope\" itemtype=\"https:\/\/schema.org\/ImageObject\"  ><div class='avia-image-container-inner'><div class='avia-image-overlay-wrap'><img decoding=\"async\" class='wp-image-30324 avia-img-lazy-loading-not-30324 avia_image' src=\"https:\/\/radiorevelacionfm.cl\/wp-content\/uploads\/2023\/04\/6975e116-9031-42e4-b78e-85e21f47353d-1_optimized-1.jpg\" alt='' title='6975e116-9031-42e4-b78e-85e21f47353d-(1)_optimized (1)' height=\"600\" width=\"822\"  itemprop=\"thumbnailUrl\" srcset=\"https:\/\/radiorevelacionfm.cl\/wp-content\/uploads\/2023\/04\/6975e116-9031-42e4-b78e-85e21f47353d-1_optimized-1.jpg 822w, https:\/\/radiorevelacionfm.cl\/wp-content\/uploads\/2023\/04\/6975e116-9031-42e4-b78e-85e21f47353d-1_optimized-1-300x219.jpg 300w, https:\/\/radiorevelacionfm.cl\/wp-content\/uploads\/2023\/04\/6975e116-9031-42e4-b78e-85e21f47353d-1_optimized-1-768x561.jpg 768w, https:\/\/radiorevelacionfm.cl\/wp-content\/uploads\/2023\/04\/6975e116-9031-42e4-b78e-85e21f47353d-1_optimized-1-705x515.jpg 705w, https:\/\/radiorevelacionfm.cl\/wp-content\/uploads\/2023\/04\/6975e116-9031-42e4-b78e-85e21f47353d-1_optimized-1-450x328.jpg 450w, https:\/\/radiorevelacionfm.cl\/wp-content\/uploads\/2023\/04\/6975e116-9031-42e4-b78e-85e21f47353d-1_optimized-1-600x438.jpg 600w\" sizes=\"(max-width: 822px) 100vw, 822px\" \/><\/div><\/div><\/div><\/div><div class=\"flex_column av_one_full  flex_column_div av-zero-column-padding first  avia-builder-el-2  el_after_av_one_full  el_before_av_one_full  column-top-margin\" style='border-radius:0px; '><section class=\"av_textblock_section \"  itemscope=\"itemscope\" itemtype=\"https:\/\/schema.org\/BlogPosting\" itemprop=\"blogPost\" ><div class='avia_textblock  '   itemprop=\"text\" ><p style=\"text-align: center;\"><strong><span style=\"font-size: 18pt;\">Detienen a sujeto tras el decomiso de m\u00e1s de 2 kilos de marihuana y 12 plantas de cannabis sativa <\/span><\/strong><\/p>\n<div id=\"gtx-trans\" style=\"position: absolute; left: -50px; top: 4.31534px;\">\n<div class=\"gtx-trans-icon\"><\/div>\n<\/div>\n<\/div><\/section><\/div><div class=\"flex_column av_one_full  flex_column_div av-zero-column-padding first  avia-builder-el-4  el_after_av_one_full  el_before_av_hr  column-top-margin\" style='border-radius:0px; '><section class=\"av_textblock_section \"  itemscope=\"itemscope\" itemtype=\"https:\/\/schema.org\/BlogPosting\" itemprop=\"blogPost\" ><div class='avia_textblock  '   itemprop=\"text\" ><p class=\"v1MsoNormal\" style=\"text-align: justify;\">Con la finalidad de incrementar los niveles de vigilancia, detener a personas con \u00f3rdenes judiciales pendientes, atacar los focos delictuales y actuar en flagrancia, Carabineros desarroll\u00f3 un servicio de ronda focalizada a nivel nacional, la cual fue desplegada en la regi\u00f3n de Ays\u00e9n con un saldo de seis personas detenidas por diversos delitos.<\/p>\n<p class=\"v1MsoNormal\" style=\"text-align: justify;\">M\u00e1s de 60 carabineros fueron desplegados en el territorio, reforzando los patrullajes en apoyo al plan cuadrante de seguridad preventiva, realizando servicios en sectores georeferenciados, brindando m\u00e1s seguridad y protecci\u00f3n a la comunidad.<\/p>\n<p class=\"v1MsoNormal\" style=\"text-align: justify;\">Durante el transcurso del servicio de ronda focalizada, en virtud de un antecedente obtenido por Carabineros, se desarroll\u00f3 un procedimiento en un sector rural de la comuna de Coyhaique, lo cual permiti\u00f3 sacar droga de circulaci\u00f3n y evitar que esta llegue a potenciales consumidores.<\/p>\n<p class=\"v1MsoNormal\" style=\"text-align: justify;\">\u00abEn particular la Secci\u00f3n OS-7 Ays\u00e9n logr\u00f3 desarrollar un procedimiento que dice relaci\u00f3n con el ingreso voluntario a un inmueble -con informaci\u00f3n entregada por nuestra comunidad- que dec\u00eda relaci\u00f3n con cultivo ilegal de plantas del g\u00e9nero cannabis sativa\u00bb, expres\u00f3 el Jefe de la Secci\u00f3n OS-7 Ays\u00e9n, Capit\u00e1n Pablo Ardiles Herrera.<\/p>\n<p class=\"v1MsoNormal\" style=\"text-align: justify;\">\u00abEn este orden de ideas y en conjunto con el trabajo del Ministerio P\u00fablico, se desarrolla un ingreso al inmueble denunciado, se logra la detenci\u00f3n de un imputado, quien no solo ten\u00eda plantas de marihuana en proceso de crecimiento, sino que ten\u00eda -de igual manera- m\u00e1s de 2 kilos de marihuana a granel en proceso de secado e incluso envoltorios listos para su venta\u00bb, complement\u00f3 el Oficial.<\/p>\n<p class=\"v1MsoNormal\" style=\"text-align: justify;\">La diligencia permiti\u00f3 el decomiso de 12 plantas del g\u00e9nero cannabis sativa, dinero en efectivo, adem\u00e1s de una c\u00e1mara de seguridad y otras especies destinadas a la comisi\u00f3n del delito, tras lo cual el sujeto -quien registra una detenci\u00f3n anterior por infracci\u00f3n a la ley 20.000- fue detenido por tr\u00e1fico il\u00edcito de drogas y cultivo ilegal de cannabis sativa.<\/p>\n<p class=\"v1MsoNormal\" style=\"text-align: justify;\">Tanto el aprehendido como los antecedentes del procedimiento fueron puestos en conocimiento de la Fiscal\u00eda, siendo el sujeto derivado a la audiencia de control de detenci\u00f3n por este hecho, quedando privado de libertad en espera de la resoluci\u00f3n por parte del Tribunal respectivo.<\/p>\n<p class=\"v1MsoNormal\" style=\"text-align: justify;\">El desarrollo de la ronda focalizada en tanto, arroj\u00f3 en la regi\u00f3n de Ays\u00e9n 78 controles de identidad, 124 controles vehiculares, 13 infracciones al tr\u00e1nsito, 14 fiscalizaciones a locales de alcoholes y la incautaci\u00f3n de dos armas blancas.<\/p>\n<p class=\"v1MsoNormal\" style=\"text-align: justify;\"><b>Labor a nivel nacional<\/b><\/p>\n<p class=\"v1MsoNormal\" style=\"text-align: justify;\">A nivel nacional el servicio culmin\u00f3 con la detenci\u00f3n de 677 personas por distintos delitos, entre ellos 268 por orden judicial.<\/p>\n<p class=\"v1MsoNormal\" style=\"text-align: justify;\">De igual forma, Carabineros logr\u00f3 el decomiso de 223,6 kilos de droga, 155,2 de marihuana elaborada, 67,7 de pasta base, 0,68 kilos de clorhidrato de coca\u00edna y 426 plantas de marihuana.<\/p>\n<p class=\"v1MsoNormal\" style=\"text-align: justify;\">El masivo operativo permiti\u00f3 recuperar 46 veh\u00edculos con encargo por robo, adem\u00e1s de 64 armas y 257 municiones fueron sacadas de circulaci\u00f3n.<\/p>\n<\/div><\/section><\/div><div  style='height:50px' class='hr hr-invisible   avia-builder-el-6  el_after_av_one_full  el_before_av_social_share '><span class='hr-inner ' ><span class='hr-inner-style'><\/span><\/span><\/div><\/p>\n<div  class='av-social-sharing-box  avia-builder-el-7  el_after_av_hr  el_before_av_hr  '><div class='av-share-box'><h5 class='av-share-link-description av-no-toc '>Compartir esta noticia<\/h5><ul class='av-share-box-list noLightbox'><li class='av-share-link av-social-link-facebook' ><a target=\"_blank\" aria-label=\"Compartir en Facebook\" href='https:\/\/www.facebook.com\/sharer.php?u=https:\/\/radiorevelacionfm.cl\/?p=30322&#038;t=Detienen%20a%20sujeto%20tras%20el%20decomiso%20de%20m%C3%A1s%20de%202%20kilos%20de%20marihuana%20y%2012%20plantas%20de%20cannabis%20sativa' aria-hidden='false' data-av_icon='\ue8f3' data-av_iconfont='entypo-fontello' title='' data-avia-related-tooltip='Compartir en Facebook' rel=\"noopener\"><span class='avia_hidden_link_text'>Compartir en Facebook<\/span><\/a><\/li><li class='av-share-link av-social-link-twitter' ><a target=\"_blank\" aria-label=\"Compartir en Twitter\" href='https:\/\/twitter.com\/share?text=Detienen%20a%20sujeto%20tras%20el%20decomiso%20de%20m%C3%A1s%20de%202%20kilos%20de%20marihuana%20y%2012%20plantas%20de%20cannabis%20sativa&#038;url=https:\/\/radiorevelacionfm.cl\/?p=30322' aria-hidden='false' data-av_icon='\ue8f1' data-av_iconfont='entypo-fontello' title='' data-avia-related-tooltip='Compartir en Twitter' rel=\"noopener\"><span class='avia_hidden_link_text'>Compartir en Twitter<\/span><\/a><\/li><li class='av-share-link av-social-link-whatsapp' ><a target=\"_blank\" aria-label=\"Compartir en Whatsapp\" href='https:\/\/api.whatsapp.com\/send?text=https:\/\/radiorevelacionfm.cl\/?p=30322' aria-hidden='false' data-av_icon='\uf232' data-av_iconfont='entypo-fontello' title='' data-avia-related-tooltip='Compartir en Whatsapp' rel=\"noopener\"><span class='avia_hidden_link_text'>Compartir en Whatsapp<\/span><\/a><\/li><li class='av-share-link av-social-link-linkedin' ><a target=\"_blank\" aria-label=\"Compartir en LinkedIn\" href='https:\/\/linkedin.com\/shareArticle?mini=true&#038;title=Detienen%20a%20sujeto%20tras%20el%20decomiso%20de%20m%C3%A1s%20de%202%20kilos%20de%20marihuana%20y%2012%20plantas%20de%20cannabis%20sativa&#038;url=https:\/\/radiorevelacionfm.cl\/?p=30322' aria-hidden='false' data-av_icon='\ue8fc' data-av_iconfont='entypo-fontello' title='' data-avia-related-tooltip='Compartir en LinkedIn' rel=\"noopener\"><span class='avia_hidden_link_text'>Compartir en LinkedIn<\/span><\/a><\/li><li class='av-share-link av-social-link-mail' ><a  aria-label=\"Compartir por correo\" href='mailto:?subject=Detienen%20a%20sujeto%20tras%20el%20decomiso%20de%20m%C3%A1s%20de%202%20kilos%20de%20marihuana%20y%2012%20plantas%20de%20cannabis%20sativa&#038;body=https:\/\/radiorevelacionfm.cl\/?p=30322' aria-hidden='false' data-av_icon='\ue805' data-av_iconfont='entypo-fontello' title='' data-avia-related-tooltip='Compartir por correo'><span class='avia_hidden_link_text'>Compartir por correo<\/span><\/a><\/li><\/ul><\/div><\/div>\n<div  style='height:50px' class='hr hr-invisible   avia-builder-el-8  el_after_av_social_share  el_before_av_comments_list '><span class='hr-inner ' ><span class='hr-inner-style'><\/span><\/span><\/div>\n<div  class='av-buildercomment  av-blog-meta-html-info-disabled av-blog-meta-tag-disabled  '><\/div>\n","protected":false},"excerpt":{"rendered":"","protected":false},"author":1,"featured_media":30324,"comment_status":"open","ping_status":"open","sticky":false,"template":"","format":"standard","meta":{"footnotes":""},"categories":[36],"tags":[],"class_list":["post-30322","post","type-post","status-publish","format-standard","has-post-thumbnail","hentry","category-policial"],"jetpack_featured_media_url":"https:\/\/radiorevelacionfm.cl\/wp-content\/uploads\/2023\/04\/6975e116-9031-42e4-b78e-85e21f47353d-1_optimized-1.jpg","_links":{"self":[{"href":"https:\/\/radiorevelacionfm.cl\/index.php?rest_route=\/wp\/v2\/posts\/30322","targetHints":{"allow":["GET"]}}],"collection":[{"href":"https:\/\/radiorevelacionfm.cl\/index.php?rest_route=\/wp\/v2\/posts"}],"about":[{"href":"https:\/\/radiorevelacionfm.cl\/index.php?rest_route=\/wp\/v2\/types\/post"}],"author":[{"embeddable":true,"href":"https:\/\/radiorevelacionfm.cl\/index.php?rest_route=\/wp\/v2\/users\/1"}],"replies":[{"embeddable":true,"href":"https:\/\/radiorevelacionfm.cl\/index.php?rest_route=%2Fwp%2Fv2%2Fcomments&post=30322"}],"version-history":[{"count":1,"href":"https:\/\/radiorevelacionfm.cl\/index.php?rest_route=\/wp\/v2\/posts\/30322\/revisions"}],"predecessor-version":[{"id":30325,"href":"https:\/\/radiorevelacionfm.cl\/index.php?rest_route=\/wp\/v2\/posts\/30322\/revisions\/30325"}],"wp:featuredmedia":[{"embeddable":true,"href":"https:\/\/radiorevelacionfm.cl\/index.php?rest_route=\/wp\/v2\/media\/30324"}],"wp:attachment":[{"href":"https:\/\/radiorevelacionfm.cl\/index.php?rest_route=%2Fwp%2Fv2%2Fmedia&parent=30322"}],"wp:term":[{"taxonomy":"category","embeddable":true,"href":"https:\/\/radiorevelacionfm.cl\/index.php?rest_route=%2Fwp%2Fv2%2Fcategories&post=30322"},{"taxonomy":"post_tag","embeddable":true,"href":"https:\/\/radiorevelacionfm.cl\/index.php?rest_route=%2Fwp%2Fv2%2Ftags&post=30322"}],"curies":[{"name":"wp","href":"https:\/\/api.w.org\/{rel}","templated":true}]}}