{"id":30320,"date":"2023-04-21T18:39:19","date_gmt":"2023-04-21T21:39:19","guid":{"rendered":"https:\/\/radiorevelacionfm.cl\/?p=30320"},"modified":"2023-04-21T18:39:19","modified_gmt":"2023-04-21T21:39:19","slug":"finalizo-mantencion-de-transbordador-la-tehuelche-e-instalacion-de-nuevo-bote-de-emergencia-y-pescante","status":"publish","type":"post","link":"https:\/\/radiorevelacionfm.cl\/?p=30320","title":{"rendered":"Finaliz\u00f3 mantenci\u00f3n de transbordador La Tehuelche e instalaci\u00f3n de nuevo bote de emergencia y pescante"},"content":{"rendered":"<div class=\"flex_column av_one_full  flex_column_div av-zero-column-padding first  avia-builder-el-0  el_before_av_one_full  avia-builder-el-first  \" style='border-radius:0px; '><div  class='avia-image-container  av-styling-    avia-builder-el-1  avia-builder-el-no-sibling  avia-align-center '  itemprop=\"image\" itemscope=\"itemscope\" itemtype=\"https:\/\/schema.org\/ImageObject\"  ><div class='avia-image-container-inner'><div class='avia-image-overlay-wrap'><img decoding=\"async\" class='wp-image-25661 avia-img-lazy-loading-not-25661 avia_image' src=\"https:\/\/radiorevelacionfm.cl\/wp-content\/uploads\/2022\/12\/LATEHUELCHE-1-1.jpg\" alt='' title='LATEHUELCHE (1) (1)' height=\"600\" width=\"1067\"  itemprop=\"thumbnailUrl\" srcset=\"https:\/\/radiorevelacionfm.cl\/wp-content\/uploads\/2022\/12\/LATEHUELCHE-1-1.jpg 1067w, https:\/\/radiorevelacionfm.cl\/wp-content\/uploads\/2022\/12\/LATEHUELCHE-1-1-300x169.jpg 300w, https:\/\/radiorevelacionfm.cl\/wp-content\/uploads\/2022\/12\/LATEHUELCHE-1-1-1030x579.jpg 1030w, https:\/\/radiorevelacionfm.cl\/wp-content\/uploads\/2022\/12\/LATEHUELCHE-1-1-768x432.jpg 768w, https:\/\/radiorevelacionfm.cl\/wp-content\/uploads\/2022\/12\/LATEHUELCHE-1-1-705x396.jpg 705w, https:\/\/radiorevelacionfm.cl\/wp-content\/uploads\/2022\/12\/LATEHUELCHE-1-1-600x337.jpg 600w\" sizes=\"(max-width: 1067px) 100vw, 1067px\" \/><\/div><\/div><\/div><\/div><div class=\"flex_column av_one_full  flex_column_div av-zero-column-padding first  avia-builder-el-2  el_after_av_one_full  el_before_av_one_full  column-top-margin\" style='border-radius:0px; '><section class=\"av_textblock_section \"  itemscope=\"itemscope\" itemtype=\"https:\/\/schema.org\/BlogPosting\" itemprop=\"blogPost\" ><div class='avia_textblock  '   itemprop=\"text\" ><p style=\"text-align: center;\"><strong><span style=\"font-size: 18pt;\">Finaliz\u00f3 mantenci\u00f3n de transbordador La Tehuelche e instalaci\u00f3n de nuevo bote de emergencia y pescante<\/span><\/strong><\/p>\n<div id=\"gtx-trans\" style=\"position: absolute; left: -50px; top: 4.31534px;\">\n<div class=\"gtx-trans-icon\"><\/div>\n<\/div>\n<\/div><\/section><\/div><div class=\"flex_column av_one_full  flex_column_div av-zero-column-padding first  avia-builder-el-4  el_after_av_one_full  el_before_av_hr  column-top-margin\" style='border-radius:0px; '><section class=\"av_textblock_section \"  itemscope=\"itemscope\" itemtype=\"https:\/\/schema.org\/BlogPosting\" itemprop=\"blogPost\" ><div class='avia_textblock  '   itemprop=\"text\" ><p style=\"text-align: justify;\">El Secretario Regional Ministerial de Obras P\u00fablicas, Patricio Sanhueza Ulloa junto al Director Regional de Obras Portuarias del MOP \u00c1lvaro D\u00edaz Contreras informaron este viernes 21 de abril que \u00a0finalizaron los trabajos de mantenci\u00f3n e instalaci\u00f3n de un nuevo bote de emergencia y pescante en el transbordador La Tehuelche, cumpliendo compromiso adquirido con la comunidad.<\/p>\n<p style=\"text-align: justify;\">Al respecto, el Director Regional de Obras Portuarias del Ministerio de Obras P\u00fablicas \u00c1lvaro D\u00edaz afirm\u00f3 \u201ceste viernes 21 de abril los trabajos de instalaci\u00f3n del nuevo bote de emergencia y pescante, y la mantenci\u00f3n de la nave La Tehuelche fueron terminados de manera exitosa y en 10 d\u00edas como hab\u00edamos comprometido a la comunidad. Adem\u00e1s, logramos con la empresa ASMAR Magallanes y en coordinaci\u00f3n con el operador de la Barcaza realizar otras labores adicionales como son las mantenciones al sistema el\u00e9ctrico, revisiones al sistema hidr\u00e1ulico de la rampa de la nave, la realizaci\u00f3n de mantenimiento a los generadores el\u00e9ctricos, por lo tanto el transbordador La Tehuelche hoy se encuentra en condiciones de volver a realizar sus viajes de manera normal en el lago general Carrera, dando continuidad a la conectividad lacustre entre las ciudades de Chile Chico y Puerto Ingeniero Ib\u00e1\u00f1ez\u201d.<\/p>\n<p style=\"text-align: justify;\">El SEREMI de Obras P\u00fablicas fue consultado acerca del desarrollo de este proceso, indicando estar conforme con el cumplimiento de cada etapa y la conclusi\u00f3n de la mantenci\u00f3n de la nave La Tehuelche en el plazo previamente informado en reuniones con dirigentes del \u00e1rea del transporte, comercio, turismo y diversos representantes de la comunidad. \u201cEsta situaci\u00f3n para nuestro equipo es muy significativa, porque hoy estamos trabajando con mucho sentido de responsabilidad y vamos a seguir en esta l\u00ednea de acci\u00f3n con el fin de mantener la conectividad en el lago y en forma paralela poder realizar la conservaci\u00f3n y reparaci\u00f3n que necesita la nave y en los tiempos que correspondan. Mantenemos este compromiso y esta forma de hacer las cosas en el gobierno del presidente Gabriel Boric\u201d.<\/p>\n<p style=\"text-align: justify;\">De igual forma, agreg\u00f3 la autoridad regional del MOP, \u201cnuestro presidente Boric en su visita a la regi\u00f3n comprometi\u00f3 el Dise\u00f1o y construcci\u00f3n de una nueva nave complementaria a la Tehuelche para su operaci\u00f3n en el lago General Carrera, y nuestra Direcci\u00f3n Regional de Obras Portuarias ha mantenido un trabajo permanente con la comunidad en ese sentido, generando un proceso y Dise\u00f1o de una nueva embarcaci\u00f3n que ha sido muy participativo, as\u00ed que la primera semana de mayo realizaremos la tercera reuni\u00f3n de participaci\u00f3n ciudadana para mostrar a las y los vecinos esta propuesta de Dise\u00f1o y dar a conocer importantes anuncios en el \u00e1mbito de la innovaci\u00f3n tecnol\u00f3gica relacionados con la hidrodin\u00e1mica, entre otros que tendr\u00e1 la nueva nave proyectada, as\u00ed que todos y todas est\u00e1n cordialmente invitados a participar en esta iniciativa para conocer el Dise\u00f1o propuesto, el que de acuerdo a lo comprometido ser\u00e1 llamado a licitaci\u00f3n este a\u00f1o\u201d.<\/p>\n<\/div><\/section><\/div><div  style='height:50px' class='hr hr-invisible   avia-builder-el-6  el_after_av_one_full  el_before_av_social_share '><span class='hr-inner ' ><span class='hr-inner-style'><\/span><\/span><\/div><\/p>\n<div  class='av-social-sharing-box  avia-builder-el-7  el_after_av_hr  el_before_av_hr  '><div class='av-share-box'><h5 class='av-share-link-description av-no-toc '>Compartir esta noticia<\/h5><ul class='av-share-box-list noLightbox'><li class='av-share-link av-social-link-facebook' ><a target=\"_blank\" aria-label=\"Compartir en Facebook\" href='https:\/\/www.facebook.com\/sharer.php?u=https:\/\/radiorevelacionfm.cl\/?p=30320&#038;t=Finaliz%C3%B3%20mantenci%C3%B3n%20de%20transbordador%20La%20Tehuelche%20e%20instalaci%C3%B3n%20de%20nuevo%20bote%20de%20emergencia%20y%20pescante' aria-hidden='false' data-av_icon='\ue8f3' data-av_iconfont='entypo-fontello' title='' data-avia-related-tooltip='Compartir en Facebook' rel=\"noopener\"><span class='avia_hidden_link_text'>Compartir en Facebook<\/span><\/a><\/li><li class='av-share-link av-social-link-twitter' ><a target=\"_blank\" aria-label=\"Compartir en Twitter\" href='https:\/\/twitter.com\/share?text=Finaliz%C3%B3%20mantenci%C3%B3n%20de%20transbordador%20La%20Tehuelche%20e%20instalaci%C3%B3n%20de%20nuevo%20bote%20de%20emergencia%20y%20pescante&#038;url=https:\/\/radiorevelacionfm.cl\/?p=30320' aria-hidden='false' data-av_icon='\ue8f1' data-av_iconfont='entypo-fontello' title='' data-avia-related-tooltip='Compartir en Twitter' rel=\"noopener\"><span class='avia_hidden_link_text'>Compartir en Twitter<\/span><\/a><\/li><li class='av-share-link av-social-link-whatsapp' ><a target=\"_blank\" aria-label=\"Compartir en Whatsapp\" href='https:\/\/api.whatsapp.com\/send?text=https:\/\/radiorevelacionfm.cl\/?p=30320' aria-hidden='false' data-av_icon='\uf232' data-av_iconfont='entypo-fontello' title='' data-avia-related-tooltip='Compartir en Whatsapp' rel=\"noopener\"><span class='avia_hidden_link_text'>Compartir en Whatsapp<\/span><\/a><\/li><li class='av-share-link av-social-link-linkedin' ><a target=\"_blank\" aria-label=\"Compartir en LinkedIn\" href='https:\/\/linkedin.com\/shareArticle?mini=true&#038;title=Finaliz%C3%B3%20mantenci%C3%B3n%20de%20transbordador%20La%20Tehuelche%20e%20instalaci%C3%B3n%20de%20nuevo%20bote%20de%20emergencia%20y%20pescante&#038;url=https:\/\/radiorevelacionfm.cl\/?p=30320' aria-hidden='false' data-av_icon='\ue8fc' data-av_iconfont='entypo-fontello' title='' data-avia-related-tooltip='Compartir en LinkedIn' rel=\"noopener\"><span class='avia_hidden_link_text'>Compartir en LinkedIn<\/span><\/a><\/li><li class='av-share-link av-social-link-mail' ><a  aria-label=\"Compartir por correo\" href='mailto:?subject=Finaliz%C3%B3%20mantenci%C3%B3n%20de%20transbordador%20La%20Tehuelche%20e%20instalaci%C3%B3n%20de%20nuevo%20bote%20de%20emergencia%20y%20pescante&#038;body=https:\/\/radiorevelacionfm.cl\/?p=30320' aria-hidden='false' data-av_icon='\ue805' data-av_iconfont='entypo-fontello' title='' data-avia-related-tooltip='Compartir por correo'><span class='avia_hidden_link_text'>Compartir por correo<\/span><\/a><\/li><\/ul><\/div><\/div>\n<div  style='height:50px' class='hr hr-invisible   avia-builder-el-8  el_after_av_social_share  el_before_av_comments_list '><span class='hr-inner ' ><span class='hr-inner-style'><\/span><\/span><\/div>\n<div  class='av-buildercomment  av-blog-meta-html-info-disabled av-blog-meta-tag-disabled  '><\/div>\n","protected":false},"excerpt":{"rendered":"","protected":false},"author":1,"featured_media":25661,"comment_status":"open","ping_status":"open","sticky":false,"template":"","format":"standard","meta":{"footnotes":""},"categories":[38],"tags":[],"class_list":["post-30320","post","type-post","status-publish","format-standard","has-post-thumbnail","hentry","category-regional"],"jetpack_featured_media_url":"https:\/\/radiorevelacionfm.cl\/wp-content\/uploads\/2022\/12\/LATEHUELCHE-1-1.jpg","_links":{"self":[{"href":"https:\/\/radiorevelacionfm.cl\/index.php?rest_route=\/wp\/v2\/posts\/30320","targetHints":{"allow":["GET"]}}],"collection":[{"href":"https:\/\/radiorevelacionfm.cl\/index.php?rest_route=\/wp\/v2\/posts"}],"about":[{"href":"https:\/\/radiorevelacionfm.cl\/index.php?rest_route=\/wp\/v2\/types\/post"}],"author":[{"embeddable":true,"href":"https:\/\/radiorevelacionfm.cl\/index.php?rest_route=\/wp\/v2\/users\/1"}],"replies":[{"embeddable":true,"href":"https:\/\/radiorevelacionfm.cl\/index.php?rest_route=%2Fwp%2Fv2%2Fcomments&post=30320"}],"version-history":[{"count":1,"href":"https:\/\/radiorevelacionfm.cl\/index.php?rest_route=\/wp\/v2\/posts\/30320\/revisions"}],"predecessor-version":[{"id":30321,"href":"https:\/\/radiorevelacionfm.cl\/index.php?rest_route=\/wp\/v2\/posts\/30320\/revisions\/30321"}],"wp:featuredmedia":[{"embeddable":true,"href":"https:\/\/radiorevelacionfm.cl\/index.php?rest_route=\/wp\/v2\/media\/25661"}],"wp:attachment":[{"href":"https:\/\/radiorevelacionfm.cl\/index.php?rest_route=%2Fwp%2Fv2%2Fmedia&parent=30320"}],"wp:term":[{"taxonomy":"category","embeddable":true,"href":"https:\/\/radiorevelacionfm.cl\/index.php?rest_route=%2Fwp%2Fv2%2Fcategories&post=30320"},{"taxonomy":"post_tag","embeddable":true,"href":"https:\/\/radiorevelacionfm.cl\/index.php?rest_route=%2Fwp%2Fv2%2Ftags&post=30320"}],"curies":[{"name":"wp","href":"https:\/\/api.w.org\/{rel}","templated":true}]}}