{"id":3032,"date":"2021-03-01T10:46:38","date_gmt":"2021-03-01T13:46:38","guid":{"rendered":"https:\/\/radiorevelacionfm.cl\/?p=3032"},"modified":"2021-03-01T10:46:38","modified_gmt":"2021-03-01T13:46:38","slug":"salud-da-a-conocer-informacion-sobre-cambios-en-los-puntos-de-vacunacion-en-coyhaique","status":"publish","type":"post","link":"https:\/\/radiorevelacionfm.cl\/?p=3032","title":{"rendered":"Salud da a conocer informaci\u00f3n sobre cambios en los puntos de vacunaci\u00f3n en Coyhaique"},"content":{"rendered":"<div class=\"flex_column av_one_full  flex_column_div av-zero-column-padding first  avia-builder-el-0  el_before_av_one_full  avia-builder-el-first  \" style='border-radius:0px; '><div  class='avia-image-container  av-styling-    avia-builder-el-1  avia-builder-el-no-sibling  avia-align-center '  itemprop=\"image\" itemscope=\"itemscope\" itemtype=\"https:\/\/schema.org\/ImageObject\"  ><div class='avia-image-container-inner'><div class='avia-image-overlay-wrap'><img decoding=\"async\" class='wp-image-3033 avia-img-lazy-loading-not-3033 avia_image' src=\"https:\/\/radiorevelacionfm.cl\/wp-content\/uploads\/2021\/03\/vacunacion_001-1.jpg\" alt='' title='vacunacion_001 (1)' height=\"565\" width=\"1004\"  itemprop=\"thumbnailUrl\" srcset=\"https:\/\/radiorevelacionfm.cl\/wp-content\/uploads\/2021\/03\/vacunacion_001-1.jpg 1004w, https:\/\/radiorevelacionfm.cl\/wp-content\/uploads\/2021\/03\/vacunacion_001-1-300x169.jpg 300w, https:\/\/radiorevelacionfm.cl\/wp-content\/uploads\/2021\/03\/vacunacion_001-1-768x432.jpg 768w, https:\/\/radiorevelacionfm.cl\/wp-content\/uploads\/2021\/03\/vacunacion_001-1-705x397.jpg 705w, https:\/\/radiorevelacionfm.cl\/wp-content\/uploads\/2021\/03\/vacunacion_001-1-600x338.jpg 600w\" sizes=\"(max-width: 1004px) 100vw, 1004px\" \/><\/div><\/div><\/div><\/div><div class=\"flex_column av_one_full  flex_column_div av-zero-column-padding first  avia-builder-el-2  el_after_av_one_full  el_before_av_one_full  column-top-margin\" style='border-radius:0px; '><section class=\"av_textblock_section \"  itemscope=\"itemscope\" itemtype=\"https:\/\/schema.org\/BlogPosting\" itemprop=\"blogPost\" ><div class='avia_textblock  '   itemprop=\"text\" ><p style=\"text-align: center;\"><span style=\"font-size: 18pt;\"><strong>Salud da a conocer informaci\u00f3n sobre cambios en los puntos de vacunaci\u00f3n en Coyhaique<\/strong><\/span><\/p>\n<div id=\"gtx-trans\" style=\"position: absolute; left: -50px; top: 4.31534px;\">\n<div class=\"gtx-trans-icon\"><\/div>\n<\/div>\n<\/div><\/section><\/div><div class=\"flex_column av_one_full  flex_column_div av-zero-column-padding first  avia-builder-el-4  el_after_av_one_full  el_before_av_hr  column-top-margin\" style='border-radius:0px; '><section class=\"av_textblock_section \"  itemscope=\"itemscope\" itemtype=\"https:\/\/schema.org\/BlogPosting\" itemprop=\"blogPost\" ><div class='avia_textblock  '   itemprop=\"text\" ><p style=\"text-align: justify;\">El Servicio de Salud informa que a partir de hoy lunes 1 de marzo se habilitar\u00e1 un nuevo punto de vacunaci\u00f3n en el Gimnasio Regional de Coyhaique, ubicado en calle Avenida Ogana #1150, donde se administraran las vacunas a todas las personas que est\u00e9n dentro del p\u00fablico objetivo informado en el calendario oficial seg\u00fan campa\u00f1a nacional #YoMeVacuno.<\/p>\n<p style=\"text-align: justify;\">Igualmente, se informa que los puntos de vacunaci\u00f3n que se encontraban ubicados en la Escuela V\u00edctor Domingo Silva y Escuela Rep\u00fablica Argentina no funcionaran en esos lugares, traslad\u00e1ndose a los otros ya mencionados.<\/p>\n<p style=\"text-align: justify;\">Hay que mencionar que el punto de vacunaci\u00f3n ubicado en el sal\u00f3n auditorio del MOP se podr\u00e1n vacunar los adultos mayores, mientras que en el del Gimnasio Regional lo podr\u00e1n hacer los adultos mayores y los trabajadores de la educaci\u00f3n, este \u00faltimo grupo (trabajadores de la educaci\u00f3n) s\u00f3lo se podr\u00e1n vacunar en este punto habilitado para esta labor.<\/p>\n<p style=\"text-align: justify;\">Cabe recordar que la vacunaci\u00f3n es gratuita y voluntaria, pero no implica que de inmediato se pueda derrotar al COVID-19, por lo que debemos continuar con las medidas de autocuidado.<\/p>\n<\/div><\/section><\/div><div  style='height:50px' class='hr hr-invisible   avia-builder-el-6  el_after_av_one_full  el_before_av_social_share '><span class='hr-inner ' ><span class='hr-inner-style'><\/span><\/span><\/div><\/p>\n<div  class='av-social-sharing-box  avia-builder-el-7  el_after_av_hr  el_before_av_hr  '><div class='av-share-box'><h5 class='av-share-link-description av-no-toc '>Compartir esta noticia<\/h5><ul class='av-share-box-list noLightbox'><li class='av-share-link av-social-link-facebook' ><a target=\"_blank\" aria-label=\"Compartir en Facebook\" href='https:\/\/www.facebook.com\/sharer.php?u=https:\/\/radiorevelacionfm.cl\/?p=3032&#038;t=Salud%20da%20a%20conocer%20informaci%C3%B3n%20sobre%20cambios%20en%20los%20puntos%20de%20vacunaci%C3%B3n%20en%20Coyhaique' aria-hidden='false' data-av_icon='\ue8f3' data-av_iconfont='entypo-fontello' title='' data-avia-related-tooltip='Compartir en Facebook' rel=\"noopener\"><span class='avia_hidden_link_text'>Compartir en Facebook<\/span><\/a><\/li><li class='av-share-link av-social-link-twitter' ><a target=\"_blank\" aria-label=\"Compartir en Twitter\" href='https:\/\/twitter.com\/share?text=Salud%20da%20a%20conocer%20informaci%C3%B3n%20sobre%20cambios%20en%20los%20puntos%20de%20vacunaci%C3%B3n%20en%20Coyhaique&#038;url=https:\/\/radiorevelacionfm.cl\/?p=3032' aria-hidden='false' data-av_icon='\ue8f1' data-av_iconfont='entypo-fontello' title='' data-avia-related-tooltip='Compartir en Twitter' rel=\"noopener\"><span class='avia_hidden_link_text'>Compartir en Twitter<\/span><\/a><\/li><li class='av-share-link av-social-link-whatsapp' ><a target=\"_blank\" aria-label=\"Compartir en Whatsapp\" href='https:\/\/api.whatsapp.com\/send?text=https:\/\/radiorevelacionfm.cl\/?p=3032' aria-hidden='false' data-av_icon='\uf232' data-av_iconfont='entypo-fontello' title='' data-avia-related-tooltip='Compartir en Whatsapp' rel=\"noopener\"><span class='avia_hidden_link_text'>Compartir en Whatsapp<\/span><\/a><\/li><li class='av-share-link av-social-link-linkedin' ><a target=\"_blank\" aria-label=\"Compartir en LinkedIn\" href='https:\/\/linkedin.com\/shareArticle?mini=true&#038;title=Salud%20da%20a%20conocer%20informaci%C3%B3n%20sobre%20cambios%20en%20los%20puntos%20de%20vacunaci%C3%B3n%20en%20Coyhaique&#038;url=https:\/\/radiorevelacionfm.cl\/?p=3032' aria-hidden='false' data-av_icon='\ue8fc' data-av_iconfont='entypo-fontello' title='' data-avia-related-tooltip='Compartir en LinkedIn' rel=\"noopener\"><span class='avia_hidden_link_text'>Compartir en LinkedIn<\/span><\/a><\/li><li class='av-share-link av-social-link-mail' ><a  aria-label=\"Compartir por correo\" href='mailto:?subject=Salud%20da%20a%20conocer%20informaci%C3%B3n%20sobre%20cambios%20en%20los%20puntos%20de%20vacunaci%C3%B3n%20en%20Coyhaique&#038;body=https:\/\/radiorevelacionfm.cl\/?p=3032' aria-hidden='false' data-av_icon='\ue805' data-av_iconfont='entypo-fontello' title='' data-avia-related-tooltip='Compartir por correo'><span class='avia_hidden_link_text'>Compartir por correo<\/span><\/a><\/li><\/ul><\/div><\/div>\n<div  style='height:50px' class='hr hr-invisible   avia-builder-el-8  el_after_av_social_share  el_before_av_comments_list '><span class='hr-inner ' ><span class='hr-inner-style'><\/span><\/span><\/div>\n<div  class='av-buildercomment  av-blog-meta-html-info-disabled av-blog-meta-tag-disabled  '><\/div>\n","protected":false},"excerpt":{"rendered":"","protected":false},"author":1,"featured_media":3033,"comment_status":"open","ping_status":"open","sticky":false,"template":"","format":"standard","meta":{"footnotes":""},"categories":[46],"tags":[],"class_list":["post-3032","post","type-post","status-publish","format-standard","has-post-thumbnail","hentry","category-salud"],"jetpack_featured_media_url":"https:\/\/radiorevelacionfm.cl\/wp-content\/uploads\/2021\/03\/vacunacion_001-1.jpg","_links":{"self":[{"href":"https:\/\/radiorevelacionfm.cl\/index.php?rest_route=\/wp\/v2\/posts\/3032","targetHints":{"allow":["GET"]}}],"collection":[{"href":"https:\/\/radiorevelacionfm.cl\/index.php?rest_route=\/wp\/v2\/posts"}],"about":[{"href":"https:\/\/radiorevelacionfm.cl\/index.php?rest_route=\/wp\/v2\/types\/post"}],"author":[{"embeddable":true,"href":"https:\/\/radiorevelacionfm.cl\/index.php?rest_route=\/wp\/v2\/users\/1"}],"replies":[{"embeddable":true,"href":"https:\/\/radiorevelacionfm.cl\/index.php?rest_route=%2Fwp%2Fv2%2Fcomments&post=3032"}],"version-history":[{"count":1,"href":"https:\/\/radiorevelacionfm.cl\/index.php?rest_route=\/wp\/v2\/posts\/3032\/revisions"}],"predecessor-version":[{"id":3034,"href":"https:\/\/radiorevelacionfm.cl\/index.php?rest_route=\/wp\/v2\/posts\/3032\/revisions\/3034"}],"wp:featuredmedia":[{"embeddable":true,"href":"https:\/\/radiorevelacionfm.cl\/index.php?rest_route=\/wp\/v2\/media\/3033"}],"wp:attachment":[{"href":"https:\/\/radiorevelacionfm.cl\/index.php?rest_route=%2Fwp%2Fv2%2Fmedia&parent=3032"}],"wp:term":[{"taxonomy":"category","embeddable":true,"href":"https:\/\/radiorevelacionfm.cl\/index.php?rest_route=%2Fwp%2Fv2%2Fcategories&post=3032"},{"taxonomy":"post_tag","embeddable":true,"href":"https:\/\/radiorevelacionfm.cl\/index.php?rest_route=%2Fwp%2Fv2%2Ftags&post=3032"}],"curies":[{"name":"wp","href":"https:\/\/api.w.org\/{rel}","templated":true}]}}