{"id":30317,"date":"2023-04-22T13:07:29","date_gmt":"2023-04-22T16:07:29","guid":{"rendered":"https:\/\/radiorevelacionfm.cl\/?p=30317"},"modified":"2023-04-22T13:07:29","modified_gmt":"2023-04-22T16:07:29","slug":"masiva-convocatoria-y-respaldo-se-observo-en-la-segunda-cuenta-publica-del-alcalde-de-tortel-abel-becerra","status":"publish","type":"post","link":"https:\/\/radiorevelacionfm.cl\/?p=30317","title":{"rendered":"Masiva convocatoria y respaldo se observ\u00f3 en la segunda cuenta p\u00fablica del alcalde de Tortel, Abel Becerra"},"content":{"rendered":"<div class=\"flex_column av_one_full  flex_column_div av-zero-column-padding first  avia-builder-el-0  el_before_av_one_full  avia-builder-el-first  \" style='border-radius:0px; '><div  class='avia-image-container  av-styling-    avia-builder-el-1  avia-builder-el-no-sibling  avia-align-center '  itemprop=\"image\" itemscope=\"itemscope\" itemtype=\"https:\/\/schema.org\/ImageObject\"  ><div class='avia-image-container-inner'><div class='avia-image-overlay-wrap'><img decoding=\"async\" class='wp-image-30318 avia-img-lazy-loading-not-30318 avia_image' src=\"https:\/\/radiorevelacionfm.cl\/wp-content\/uploads\/2023\/04\/52831609957_46e97361fb_c-1-1.jpg\" alt='' title='52831609957_46e97361fb_c (1) (1)' height=\"600\" width=\"899\"  itemprop=\"thumbnailUrl\" srcset=\"https:\/\/radiorevelacionfm.cl\/wp-content\/uploads\/2023\/04\/52831609957_46e97361fb_c-1-1.jpg 899w, https:\/\/radiorevelacionfm.cl\/wp-content\/uploads\/2023\/04\/52831609957_46e97361fb_c-1-1-300x200.jpg 300w, https:\/\/radiorevelacionfm.cl\/wp-content\/uploads\/2023\/04\/52831609957_46e97361fb_c-1-1-768x513.jpg 768w, https:\/\/radiorevelacionfm.cl\/wp-content\/uploads\/2023\/04\/52831609957_46e97361fb_c-1-1-705x471.jpg 705w, https:\/\/radiorevelacionfm.cl\/wp-content\/uploads\/2023\/04\/52831609957_46e97361fb_c-1-1-450x300.jpg 450w, https:\/\/radiorevelacionfm.cl\/wp-content\/uploads\/2023\/04\/52831609957_46e97361fb_c-1-1-600x400.jpg 600w\" sizes=\"(max-width: 899px) 100vw, 899px\" \/><\/div><\/div><\/div><\/div><div class=\"flex_column av_one_full  flex_column_div av-zero-column-padding first  avia-builder-el-2  el_after_av_one_full  el_before_av_one_full  column-top-margin\" style='border-radius:0px; '><section class=\"av_textblock_section \"  itemscope=\"itemscope\" itemtype=\"https:\/\/schema.org\/BlogPosting\" itemprop=\"blogPost\" ><div class='avia_textblock  '   itemprop=\"text\" ><p style=\"text-align: center;\"><span style=\"font-size: 18pt;\"><strong>Masiva convocatoria y respaldo se observ\u00f3 en la segunda cuenta p\u00fablica del alcalde de Tortel, Abel Becerra<\/strong><\/span><\/p>\n<div id=\"gtx-trans\" style=\"position: absolute; left: -50px; top: 4.31534px;\">\n<div class=\"gtx-trans-icon\"><\/div>\n<\/div>\n<\/div><\/section><\/div><div class=\"flex_column av_one_full  flex_column_div av-zero-column-padding first  avia-builder-el-4  el_after_av_one_full  el_before_av_hr  column-top-margin\" style='border-radius:0px; '><section class=\"av_textblock_section \"  itemscope=\"itemscope\" itemtype=\"https:\/\/schema.org\/BlogPosting\" itemprop=\"blogPost\" ><div class='avia_textblock  '   itemprop=\"text\" ><p style=\"text-align: justify;\">Ante una gran presencia de autoridades regionales y una fuerte convocatoria de la comunidad, el alcalde Abel Becerra Vidal, entreg\u00f3 su segunda cuenta p\u00fablica este mi\u00e9rcoles 19 de abril. La cita que convoc\u00f3 a dirigentes sociales y pol\u00edticos, evidenci\u00f3 una gesti\u00f3n enfocada en el desarrollo local, desde una concordancia que se respalda en instrumentos comunales y en participaci\u00f3n ciudadana.<\/p>\n<p style=\"text-align: justify;\">As\u00ed, en las inmediaciones del auditorio de la escuela Comandante Luis Bravo Bravo, alrededor de las 18:30, se dio inicio a la cuenta p\u00fablica correspondiente al periodo de abril 2022 hasta abril 2023, de la actual administraci\u00f3n del alcalde Abel Becerra Vidal. En ella, el edil hizo un repaso general sobre lo realizado desde los distintos departamentos municipales, enfatizando en la significativa inversi\u00f3n y gesti\u00f3n de recursos obtenida para infraestructura.<\/p>\n<p style=\"text-align: justify;\">Y este aspecto fue uno de los principales triunfos de la actual gesti\u00f3n, considerando que esta importante obtenci\u00f3n de recursos vino de adjudicaciones de concursos p\u00fablicos, por un total de $1.838.026.000 millones, cifra destinada a mejoras estructurales en beneficio de los vecinos y vecinas de Tortel.<\/p>\n<p style=\"text-align: justify;\">Es importante recordar que durante este segundo a\u00f1o de administraci\u00f3n, se inauguraron proyectos emblem\u00e1ticos para la gesti\u00f3n del actual alcalde, como la puesta en marcha del alcantarilla al vac\u00edo, el sincronismo de energ\u00eda di\u00e9sel e h\u00eddrica que ha permitido contar con electricidad 24\/7, y los resultados asociados al 30 Llamado de Pavimentaci\u00f3n Participativa. Y es que las tres iniciativas mencionadas, evidencian una pertinencia y reconocimiento vinculante con las necesidades propias de habitar un territorio como Tortel.<\/p>\n<p style=\"text-align: justify;\">De esta manera, Becerra Vidal se enmarca en una ambiciosa y prometedora b\u00fasqueda por los objetivos expuestos en sus instrumentos de planificaci\u00f3n comunal, como el PLADECO; aspecto que facilita un ordenamiento en la obtenci\u00f3n de recursos y una coherencia en la consecuci\u00f3n de estos, adem\u00e1s de contar con un significativo respaldo comunitario.<\/p>\n<p style=\"text-align: justify;\">Al t\u00e9rmino de la exposici\u00f3n, la satisfacci\u00f3n de los tortelinos fue contundente, y m\u00e1s a\u00fan tras el anuncio de la aprobaci\u00f3n del Reglamento de Plantas de Municipalidades, documento que pr\u00f3ximamente se dar\u00e1 a conocer en el Diario Oficial, y que faculta la creaci\u00f3n de nuevos cargos municipales y permite aumentar los grados entre los profesionales. Respaldando nuevamente el ejercicio municipal que lleva adelante el equipo del alcalde Abel Becerra Vidal.<\/p>\n<p style=\"text-align: justify;\">Los avances obtenidos por la I. Municipalidad de Tortel, durante el periodo que comprende esta cuenta p\u00fablica, fueron compartidos ante la presencia del Honorable Concejo, adem\u00e1s de las siguientes autoridades regionales: Delegada Presidencial de la provincia de General Prat, Marta Montiel, Contralor Regional de Ays\u00e9n, Ricardo Hevia, Consejero Regional, V\u00edctor Escobar, SEREMI de Educaci\u00f3n, Isabel Garrido, SEREMI de Trabajo, Rodrigo D\u00edaz, SEREMI de Justicia, Samuel Navarro, y SEREMI de Vivienda, Paulina Ruz. Finalmente, tambi\u00e9n se cont\u00f3 con la presencia de representantes de Capitan\u00eda de Puerto, Carabineros, Registro Civil, entre otros.<\/p>\n<\/div><\/section><\/div><div  style='height:50px' class='hr hr-invisible   avia-builder-el-6  el_after_av_one_full  el_before_av_social_share '><span class='hr-inner ' ><span class='hr-inner-style'><\/span><\/span><\/div><\/p>\n<div  class='av-social-sharing-box  avia-builder-el-7  el_after_av_hr  el_before_av_hr  '><div class='av-share-box'><h5 class='av-share-link-description av-no-toc '>Compartir esta noticia<\/h5><ul class='av-share-box-list noLightbox'><li class='av-share-link av-social-link-facebook' ><a target=\"_blank\" aria-label=\"Compartir en Facebook\" href='https:\/\/www.facebook.com\/sharer.php?u=https:\/\/radiorevelacionfm.cl\/?p=30317&#038;t=Masiva%20convocatoria%20y%20respaldo%20se%20observ%C3%B3%20en%20la%20segunda%20cuenta%20p%C3%BAblica%20del%20alcalde%20de%20Tortel%2C%20Abel%20Becerra' aria-hidden='false' data-av_icon='\ue8f3' data-av_iconfont='entypo-fontello' title='' data-avia-related-tooltip='Compartir en Facebook' rel=\"noopener\"><span class='avia_hidden_link_text'>Compartir en Facebook<\/span><\/a><\/li><li class='av-share-link av-social-link-twitter' ><a target=\"_blank\" aria-label=\"Compartir en Twitter\" href='https:\/\/twitter.com\/share?text=Masiva%20convocatoria%20y%20respaldo%20se%20observ%C3%B3%20en%20la%20segunda%20cuenta%20p%C3%BAblica%20del%20alcalde%20de%20Tortel%2C%20Abel%20Becerra&#038;url=https:\/\/radiorevelacionfm.cl\/?p=30317' aria-hidden='false' data-av_icon='\ue8f1' data-av_iconfont='entypo-fontello' title='' data-avia-related-tooltip='Compartir en Twitter' rel=\"noopener\"><span class='avia_hidden_link_text'>Compartir en Twitter<\/span><\/a><\/li><li class='av-share-link av-social-link-whatsapp' ><a target=\"_blank\" aria-label=\"Compartir en Whatsapp\" href='https:\/\/api.whatsapp.com\/send?text=https:\/\/radiorevelacionfm.cl\/?p=30317' aria-hidden='false' data-av_icon='\uf232' data-av_iconfont='entypo-fontello' title='' data-avia-related-tooltip='Compartir en Whatsapp' rel=\"noopener\"><span class='avia_hidden_link_text'>Compartir en Whatsapp<\/span><\/a><\/li><li class='av-share-link av-social-link-linkedin' ><a target=\"_blank\" aria-label=\"Compartir en LinkedIn\" href='https:\/\/linkedin.com\/shareArticle?mini=true&#038;title=Masiva%20convocatoria%20y%20respaldo%20se%20observ%C3%B3%20en%20la%20segunda%20cuenta%20p%C3%BAblica%20del%20alcalde%20de%20Tortel%2C%20Abel%20Becerra&#038;url=https:\/\/radiorevelacionfm.cl\/?p=30317' aria-hidden='false' data-av_icon='\ue8fc' data-av_iconfont='entypo-fontello' title='' data-avia-related-tooltip='Compartir en LinkedIn' rel=\"noopener\"><span class='avia_hidden_link_text'>Compartir en LinkedIn<\/span><\/a><\/li><li class='av-share-link av-social-link-mail' ><a  aria-label=\"Compartir por correo\" href='mailto:?subject=Masiva%20convocatoria%20y%20respaldo%20se%20observ%C3%B3%20en%20la%20segunda%20cuenta%20p%C3%BAblica%20del%20alcalde%20de%20Tortel%2C%20Abel%20Becerra&#038;body=https:\/\/radiorevelacionfm.cl\/?p=30317' aria-hidden='false' data-av_icon='\ue805' data-av_iconfont='entypo-fontello' title='' data-avia-related-tooltip='Compartir por correo'><span class='avia_hidden_link_text'>Compartir por correo<\/span><\/a><\/li><\/ul><\/div><\/div>\n<div  style='height:50px' class='hr hr-invisible   avia-builder-el-8  el_after_av_social_share  el_before_av_comments_list '><span class='hr-inner ' ><span class='hr-inner-style'><\/span><\/span><\/div>\n<div  class='av-buildercomment  av-blog-meta-html-info-disabled av-blog-meta-tag-disabled  '><\/div>\n","protected":false},"excerpt":{"rendered":"","protected":false},"author":1,"featured_media":30318,"comment_status":"open","ping_status":"open","sticky":false,"template":"","format":"standard","meta":{"footnotes":""},"categories":[38],"tags":[],"class_list":["post-30317","post","type-post","status-publish","format-standard","has-post-thumbnail","hentry","category-regional"],"jetpack_featured_media_url":"https:\/\/radiorevelacionfm.cl\/wp-content\/uploads\/2023\/04\/52831609957_46e97361fb_c-1-1.jpg","_links":{"self":[{"href":"https:\/\/radiorevelacionfm.cl\/index.php?rest_route=\/wp\/v2\/posts\/30317","targetHints":{"allow":["GET"]}}],"collection":[{"href":"https:\/\/radiorevelacionfm.cl\/index.php?rest_route=\/wp\/v2\/posts"}],"about":[{"href":"https:\/\/radiorevelacionfm.cl\/index.php?rest_route=\/wp\/v2\/types\/post"}],"author":[{"embeddable":true,"href":"https:\/\/radiorevelacionfm.cl\/index.php?rest_route=\/wp\/v2\/users\/1"}],"replies":[{"embeddable":true,"href":"https:\/\/radiorevelacionfm.cl\/index.php?rest_route=%2Fwp%2Fv2%2Fcomments&post=30317"}],"version-history":[{"count":1,"href":"https:\/\/radiorevelacionfm.cl\/index.php?rest_route=\/wp\/v2\/posts\/30317\/revisions"}],"predecessor-version":[{"id":30319,"href":"https:\/\/radiorevelacionfm.cl\/index.php?rest_route=\/wp\/v2\/posts\/30317\/revisions\/30319"}],"wp:featuredmedia":[{"embeddable":true,"href":"https:\/\/radiorevelacionfm.cl\/index.php?rest_route=\/wp\/v2\/media\/30318"}],"wp:attachment":[{"href":"https:\/\/radiorevelacionfm.cl\/index.php?rest_route=%2Fwp%2Fv2%2Fmedia&parent=30317"}],"wp:term":[{"taxonomy":"category","embeddable":true,"href":"https:\/\/radiorevelacionfm.cl\/index.php?rest_route=%2Fwp%2Fv2%2Fcategories&post=30317"},{"taxonomy":"post_tag","embeddable":true,"href":"https:\/\/radiorevelacionfm.cl\/index.php?rest_route=%2Fwp%2Fv2%2Ftags&post=30317"}],"curies":[{"name":"wp","href":"https:\/\/api.w.org\/{rel}","templated":true}]}}