{"id":30314,"date":"2023-04-21T19:57:02","date_gmt":"2023-04-21T22:57:02","guid":{"rendered":"https:\/\/radiorevelacionfm.cl\/?p=30314"},"modified":"2023-04-21T19:57:02","modified_gmt":"2023-04-21T22:57:02","slug":"hospital-de-puerto-aysen-fortalece-su-atencion-con-la-llegada-de-nuevos-especialistas","status":"publish","type":"post","link":"https:\/\/radiorevelacionfm.cl\/?p=30314","title":{"rendered":"Hospital de Puerto Ays\u00e9n fortalece su atenci\u00f3n con la llegada de nuevos especialistas"},"content":{"rendered":"<div class=\"flex_column av_one_full  flex_column_div av-zero-column-padding first  avia-builder-el-0  el_before_av_one_full  avia-builder-el-first  \" style='border-radius:0px; '><div  class='avia-image-container  av-styling-    avia-builder-el-1  avia-builder-el-no-sibling  avia-align-center '  itemprop=\"image\" itemscope=\"itemscope\" itemtype=\"https:\/\/schema.org\/ImageObject\"  ><div class='avia-image-container-inner'><div class='avia-image-overlay-wrap'><img decoding=\"async\" class='wp-image-30315 avia-img-lazy-loading-not-30315 avia_image' src=\"https:\/\/radiorevelacionfm.cl\/wp-content\/uploads\/2023\/04\/Nuevos-Especialistas-HPA-03-1-1.jpeg\" alt='' title='Nuevos Especialistas HPA 03 (1) (1)' height=\"600\" width=\"901\"  itemprop=\"thumbnailUrl\" srcset=\"https:\/\/radiorevelacionfm.cl\/wp-content\/uploads\/2023\/04\/Nuevos-Especialistas-HPA-03-1-1.jpeg 901w, https:\/\/radiorevelacionfm.cl\/wp-content\/uploads\/2023\/04\/Nuevos-Especialistas-HPA-03-1-1-300x200.jpeg 300w, https:\/\/radiorevelacionfm.cl\/wp-content\/uploads\/2023\/04\/Nuevos-Especialistas-HPA-03-1-1-768x511.jpeg 768w, https:\/\/radiorevelacionfm.cl\/wp-content\/uploads\/2023\/04\/Nuevos-Especialistas-HPA-03-1-1-705x469.jpeg 705w, https:\/\/radiorevelacionfm.cl\/wp-content\/uploads\/2023\/04\/Nuevos-Especialistas-HPA-03-1-1-450x300.jpeg 450w, https:\/\/radiorevelacionfm.cl\/wp-content\/uploads\/2023\/04\/Nuevos-Especialistas-HPA-03-1-1-600x400.jpeg 600w\" sizes=\"(max-width: 901px) 100vw, 901px\" \/><\/div><\/div><\/div><\/div><div class=\"flex_column av_one_full  flex_column_div av-zero-column-padding first  avia-builder-el-2  el_after_av_one_full  el_before_av_one_full  column-top-margin\" style='border-radius:0px; '><section class=\"av_textblock_section \"  itemscope=\"itemscope\" itemtype=\"https:\/\/schema.org\/BlogPosting\" itemprop=\"blogPost\" ><div class='avia_textblock  '   itemprop=\"text\" ><p style=\"text-align: center;\"><span style=\"font-size: 18pt;\"><strong>Hospital de Puerto Ays\u00e9n fortalece su atenci\u00f3n con la llegada de nuevos especialistas<\/strong><\/span><\/p>\n<div id=\"gtx-trans\" style=\"position: absolute; left: -50px; top: 4.31534px;\">\n<div class=\"gtx-trans-icon\"><\/div>\n<\/div>\n<\/div><\/section><\/div><div class=\"flex_column av_one_full  flex_column_div av-zero-column-padding first  avia-builder-el-4  el_after_av_one_full  el_before_av_hr  column-top-margin\" style='border-radius:0px; '><section class=\"av_textblock_section \"  itemscope=\"itemscope\" itemtype=\"https:\/\/schema.org\/BlogPosting\" itemprop=\"blogPost\" ><div class='avia_textblock  '   itemprop=\"text\" ><p style=\"text-align: justify;\">Una muy buena noticia para la comunidad hospitalaria de Puerto Ays\u00e9n es la llegada del Dr. Tiago Mar\u00edn, urgenci\u00f3logo y de la Dra. Melissa Hidalgo, radi\u00f3loga, al Hospital de Puerto Ays\u00e9n (HPA) y de otros especialistas que han llegado y seguir\u00e1n llegando al establecimiento bajo la modalidad de la devoluci\u00f3n de becas, bajo el Programa Asistencial Obligatorio (PAO).<\/p>\n<p style=\"text-align: justify;\">Es que la llegada de estos m\u00e9dicos al recinto asistencial aysenino gener\u00f3 gran satisfacci\u00f3n en la comunidad respecto al aumento en la resolutividad y en la disminuci\u00f3n de brechas en el establecimiento, as\u00ed lo se\u00f1al\u00f3 Ximena Ru\u00edz, presidenta del Consejo Consultivo de Salud del HPA. \u201cLa llegada de estos profesionales es bastante importante, sobre todo con la llegada de dos especialistas, el urgenci\u00f3logo, para mejorar los tiempos de espera y los diagn\u00f3sticos, es todo un desaf\u00edo para \u00e9l como profesional\u201d, acot\u00f3.<\/p>\n<p style=\"text-align: justify;\">M\u00e1s all\u00e1, sobre la llegada de la Dra. Melissa Hidalgo se\u00f1al\u00f3 que \u201cdurante el 2022 se trabaj\u00f3 mucho gestionando para que sucediera. Lo que se concreta con su llegada, es que viene a solucionar una gran lista de espera y un proyecto para trabajar en el Hospital, el TAC y el scanner que est\u00e1n avanzando\u201d.<\/p>\n<p style=\"text-align: justify;\">Por su parte, la Dra. Melissa Hidalgo, radi\u00f3loga, tambi\u00e9n nacida y criada en la regi\u00f3n, revel\u00f3 cu\u00e1les son sus grandes desaf\u00edos en el HPA. \u201cVenir a disminuir la lista de espera en ecograf\u00edas por ahora y luchar por la pronta llegada de un scanner para ampliar las prestaciones del hospital. Estoy muy contenta de estar ac\u00e1, de volver a mi regi\u00f3n y ser un aporte para todos\u201d.<\/p>\n<p style=\"text-align: justify;\">Entretanto, el Dr. Tiago Mar\u00edn, indic\u00f3 cu\u00e1les son sus expectativas para el desarrollo en la Unidad de Urgencias, al que como urgenci\u00f3logo viene a asumir la jefatura. \u00abEspero con mi mayor deseo ser muy \u00fatil para este Hospital, para mejorar los n\u00fameros, brindar mejor calidad de atenci\u00f3n a los pacientes y hacer que todo este sistema funcione lo m\u00e1s \u00f3ptimo posible\u201d.<\/p>\n<p style=\"text-align: justify;\">Claudio Arriagada Momberg, director del Hospital de Puerto Ays\u00e9n se\u00f1al\u00f3 que \u201ccon la llegada de estos m\u00e9dicos, los que m\u00e1s ganan son los usuarios de nuestro establecimiento, ya que avanzamos a pie firme en la mediana complejidad y venimos a resolver brechas que por a\u00f1os han sido muy demandadas por la comunidad\u201d.<\/p>\n<p style=\"text-align: justify;\">La llegada de estos nuevos especialistas es vista como una oportunidad que permite dar mayor acceso y resoluci\u00f3n a los problemas de salud de la poblaci\u00f3n aysenina.<\/p>\n<\/div><\/section><\/div><div  style='height:50px' class='hr hr-invisible   avia-builder-el-6  el_after_av_one_full  el_before_av_social_share '><span class='hr-inner ' ><span class='hr-inner-style'><\/span><\/span><\/div><\/p>\n<div  class='av-social-sharing-box  avia-builder-el-7  el_after_av_hr  el_before_av_hr  '><div class='av-share-box'><h5 class='av-share-link-description av-no-toc '>Compartir esta noticia<\/h5><ul class='av-share-box-list noLightbox'><li class='av-share-link av-social-link-facebook' ><a target=\"_blank\" aria-label=\"Compartir en Facebook\" href='https:\/\/www.facebook.com\/sharer.php?u=https:\/\/radiorevelacionfm.cl\/?p=30314&#038;t=Hospital%20de%20Puerto%20Ays%C3%A9n%20fortalece%20su%20atenci%C3%B3n%20con%20la%20llegada%20de%20nuevos%20especialistas' aria-hidden='false' data-av_icon='\ue8f3' data-av_iconfont='entypo-fontello' title='' data-avia-related-tooltip='Compartir en Facebook' rel=\"noopener\"><span class='avia_hidden_link_text'>Compartir en Facebook<\/span><\/a><\/li><li class='av-share-link av-social-link-twitter' ><a target=\"_blank\" aria-label=\"Compartir en Twitter\" href='https:\/\/twitter.com\/share?text=Hospital%20de%20Puerto%20Ays%C3%A9n%20fortalece%20su%20atenci%C3%B3n%20con%20la%20llegada%20de%20nuevos%20especialistas&#038;url=https:\/\/radiorevelacionfm.cl\/?p=30314' aria-hidden='false' data-av_icon='\ue8f1' data-av_iconfont='entypo-fontello' title='' data-avia-related-tooltip='Compartir en Twitter' rel=\"noopener\"><span class='avia_hidden_link_text'>Compartir en Twitter<\/span><\/a><\/li><li class='av-share-link av-social-link-whatsapp' ><a target=\"_blank\" aria-label=\"Compartir en Whatsapp\" href='https:\/\/api.whatsapp.com\/send?text=https:\/\/radiorevelacionfm.cl\/?p=30314' aria-hidden='false' data-av_icon='\uf232' data-av_iconfont='entypo-fontello' title='' data-avia-related-tooltip='Compartir en Whatsapp' rel=\"noopener\"><span class='avia_hidden_link_text'>Compartir en Whatsapp<\/span><\/a><\/li><li class='av-share-link av-social-link-linkedin' ><a target=\"_blank\" aria-label=\"Compartir en LinkedIn\" href='https:\/\/linkedin.com\/shareArticle?mini=true&#038;title=Hospital%20de%20Puerto%20Ays%C3%A9n%20fortalece%20su%20atenci%C3%B3n%20con%20la%20llegada%20de%20nuevos%20especialistas&#038;url=https:\/\/radiorevelacionfm.cl\/?p=30314' aria-hidden='false' data-av_icon='\ue8fc' data-av_iconfont='entypo-fontello' title='' data-avia-related-tooltip='Compartir en LinkedIn' rel=\"noopener\"><span class='avia_hidden_link_text'>Compartir en LinkedIn<\/span><\/a><\/li><li class='av-share-link av-social-link-mail' ><a  aria-label=\"Compartir por correo\" href='mailto:?subject=Hospital%20de%20Puerto%20Ays%C3%A9n%20fortalece%20su%20atenci%C3%B3n%20con%20la%20llegada%20de%20nuevos%20especialistas&#038;body=https:\/\/radiorevelacionfm.cl\/?p=30314' aria-hidden='false' data-av_icon='\ue805' data-av_iconfont='entypo-fontello' title='' data-avia-related-tooltip='Compartir por correo'><span class='avia_hidden_link_text'>Compartir por correo<\/span><\/a><\/li><\/ul><\/div><\/div>\n<div  style='height:50px' class='hr hr-invisible   avia-builder-el-8  el_after_av_social_share  el_before_av_comments_list '><span class='hr-inner ' ><span class='hr-inner-style'><\/span><\/span><\/div>\n<div  class='av-buildercomment  av-blog-meta-html-info-disabled av-blog-meta-tag-disabled  '><\/div>\n","protected":false},"excerpt":{"rendered":"","protected":false},"author":1,"featured_media":30315,"comment_status":"open","ping_status":"open","sticky":false,"template":"","format":"standard","meta":{"footnotes":""},"categories":[46],"tags":[],"class_list":["post-30314","post","type-post","status-publish","format-standard","has-post-thumbnail","hentry","category-salud"],"jetpack_featured_media_url":"https:\/\/radiorevelacionfm.cl\/wp-content\/uploads\/2023\/04\/Nuevos-Especialistas-HPA-03-1-1.jpeg","_links":{"self":[{"href":"https:\/\/radiorevelacionfm.cl\/index.php?rest_route=\/wp\/v2\/posts\/30314","targetHints":{"allow":["GET"]}}],"collection":[{"href":"https:\/\/radiorevelacionfm.cl\/index.php?rest_route=\/wp\/v2\/posts"}],"about":[{"href":"https:\/\/radiorevelacionfm.cl\/index.php?rest_route=\/wp\/v2\/types\/post"}],"author":[{"embeddable":true,"href":"https:\/\/radiorevelacionfm.cl\/index.php?rest_route=\/wp\/v2\/users\/1"}],"replies":[{"embeddable":true,"href":"https:\/\/radiorevelacionfm.cl\/index.php?rest_route=%2Fwp%2Fv2%2Fcomments&post=30314"}],"version-history":[{"count":1,"href":"https:\/\/radiorevelacionfm.cl\/index.php?rest_route=\/wp\/v2\/posts\/30314\/revisions"}],"predecessor-version":[{"id":30316,"href":"https:\/\/radiorevelacionfm.cl\/index.php?rest_route=\/wp\/v2\/posts\/30314\/revisions\/30316"}],"wp:featuredmedia":[{"embeddable":true,"href":"https:\/\/radiorevelacionfm.cl\/index.php?rest_route=\/wp\/v2\/media\/30315"}],"wp:attachment":[{"href":"https:\/\/radiorevelacionfm.cl\/index.php?rest_route=%2Fwp%2Fv2%2Fmedia&parent=30314"}],"wp:term":[{"taxonomy":"category","embeddable":true,"href":"https:\/\/radiorevelacionfm.cl\/index.php?rest_route=%2Fwp%2Fv2%2Fcategories&post=30314"},{"taxonomy":"post_tag","embeddable":true,"href":"https:\/\/radiorevelacionfm.cl\/index.php?rest_route=%2Fwp%2Fv2%2Ftags&post=30314"}],"curies":[{"name":"wp","href":"https:\/\/api.w.org\/{rel}","templated":true}]}}