{"id":30311,"date":"2023-04-22T12:02:05","date_gmt":"2023-04-22T15:02:05","guid":{"rendered":"https:\/\/radiorevelacionfm.cl\/?p=30311"},"modified":"2023-04-22T12:02:05","modified_gmt":"2023-04-22T15:02:05","slug":"integra-entrega-a-las-familias-recomendaciones-para-fomentar-en-ninos-y-ninas-la-relacion-con-los-libros","status":"publish","type":"post","link":"https:\/\/radiorevelacionfm.cl\/?p=30311","title":{"rendered":"Integra entrega a las familias recomendaciones para fomentar en ni\u00f1os y ni\u00f1as la relaci\u00f3n con los libros"},"content":{"rendered":"<div class=\"flex_column av_one_full  flex_column_div av-zero-column-padding first  avia-builder-el-0  el_before_av_one_full  avia-builder-el-first  \" style='border-radius:0px; '><div  class='avia-image-container  av-styling-    avia-builder-el-1  avia-builder-el-no-sibling  avia-align-center '  itemprop=\"image\" itemscope=\"itemscope\" itemtype=\"https:\/\/schema.org\/ImageObject\"  ><div class='avia-image-container-inner'><div class='avia-image-overlay-wrap'><img decoding=\"async\" class='wp-image-30312 avia-img-lazy-loading-not-30312 avia_image' src=\"https:\/\/radiorevelacionfm.cl\/wp-content\/uploads\/2023\/04\/1-13-1-2.jpg\" alt='' title='1 (13) (1) (2)' height=\"600\" width=\"900\"  itemprop=\"thumbnailUrl\" srcset=\"https:\/\/radiorevelacionfm.cl\/wp-content\/uploads\/2023\/04\/1-13-1-2.jpg 900w, https:\/\/radiorevelacionfm.cl\/wp-content\/uploads\/2023\/04\/1-13-1-2-300x200.jpg 300w, https:\/\/radiorevelacionfm.cl\/wp-content\/uploads\/2023\/04\/1-13-1-2-768x512.jpg 768w, https:\/\/radiorevelacionfm.cl\/wp-content\/uploads\/2023\/04\/1-13-1-2-705x470.jpg 705w, https:\/\/radiorevelacionfm.cl\/wp-content\/uploads\/2023\/04\/1-13-1-2-450x300.jpg 450w, https:\/\/radiorevelacionfm.cl\/wp-content\/uploads\/2023\/04\/1-13-1-2-600x400.jpg 600w\" sizes=\"(max-width: 900px) 100vw, 900px\" \/><\/div><\/div><\/div><\/div><div class=\"flex_column av_one_full  flex_column_div av-zero-column-padding first  avia-builder-el-2  el_after_av_one_full  el_before_av_one_full  column-top-margin\" style='border-radius:0px; '><section class=\"av_textblock_section \"  itemscope=\"itemscope\" itemtype=\"https:\/\/schema.org\/BlogPosting\" itemprop=\"blogPost\" ><div class='avia_textblock  '   itemprop=\"text\" ><p style=\"text-align: center;\"><span style=\"font-size: 18pt;\"><b><span lang=\"ES\">Integra entrega a las familias recomendaciones para fomentar en ni\u00f1os y ni\u00f1as la relaci\u00f3n con los libros<\/span><\/b><\/span><\/p>\n<div id=\"gtx-trans\" style=\"position: absolute; left: -50px; top: 4.31534px;\">\n<div class=\"gtx-trans-icon\"><\/div>\n<\/div>\n<\/div><\/section><\/div><div class=\"flex_column av_one_full  flex_column_div av-zero-column-padding first  avia-builder-el-4  el_after_av_one_full  el_before_av_hr  column-top-margin\" style='border-radius:0px; '><section class=\"av_textblock_section \"  itemscope=\"itemscope\" itemtype=\"https:\/\/schema.org\/BlogPosting\" itemprop=\"blogPost\" ><div class='avia_textblock  '   itemprop=\"text\" ><p style=\"font-weight: 400; text-align: justify;\">El pr\u00f3ximo\u00a023 de abril, se celebrar\u00e1 una nueva versi\u00f3n del\u00a0D\u00eda Internacional del Libro\u00a0y del\u00a0Derecho de Autor, hito que marcar\u00e1 el cierre de diversas actividades efectuadas durante el mes en escuelas, universidades, bibliotecas, centros culturales y diversos espacios p\u00fablicos, los cuales buscan relevar la importancia de\u00a0acercar y fomentar\u00a0en la comunidad la relaci\u00f3n entre\u00a0los libros y las\/los lectores.<\/p>\n<p style=\"font-weight: 400; text-align: justify;\">En este escenario, la educaci\u00f3n parvularia juega\u00a0un rol fundamental, ya que ac\u00e1\u00a0ni\u00f1as y ni\u00f1os tienen\u00a0sus primeros acercamientos\u00a0a los libros. Desde\u00a0Fundaci\u00f3n Integra\u00a0destacan que, aproximadamente, desde los seis meses se puede comenzar a familiarizar a ni\u00f1as y ni\u00f1os con los libros, con textos para que\u00a0los exploren con todos sus sentidos\u00a0siempre acompa\u00f1ados por una\/un adulto, describiendo las im\u00e1genes que observa y las acciones que realiza el ni\u00f1o o ni\u00f1a.<\/p>\n<p style=\"font-weight: 400; text-align: justify;\">Otra recomendaci\u00f3n es que las\/los adultos\u00a0lean el texto antes\u00a0de compartirlo con los ni\u00f1os\/as, buscando\u00a0un momento tranquilo\u00a0y sin interrupciones para la lectura en la medida de lo posible, mostrando las ilustraciones, leyendo de forma natural,\u00a0disfrutando de ese momento, respondiendo las preguntas que surjan y dando la posibilidad de volver a leer el texto tantas veces como el ni\u00f1o o ni\u00f1a quiera.<\/p>\n<p style=\"font-weight: 400; text-align: justify;\">Desde la\u00a0Direcci\u00f3n de Educaci\u00f3n de Fundaci\u00f3n Integra, recordaron que el acercamiento a textos de calidad es fundamental para fortalecer la equidad e igualdad en nuestra sociedad. Cuando ni\u00f1os y ni\u00f1as tienen la oportunidad de crecer en contacto con diversos tipos de libros,\u00a0aumentan su vocabulario, potenciar su creatividad e imaginaci\u00f3n, ampliando su horizonte cultural al conocer lugares, situaciones y personas a trav\u00e9s del texto.<\/p>\n<p style=\"font-weight: 400; text-align: justify;\">UN LIBRO PARA CADA EDAD<\/p>\n<p style=\"font-weight: 400; text-align: justify;\">As\u00ed como ni\u00f1os y ni\u00f1as tienen diversas necesidades durante sus primeros a\u00f1os, su acercamiento al libro tambi\u00e9n debe considerar estos factores, existiendo m\u00faltiples formatos, tama\u00f1os y materiales que permiten responder a estas necesidades.\u00a0 Para ni\u00f1os y ni\u00f1as de\u00a0cero a dos a\u00f1os, se recomiendan libros de materiales lavables y f\u00e1cil manipulaci\u00f3n, en lo posible que posean texturas, im\u00e1genes claras\u00a0y que incentiven a las y los p\u00e1rvulos su exploraci\u00f3n de manera aut\u00f3noma.<\/p>\n<p style=\"font-weight: 400; text-align: justify;\">Entre los\u00a0dos y cuatro a\u00f1os, es favorable ofrecer libros de diversos materiales, incorporando mayor cantidad de textos\u00a0acorde\u00a0a sus per\u00edodos de atenci\u00f3n y concentraci\u00f3n, mientras que, para el rango de edad de\u00a0cuatro a seis a\u00f1os, se pueden elegir distintas extensiones, contenidos e ilustraciones, variando la oferta: por ejemplo, textos de cuentos, poes\u00eda, leyendas o enciclopedias infantiles.<\/p>\n<p style=\"font-weight: 400; text-align: justify;\">Por \u00faltimo, y como se\u00f1ala la Direcci\u00f3n de Educaci\u00f3n de Fundaci\u00f3n Integra, para avanzar hacia la igualdad de derechos y oportunidades, es imprescindible generar condiciones que\u00a0garanticen el acceso a la cultura de los libros desde las m\u00e1s tempranas etapas, entendiendo que \u00e9sta es una oportunidad que permite el desarrollo integral de las y los ciudadanos.<\/p>\n<p style=\"font-weight: 400; text-align: justify;\">Fundaci\u00f3n Integra, con\u00a032 a\u00f1os de experiencia, es uno de los principales prestadores de educaci\u00f3n parvularia en el pa\u00eds, con m\u00e1s de\u00a01.200 jardines infantiles y salas cuna\u00a0gratuitos, a los que asisten m\u00e1s de\u00a085 mil ni\u00f1os y ni\u00f1as\u00a0en todo Chile.<\/p>\n<\/div><\/section><\/div><div  style='height:50px' class='hr hr-invisible   avia-builder-el-6  el_after_av_one_full  el_before_av_social_share '><span class='hr-inner ' ><span class='hr-inner-style'><\/span><\/span><\/div><\/p>\n<div  class='av-social-sharing-box  avia-builder-el-7  el_after_av_hr  el_before_av_hr  '><div class='av-share-box'><h5 class='av-share-link-description av-no-toc '>Compartir esta noticia<\/h5><ul class='av-share-box-list noLightbox'><li class='av-share-link av-social-link-facebook' ><a target=\"_blank\" aria-label=\"Compartir en Facebook\" href='https:\/\/www.facebook.com\/sharer.php?u=https:\/\/radiorevelacionfm.cl\/?p=30311&#038;t=Integra%20entrega%20a%20las%20familias%20recomendaciones%20para%20fomentar%20en%20ni%C3%B1os%20y%20ni%C3%B1as%20la%20relaci%C3%B3n%20con%20los%20libros' aria-hidden='false' data-av_icon='\ue8f3' data-av_iconfont='entypo-fontello' title='' data-avia-related-tooltip='Compartir en Facebook' rel=\"noopener\"><span class='avia_hidden_link_text'>Compartir en Facebook<\/span><\/a><\/li><li class='av-share-link av-social-link-twitter' ><a target=\"_blank\" aria-label=\"Compartir en Twitter\" href='https:\/\/twitter.com\/share?text=Integra%20entrega%20a%20las%20familias%20recomendaciones%20para%20fomentar%20en%20ni%C3%B1os%20y%20ni%C3%B1as%20la%20relaci%C3%B3n%20con%20los%20libros&#038;url=https:\/\/radiorevelacionfm.cl\/?p=30311' aria-hidden='false' data-av_icon='\ue8f1' data-av_iconfont='entypo-fontello' title='' data-avia-related-tooltip='Compartir en Twitter' rel=\"noopener\"><span class='avia_hidden_link_text'>Compartir en Twitter<\/span><\/a><\/li><li class='av-share-link av-social-link-whatsapp' ><a target=\"_blank\" aria-label=\"Compartir en Whatsapp\" href='https:\/\/api.whatsapp.com\/send?text=https:\/\/radiorevelacionfm.cl\/?p=30311' aria-hidden='false' data-av_icon='\uf232' data-av_iconfont='entypo-fontello' title='' data-avia-related-tooltip='Compartir en Whatsapp' rel=\"noopener\"><span class='avia_hidden_link_text'>Compartir en Whatsapp<\/span><\/a><\/li><li class='av-share-link av-social-link-linkedin' ><a target=\"_blank\" aria-label=\"Compartir en LinkedIn\" href='https:\/\/linkedin.com\/shareArticle?mini=true&#038;title=Integra%20entrega%20a%20las%20familias%20recomendaciones%20para%20fomentar%20en%20ni%C3%B1os%20y%20ni%C3%B1as%20la%20relaci%C3%B3n%20con%20los%20libros&#038;url=https:\/\/radiorevelacionfm.cl\/?p=30311' aria-hidden='false' data-av_icon='\ue8fc' data-av_iconfont='entypo-fontello' title='' data-avia-related-tooltip='Compartir en LinkedIn' rel=\"noopener\"><span class='avia_hidden_link_text'>Compartir en LinkedIn<\/span><\/a><\/li><li class='av-share-link av-social-link-mail' ><a  aria-label=\"Compartir por correo\" href='mailto:?subject=Integra%20entrega%20a%20las%20familias%20recomendaciones%20para%20fomentar%20en%20ni%C3%B1os%20y%20ni%C3%B1as%20la%20relaci%C3%B3n%20con%20los%20libros&#038;body=https:\/\/radiorevelacionfm.cl\/?p=30311' aria-hidden='false' data-av_icon='\ue805' data-av_iconfont='entypo-fontello' title='' data-avia-related-tooltip='Compartir por correo'><span class='avia_hidden_link_text'>Compartir por correo<\/span><\/a><\/li><\/ul><\/div><\/div>\n<div  style='height:50px' class='hr hr-invisible   avia-builder-el-8  el_after_av_social_share  el_before_av_comments_list '><span class='hr-inner ' ><span class='hr-inner-style'><\/span><\/span><\/div>\n<div  class='av-buildercomment  av-blog-meta-html-info-disabled av-blog-meta-tag-disabled  '><\/div>\n","protected":false},"excerpt":{"rendered":"","protected":false},"author":1,"featured_media":30312,"comment_status":"open","ping_status":"open","sticky":false,"template":"","format":"standard","meta":{"footnotes":""},"categories":[49],"tags":[],"class_list":["post-30311","post","type-post","status-publish","format-standard","has-post-thumbnail","hentry","category-educacion"],"jetpack_featured_media_url":"https:\/\/radiorevelacionfm.cl\/wp-content\/uploads\/2023\/04\/1-13-1-2.jpg","_links":{"self":[{"href":"https:\/\/radiorevelacionfm.cl\/index.php?rest_route=\/wp\/v2\/posts\/30311","targetHints":{"allow":["GET"]}}],"collection":[{"href":"https:\/\/radiorevelacionfm.cl\/index.php?rest_route=\/wp\/v2\/posts"}],"about":[{"href":"https:\/\/radiorevelacionfm.cl\/index.php?rest_route=\/wp\/v2\/types\/post"}],"author":[{"embeddable":true,"href":"https:\/\/radiorevelacionfm.cl\/index.php?rest_route=\/wp\/v2\/users\/1"}],"replies":[{"embeddable":true,"href":"https:\/\/radiorevelacionfm.cl\/index.php?rest_route=%2Fwp%2Fv2%2Fcomments&post=30311"}],"version-history":[{"count":1,"href":"https:\/\/radiorevelacionfm.cl\/index.php?rest_route=\/wp\/v2\/posts\/30311\/revisions"}],"predecessor-version":[{"id":30313,"href":"https:\/\/radiorevelacionfm.cl\/index.php?rest_route=\/wp\/v2\/posts\/30311\/revisions\/30313"}],"wp:featuredmedia":[{"embeddable":true,"href":"https:\/\/radiorevelacionfm.cl\/index.php?rest_route=\/wp\/v2\/media\/30312"}],"wp:attachment":[{"href":"https:\/\/radiorevelacionfm.cl\/index.php?rest_route=%2Fwp%2Fv2%2Fmedia&parent=30311"}],"wp:term":[{"taxonomy":"category","embeddable":true,"href":"https:\/\/radiorevelacionfm.cl\/index.php?rest_route=%2Fwp%2Fv2%2Fcategories&post=30311"},{"taxonomy":"post_tag","embeddable":true,"href":"https:\/\/radiorevelacionfm.cl\/index.php?rest_route=%2Fwp%2Fv2%2Ftags&post=30311"}],"curies":[{"name":"wp","href":"https:\/\/api.w.org\/{rel}","templated":true}]}}