{"id":30307,"date":"2023-04-21T16:06:46","date_gmt":"2023-04-21T19:06:46","guid":{"rendered":"https:\/\/radiorevelacionfm.cl\/?p=30307"},"modified":"2023-04-21T16:06:46","modified_gmt":"2023-04-21T19:06:46","slug":"35-ninos-as-y-jovenes-de-coyhaique-participan-en-la-primera-escucha-creativa-de-cecrea","status":"publish","type":"post","link":"https:\/\/radiorevelacionfm.cl\/?p=30307","title":{"rendered":"35 ni\u00f1os\/as y j\u00f3venes de Coyhaique participan en la primera Escucha Creativa de Cecrea"},"content":{"rendered":"<div class=\"flex_column av_one_full  flex_column_div av-zero-column-padding first  avia-builder-el-0  el_before_av_one_full  avia-builder-el-first  \" style='border-radius:0px; '><div  class='avia-image-container  av-styling-    avia-builder-el-1  avia-builder-el-no-sibling  avia-align-center '  itemprop=\"image\" itemscope=\"itemscope\" itemtype=\"https:\/\/schema.org\/ImageObject\"  ><div class='avia-image-container-inner'><div class='avia-image-overlay-wrap'><img decoding=\"async\" class='wp-image-30308 avia-img-lazy-loading-not-30308 avia_image' src=\"https:\/\/radiorevelacionfm.cl\/wp-content\/uploads\/2023\/04\/cecrea-1_-1_optimized.jpg\" alt='' title='cecrea-1_-(1)_optimized' height=\"600\" width=\"800\"  itemprop=\"thumbnailUrl\" srcset=\"https:\/\/radiorevelacionfm.cl\/wp-content\/uploads\/2023\/04\/cecrea-1_-1_optimized.jpg 800w, https:\/\/radiorevelacionfm.cl\/wp-content\/uploads\/2023\/04\/cecrea-1_-1_optimized-300x225.jpg 300w, https:\/\/radiorevelacionfm.cl\/wp-content\/uploads\/2023\/04\/cecrea-1_-1_optimized-768x576.jpg 768w, https:\/\/radiorevelacionfm.cl\/wp-content\/uploads\/2023\/04\/cecrea-1_-1_optimized-705x529.jpg 705w, https:\/\/radiorevelacionfm.cl\/wp-content\/uploads\/2023\/04\/cecrea-1_-1_optimized-450x338.jpg 450w, https:\/\/radiorevelacionfm.cl\/wp-content\/uploads\/2023\/04\/cecrea-1_-1_optimized-600x450.jpg 600w\" sizes=\"(max-width: 800px) 100vw, 800px\" \/><\/div><\/div><\/div><\/div><div class=\"flex_column av_one_full  flex_column_div av-zero-column-padding first  avia-builder-el-2  el_after_av_one_full  el_before_av_one_full  column-top-margin\" style='border-radius:0px; '><section class=\"av_textblock_section \"  itemscope=\"itemscope\" itemtype=\"https:\/\/schema.org\/BlogPosting\" itemprop=\"blogPost\" ><div class='avia_textblock  '   itemprop=\"text\" ><p style=\"text-align: center;\"><span style=\"font-size: 18pt;\"><b>35 ni\u00f1os\/as y j\u00f3venes de Coyhaique participan en la primera Escucha Creativa de Cecrea<\/b><\/span><\/p>\n<div id=\"gtx-trans\" style=\"position: absolute; left: -50px; top: 4.31534px;\">\n<div class=\"gtx-trans-icon\"><\/div>\n<\/div>\n<\/div><\/section><\/div><div class=\"flex_column av_one_full  flex_column_div av-zero-column-padding first  avia-builder-el-4  el_after_av_one_full  el_before_av_hr  column-top-margin\" style='border-radius:0px; '><section class=\"av_textblock_section \"  itemscope=\"itemscope\" itemtype=\"https:\/\/schema.org\/BlogPosting\" itemprop=\"blogPost\" ><div class='avia_textblock  '   itemprop=\"text\" ><p style=\"text-align: justify;\">En la nueva casa de Cecrea Coyhaique se llev\u00f3 a cabo la primera Escucha Creativa junto a 35 ni\u00f1as, ni\u00f1os y j\u00f3venes de las escuelas Pedro Quintana Mansilla y Espa\u00f1a, quienes participaron en actividades de Artes Visuales, M\u00fasica y Artes Esc\u00e9nicas.<\/p>\n<p style=\"text-align: justify;\">Durante 3 horas las comunidades escolares se adentraron en la construcci\u00f3n de relatos colectivos en torno al concepto de bienestar integral. Las respuestas obtenidas son el soporte que permite orientar la programaci\u00f3n de este 2023, y dise\u00f1ar colectivamente el proyecto nacional de Cecrea sobre bienestar integral y sus ajustes regionales.<\/p>\n<p style=\"text-align: justify;\">La seremi (s) de Culturas Ays\u00e9n, Claudia Bustamante, dijo que \u201clas escuchas son parte fundamental de los Centro de Creaci\u00f3n de Cecrea y desde esta Seremi estamos enfocados no solo en escuchar, sino en incorporar activamente las miradas de los verdaderos protagonistas de Cecrea Coyhaique. Queremos invitar a las escuelas y colegios a que est\u00e9n atentos y atentas a nuestra programaci\u00f3n y a que participen en nuestros laboratorios y actividades. Y qu\u00e9 mejor que hacerlo en nuestra nueva casa en el Centro Cultural Coyhaique\u201d.<\/p>\n<p style=\"text-align: justify;\">En esta oportunidad, la Escucha Creativa fue facilitada por Amelia Osorio en Artes Esc\u00e9nicas, Rosario Soffia en Artes Visuales y Nicol\u00e1s Aguad en Artes Musicales.<\/p>\n<p style=\"text-align: justify;\">Juanita Mardones, Coordinadora de Programaci\u00f3n de Cecrea Coyhaique, explic\u00f3 que \u201cpara nosotros es muy importante este primer proceso de Escucha Creativa, sobre todo por la tem\u00e1tica que se est\u00e1 abordando que es el bienestar integral. Es importante conocer las opiniones, las ideas y las iniciativas; lo que sienten los ni\u00f1os, ni\u00f1as y j\u00f3venes que participan en el programa Cecrea. Creemos que el bienestar debemos incorporarlo todo el 2023, pues permite ir indagando tambi\u00e9n en sus necesidades\u201d.<\/p>\n<p style=\"text-align: justify;\">La actriz Amelia Osorio resumi\u00f3 el trabajo con las y los estudiantes: \u201cHoy trabajamos un grupo en com\u00fan, conociendo qu\u00e9 pensaban ellos y ellas sobre el bienestar, qu\u00e9 los hace sentir bien y qu\u00e9 los hace sentir mal. Despu\u00e9s nos dividimos en tres grupos y en Artes Esc\u00e9nicas, trabajamos t\u00e9cnicas teatrales de fotos, donde ellos pudieron identificar tambi\u00e9n estos conceptos y c\u00f3mo darle la vuelta a la imagen con situaciones que a ellos los hagan sentir mejor\u201d.<\/p>\n<\/div><\/section><\/div><div  style='height:50px' class='hr hr-invisible   avia-builder-el-6  el_after_av_one_full  el_before_av_social_share '><span class='hr-inner ' ><span class='hr-inner-style'><\/span><\/span><\/div><\/p>\n<div  class='av-social-sharing-box  avia-builder-el-7  el_after_av_hr  el_before_av_hr  '><div class='av-share-box'><h5 class='av-share-link-description av-no-toc '>Compartir esta noticia<\/h5><ul class='av-share-box-list noLightbox'><li class='av-share-link av-social-link-facebook' ><a target=\"_blank\" aria-label=\"Compartir en Facebook\" href='https:\/\/www.facebook.com\/sharer.php?u=https:\/\/radiorevelacionfm.cl\/?p=30307&#038;t=35%20ni%C3%B1os%2Fas%20y%20j%C3%B3venes%20de%20Coyhaique%20participan%20en%20la%20primera%20Escucha%20Creativa%20de%20Cecrea' aria-hidden='false' data-av_icon='\ue8f3' data-av_iconfont='entypo-fontello' title='' data-avia-related-tooltip='Compartir en Facebook' rel=\"noopener\"><span class='avia_hidden_link_text'>Compartir en Facebook<\/span><\/a><\/li><li class='av-share-link av-social-link-twitter' ><a target=\"_blank\" aria-label=\"Compartir en Twitter\" href='https:\/\/twitter.com\/share?text=35%20ni%C3%B1os%2Fas%20y%20j%C3%B3venes%20de%20Coyhaique%20participan%20en%20la%20primera%20Escucha%20Creativa%20de%20Cecrea&#038;url=https:\/\/radiorevelacionfm.cl\/?p=30307' aria-hidden='false' data-av_icon='\ue8f1' data-av_iconfont='entypo-fontello' title='' data-avia-related-tooltip='Compartir en Twitter' rel=\"noopener\"><span class='avia_hidden_link_text'>Compartir en Twitter<\/span><\/a><\/li><li class='av-share-link av-social-link-whatsapp' ><a target=\"_blank\" aria-label=\"Compartir en Whatsapp\" href='https:\/\/api.whatsapp.com\/send?text=https:\/\/radiorevelacionfm.cl\/?p=30307' aria-hidden='false' data-av_icon='\uf232' data-av_iconfont='entypo-fontello' title='' data-avia-related-tooltip='Compartir en Whatsapp' rel=\"noopener\"><span class='avia_hidden_link_text'>Compartir en Whatsapp<\/span><\/a><\/li><li class='av-share-link av-social-link-linkedin' ><a target=\"_blank\" aria-label=\"Compartir en LinkedIn\" href='https:\/\/linkedin.com\/shareArticle?mini=true&#038;title=35%20ni%C3%B1os%2Fas%20y%20j%C3%B3venes%20de%20Coyhaique%20participan%20en%20la%20primera%20Escucha%20Creativa%20de%20Cecrea&#038;url=https:\/\/radiorevelacionfm.cl\/?p=30307' aria-hidden='false' data-av_icon='\ue8fc' data-av_iconfont='entypo-fontello' title='' data-avia-related-tooltip='Compartir en LinkedIn' rel=\"noopener\"><span class='avia_hidden_link_text'>Compartir en LinkedIn<\/span><\/a><\/li><li class='av-share-link av-social-link-mail' ><a  aria-label=\"Compartir por correo\" href='mailto:?subject=35%20ni%C3%B1os%2Fas%20y%20j%C3%B3venes%20de%20Coyhaique%20participan%20en%20la%20primera%20Escucha%20Creativa%20de%20Cecrea&#038;body=https:\/\/radiorevelacionfm.cl\/?p=30307' aria-hidden='false' data-av_icon='\ue805' data-av_iconfont='entypo-fontello' title='' data-avia-related-tooltip='Compartir por correo'><span class='avia_hidden_link_text'>Compartir por correo<\/span><\/a><\/li><\/ul><\/div><\/div>\n<div  style='height:50px' class='hr hr-invisible   avia-builder-el-8  el_after_av_social_share  el_before_av_comments_list '><span class='hr-inner ' ><span class='hr-inner-style'><\/span><\/span><\/div>\n<div  class='av-buildercomment  av-blog-meta-html-info-disabled av-blog-meta-tag-disabled  '><\/div>\n","protected":false},"excerpt":{"rendered":"","protected":false},"author":1,"featured_media":30308,"comment_status":"open","ping_status":"open","sticky":false,"template":"","format":"standard","meta":{"footnotes":""},"categories":[52],"tags":[],"class_list":["post-30307","post","type-post","status-publish","format-standard","has-post-thumbnail","hentry","category-cultura"],"jetpack_featured_media_url":"https:\/\/radiorevelacionfm.cl\/wp-content\/uploads\/2023\/04\/cecrea-1_-1_optimized.jpg","_links":{"self":[{"href":"https:\/\/radiorevelacionfm.cl\/index.php?rest_route=\/wp\/v2\/posts\/30307","targetHints":{"allow":["GET"]}}],"collection":[{"href":"https:\/\/radiorevelacionfm.cl\/index.php?rest_route=\/wp\/v2\/posts"}],"about":[{"href":"https:\/\/radiorevelacionfm.cl\/index.php?rest_route=\/wp\/v2\/types\/post"}],"author":[{"embeddable":true,"href":"https:\/\/radiorevelacionfm.cl\/index.php?rest_route=\/wp\/v2\/users\/1"}],"replies":[{"embeddable":true,"href":"https:\/\/radiorevelacionfm.cl\/index.php?rest_route=%2Fwp%2Fv2%2Fcomments&post=30307"}],"version-history":[{"count":1,"href":"https:\/\/radiorevelacionfm.cl\/index.php?rest_route=\/wp\/v2\/posts\/30307\/revisions"}],"predecessor-version":[{"id":30309,"href":"https:\/\/radiorevelacionfm.cl\/index.php?rest_route=\/wp\/v2\/posts\/30307\/revisions\/30309"}],"wp:featuredmedia":[{"embeddable":true,"href":"https:\/\/radiorevelacionfm.cl\/index.php?rest_route=\/wp\/v2\/media\/30308"}],"wp:attachment":[{"href":"https:\/\/radiorevelacionfm.cl\/index.php?rest_route=%2Fwp%2Fv2%2Fmedia&parent=30307"}],"wp:term":[{"taxonomy":"category","embeddable":true,"href":"https:\/\/radiorevelacionfm.cl\/index.php?rest_route=%2Fwp%2Fv2%2Fcategories&post=30307"},{"taxonomy":"post_tag","embeddable":true,"href":"https:\/\/radiorevelacionfm.cl\/index.php?rest_route=%2Fwp%2Fv2%2Ftags&post=30307"}],"curies":[{"name":"wp","href":"https:\/\/api.w.org\/{rel}","templated":true}]}}