{"id":30304,"date":"2023-04-21T18:20:26","date_gmt":"2023-04-21T21:20:26","guid":{"rendered":"https:\/\/radiorevelacionfm.cl\/?p=30304"},"modified":"2023-04-21T18:20:26","modified_gmt":"2023-04-21T21:20:26","slug":"proyecto-de-ley-de-salario-minimo-propondra-llegar-a-los-500-mil-en-julio-de-2024","status":"publish","type":"post","link":"https:\/\/radiorevelacionfm.cl\/?p=30304","title":{"rendered":"Proyecto de ley de Salario M\u00ednimo propondr\u00e1 llegar a los $ 500 mil en julio de 2024"},"content":{"rendered":"<div class=\"flex_column av_one_full  flex_column_div av-zero-column-padding first  avia-builder-el-0  el_before_av_one_full  avia-builder-el-first  \" style='border-radius:0px; '><div  class='avia-image-container  av-styling-    avia-builder-el-1  avia-builder-el-no-sibling  avia-align-center '  itemprop=\"image\" itemscope=\"itemscope\" itemtype=\"https:\/\/schema.org\/ImageObject\"  ><div class='avia-image-container-inner'><div class='avia-image-overlay-wrap'><img decoding=\"async\" class='wp-image-30305 avia-img-lazy-loading-not-30305 avia_image' src=\"https:\/\/radiorevelacionfm.cl\/wp-content\/uploads\/2023\/04\/SeremiTrabRDiaz_CUT_MMunoz-1-1.jpg\" alt='' title='SeremiTrabRDiaz_CUT_MMunoz (1) (1)' height=\"600\" width=\"793\"  itemprop=\"thumbnailUrl\" srcset=\"https:\/\/radiorevelacionfm.cl\/wp-content\/uploads\/2023\/04\/SeremiTrabRDiaz_CUT_MMunoz-1-1.jpg 793w, https:\/\/radiorevelacionfm.cl\/wp-content\/uploads\/2023\/04\/SeremiTrabRDiaz_CUT_MMunoz-1-1-300x227.jpg 300w, https:\/\/radiorevelacionfm.cl\/wp-content\/uploads\/2023\/04\/SeremiTrabRDiaz_CUT_MMunoz-1-1-768x581.jpg 768w, https:\/\/radiorevelacionfm.cl\/wp-content\/uploads\/2023\/04\/SeremiTrabRDiaz_CUT_MMunoz-1-1-705x533.jpg 705w, https:\/\/radiorevelacionfm.cl\/wp-content\/uploads\/2023\/04\/SeremiTrabRDiaz_CUT_MMunoz-1-1-450x340.jpg 450w, https:\/\/radiorevelacionfm.cl\/wp-content\/uploads\/2023\/04\/SeremiTrabRDiaz_CUT_MMunoz-1-1-600x454.jpg 600w\" sizes=\"(max-width: 793px) 100vw, 793px\" \/><\/div><\/div><\/div><\/div><div class=\"flex_column av_one_full  flex_column_div av-zero-column-padding first  avia-builder-el-2  el_after_av_one_full  el_before_av_one_full  column-top-margin\" style='border-radius:0px; '><section class=\"av_textblock_section \"  itemscope=\"itemscope\" itemtype=\"https:\/\/schema.org\/BlogPosting\" itemprop=\"blogPost\" ><div class='avia_textblock  '   itemprop=\"text\" ><p style=\"text-align: center;\"><span style=\"font-size: 18pt;\"><b><span lang=\"ES\">Proyecto de ley de Salario M\u00ednimo propondr\u00e1 llegar a los $ 500 mil en julio de 2024<\/span><\/b><\/span><\/p>\n<div id=\"gtx-trans\" style=\"position: absolute; left: -50px; top: 4.31534px;\">\n<div class=\"gtx-trans-icon\"><\/div>\n<\/div>\n<\/div><\/section><\/div><div class=\"flex_column av_one_full  flex_column_div av-zero-column-padding first  avia-builder-el-4  el_after_av_one_full  el_before_av_hr  column-top-margin\" style='border-radius:0px; '><section class=\"av_textblock_section \"  itemscope=\"itemscope\" itemtype=\"https:\/\/schema.org\/BlogPosting\" itemprop=\"blogPost\" ><div class='avia_textblock  '   itemprop=\"text\" ><div class=\"v1gmail_default\">\n<p class=\"v1MsoNormal\" style=\"text-align: justify;\"><span lang=\"ES\">El Gobierno y la directiva de la Central Unitaria de Trabajadores (CUT), encabezada por David Acu\u00f1a, suscribieron esta semana un protocolo de acuerdo para el reajuste del ingreso m\u00ednimo mensual, en el que se destaca el alza a $500.000 durante el pr\u00f3ximo a\u00f1o, con lo que, al materializarse, se cumplir\u00e1 con uno de los compromisos del Programa de Gobierno del Presidente Gabriel Boric.<\/span><\/p>\n<p class=\"v1MsoNormal\" style=\"text-align: justify;\"><span lang=\"ES\">El Seremi de Trabajo y Previsi\u00f3n Social de Ays\u00e9n, Rodrigo D\u00edaz explic\u00f3 sobre el acuerdo \u00abLes contamos que a nivel nacional los Ministros de Trabajo y Previsi\u00f3n Social, Jeannette Jara junto al de Hacienda, Mario Marcel llegaron a un acuerdo con la CUT para el ingreso m\u00ednimo mensual, proyecto de ley que ser\u00e1 presentado durante estos d\u00edas al Congreso, con urgencia. De aprobarse la iniciativa, contempla un incremento desde los actuales $410.000 a $440.000 el 1 de mayo de 2023; luego, a $460.000 el 1 de septiembre de 2023, para, posteriormente, alcanzar los $500.000 el 1 de julio de 2024. Esta medida beneficiar\u00eda a cerca de 10 mil trabajadores de nuestra Regi\u00f3n de Ays\u00e9n\u00bb, afirm\u00f3.<\/span><\/p>\n<p class=\"v1MsoNormal\" style=\"text-align: justify;\"><span lang=\"ES\">Por su parte, el presidente de la CUT provincial Coyhaique, Mauricio Mu\u00f1oz, manifest\u00f3 que el salario m\u00ednimo es un piso y que espera su pronta aprobaci\u00f3n en el Congreso, \u00abSe abrieron las conversaciones hace varios meses atr\u00e1s, entendiendo que tambi\u00e9n dentro del programa del Presidente de la Rep\u00fablica estaba superar la l\u00ednea de la pobreza y empezaron las mesas de conversaci\u00f3n, y afortunadamente hoy d\u00eda podemos decir que tenemos una l\u00ednea de mejoramiento del salario m\u00ednimo. Hay un cuadro de mejoramiento el cual nosotros aplaudimos, abrazamos, es un aliciente para las familias chilenas, es una buena noticia para las y los trabajadores que los salarios m\u00ednimos en este pa\u00eds se mejoren y se suban. Ahora, lo importante es superar los salarios m\u00ednimos, nosotros no podemos estar constantemente peleando, subiendo y discutiendo esto, cuando deber\u00edamos tener mejores salarios que el salario m\u00ednimo, pero esa es una tarea de todas y todos. Hoy d\u00eda sin duda abrazamos este proceso importante que fue entre la Central Unitaria de Trabajadores y el Gobierno a trav\u00e9s del Ministerio de Hacienda y Ministerio del Trabajo\u00bb, enfatiz\u00f3.<\/span><\/p>\n<p class=\"v1MsoNormal\" style=\"text-align: justify;\"><b><u><span lang=\"ES\">Apoyo a Mipes y otros beneficios<\/span><\/u><\/b><\/p>\n<p class=\"v1MsoNormal\" style=\"text-align: justify;\"><span lang=\"ES\">El Seremi adem\u00e1s afirm\u00f3 sobre el apoyo a emprendedores, micro y peque\u00f1as empresas, \u00abSe espera que a trav\u00e9s del Ministerio de Econom\u00eda se pueda apoyar a las micro y peque\u00f1as empresas, que son mayor\u00eda en la regi\u00f3n, para que puedan absorber el costo del incremento del ingreso m\u00ednimo, tal como ocurri\u00f3 el a\u00f1o pasado, lo que se va a trabajar con los sectores productivos. Este proyecto de ley adem\u00e1s incluir\u00eda otros beneficios, como el aumento del Ingreso M\u00ednimo Garantizado a $500.000 y el reajuste en los valores del Subsidio \u00danico Familiar y de la Asignaci\u00f3n Familiar como medidas que ayuda a la seguridad econ\u00f3mica de las personas\u00bb, afirm\u00f3 D\u00eda Cordaro.<\/span><\/p>\n<p class=\"v1MsoNormal\" style=\"text-align: justify;\"><span lang=\"ES\">Otro de los acuerdos es que solo en el caso que el IPC acumulado durante 2023 supere el 6%, se realizar\u00e1 un alza previa de $10.000 el 1 de enero de 2024, quedando el salario m\u00ednimo en $470.000 en dicha fecha, para luego continuar con la gradualidad antes mencionada.<\/span><\/p>\n<p class=\"v1MsoNormal\" style=\"text-align: justify;\"><span lang=\"ES\">Respecto a la protecci\u00f3n del poder adquisitivo de las y los trabajadores, el Gobierno y la CUT acordaron extender hasta mayo de 2024 el Bolsillo Familiar Electr\u00f3nico, cuya vigencia termina el 31 de diciembre de 2023 y la creaci\u00f3n del Consejo de Seguridad Econ\u00f3mica de las y los Trabajadores, conformado por la Central Unitaria de Trabajadores y los ministerios del Trabajo y Previsi\u00f3n Social, de Hacienda, de Econom\u00eda y de Desarrollo Social y Familia, con el objetivo de hacer seguimiento al comportamiento de los precios de los alimentos y otros productos de primera necesidad. Del mismo modo, este Consejo podr\u00e1 proponer pol\u00edticas p\u00fablicas que tengan por objetivo asistir a las familias que se ven afectadas por las alzas de precios de estos productos, as\u00ed como reducir y prevenir el sobreendeudamiento de ellas.<\/span><\/p>\n<\/div>\n<div class=\"v1gmail_default\" style=\"text-align: justify;\"><\/div>\n<\/div><\/section><\/div><div  style='height:50px' class='hr hr-invisible   avia-builder-el-6  el_after_av_one_full  el_before_av_social_share '><span class='hr-inner ' ><span class='hr-inner-style'><\/span><\/span><\/div><\/p>\n<div  class='av-social-sharing-box  avia-builder-el-7  el_after_av_hr  el_before_av_hr  '><div class='av-share-box'><h5 class='av-share-link-description av-no-toc '>Compartir esta noticia<\/h5><ul class='av-share-box-list noLightbox'><li class='av-share-link av-social-link-facebook' ><a target=\"_blank\" aria-label=\"Compartir en Facebook\" href='https:\/\/www.facebook.com\/sharer.php?u=https:\/\/radiorevelacionfm.cl\/?p=30304&#038;t=Proyecto%20de%20ley%20de%20Salario%20M%C3%ADnimo%20propondr%C3%A1%20llegar%20a%20los%20%24%20500%20mil%20en%20julio%20de%202024' aria-hidden='false' data-av_icon='\ue8f3' data-av_iconfont='entypo-fontello' title='' data-avia-related-tooltip='Compartir en Facebook' rel=\"noopener\"><span class='avia_hidden_link_text'>Compartir en Facebook<\/span><\/a><\/li><li class='av-share-link av-social-link-twitter' ><a target=\"_blank\" aria-label=\"Compartir en Twitter\" href='https:\/\/twitter.com\/share?text=Proyecto%20de%20ley%20de%20Salario%20M%C3%ADnimo%20propondr%C3%A1%20llegar%20a%20los%20%24%20500%20mil%20en%20julio%20de%202024&#038;url=https:\/\/radiorevelacionfm.cl\/?p=30304' aria-hidden='false' data-av_icon='\ue8f1' data-av_iconfont='entypo-fontello' title='' data-avia-related-tooltip='Compartir en Twitter' rel=\"noopener\"><span class='avia_hidden_link_text'>Compartir en Twitter<\/span><\/a><\/li><li class='av-share-link av-social-link-whatsapp' ><a target=\"_blank\" aria-label=\"Compartir en Whatsapp\" href='https:\/\/api.whatsapp.com\/send?text=https:\/\/radiorevelacionfm.cl\/?p=30304' aria-hidden='false' data-av_icon='\uf232' data-av_iconfont='entypo-fontello' title='' data-avia-related-tooltip='Compartir en Whatsapp' rel=\"noopener\"><span class='avia_hidden_link_text'>Compartir en Whatsapp<\/span><\/a><\/li><li class='av-share-link av-social-link-linkedin' ><a target=\"_blank\" aria-label=\"Compartir en LinkedIn\" href='https:\/\/linkedin.com\/shareArticle?mini=true&#038;title=Proyecto%20de%20ley%20de%20Salario%20M%C3%ADnimo%20propondr%C3%A1%20llegar%20a%20los%20%24%20500%20mil%20en%20julio%20de%202024&#038;url=https:\/\/radiorevelacionfm.cl\/?p=30304' aria-hidden='false' data-av_icon='\ue8fc' data-av_iconfont='entypo-fontello' title='' data-avia-related-tooltip='Compartir en LinkedIn' rel=\"noopener\"><span class='avia_hidden_link_text'>Compartir en LinkedIn<\/span><\/a><\/li><li class='av-share-link av-social-link-mail' ><a  aria-label=\"Compartir por correo\" href='mailto:?subject=Proyecto%20de%20ley%20de%20Salario%20M%C3%ADnimo%20propondr%C3%A1%20llegar%20a%20los%20%24%20500%20mil%20en%20julio%20de%202024&#038;body=https:\/\/radiorevelacionfm.cl\/?p=30304' aria-hidden='false' data-av_icon='\ue805' data-av_iconfont='entypo-fontello' title='' data-avia-related-tooltip='Compartir por correo'><span class='avia_hidden_link_text'>Compartir por correo<\/span><\/a><\/li><\/ul><\/div><\/div>\n<div  style='height:50px' class='hr hr-invisible   avia-builder-el-8  el_after_av_social_share  el_before_av_comments_list '><span class='hr-inner ' ><span class='hr-inner-style'><\/span><\/span><\/div>\n<div  class='av-buildercomment  av-blog-meta-html-info-disabled av-blog-meta-tag-disabled  '><\/div>\n","protected":false},"excerpt":{"rendered":"","protected":false},"author":1,"featured_media":30305,"comment_status":"open","ping_status":"open","sticky":false,"template":"","format":"standard","meta":{"footnotes":""},"categories":[56],"tags":[],"class_list":["post-30304","post","type-post","status-publish","format-standard","has-post-thumbnail","hentry","category-trabajo"],"jetpack_featured_media_url":"https:\/\/radiorevelacionfm.cl\/wp-content\/uploads\/2023\/04\/SeremiTrabRDiaz_CUT_MMunoz-1-1.jpg","_links":{"self":[{"href":"https:\/\/radiorevelacionfm.cl\/index.php?rest_route=\/wp\/v2\/posts\/30304","targetHints":{"allow":["GET"]}}],"collection":[{"href":"https:\/\/radiorevelacionfm.cl\/index.php?rest_route=\/wp\/v2\/posts"}],"about":[{"href":"https:\/\/radiorevelacionfm.cl\/index.php?rest_route=\/wp\/v2\/types\/post"}],"author":[{"embeddable":true,"href":"https:\/\/radiorevelacionfm.cl\/index.php?rest_route=\/wp\/v2\/users\/1"}],"replies":[{"embeddable":true,"href":"https:\/\/radiorevelacionfm.cl\/index.php?rest_route=%2Fwp%2Fv2%2Fcomments&post=30304"}],"version-history":[{"count":1,"href":"https:\/\/radiorevelacionfm.cl\/index.php?rest_route=\/wp\/v2\/posts\/30304\/revisions"}],"predecessor-version":[{"id":30306,"href":"https:\/\/radiorevelacionfm.cl\/index.php?rest_route=\/wp\/v2\/posts\/30304\/revisions\/30306"}],"wp:featuredmedia":[{"embeddable":true,"href":"https:\/\/radiorevelacionfm.cl\/index.php?rest_route=\/wp\/v2\/media\/30305"}],"wp:attachment":[{"href":"https:\/\/radiorevelacionfm.cl\/index.php?rest_route=%2Fwp%2Fv2%2Fmedia&parent=30304"}],"wp:term":[{"taxonomy":"category","embeddable":true,"href":"https:\/\/radiorevelacionfm.cl\/index.php?rest_route=%2Fwp%2Fv2%2Fcategories&post=30304"},{"taxonomy":"post_tag","embeddable":true,"href":"https:\/\/radiorevelacionfm.cl\/index.php?rest_route=%2Fwp%2Fv2%2Ftags&post=30304"}],"curies":[{"name":"wp","href":"https:\/\/api.w.org\/{rel}","templated":true}]}}