{"id":30301,"date":"2023-04-21T13:18:14","date_gmt":"2023-04-21T16:18:14","guid":{"rendered":"https:\/\/radiorevelacionfm.cl\/?p=30301"},"modified":"2023-04-21T13:18:14","modified_gmt":"2023-04-21T16:18:14","slug":"mop-impulsa-cartera-de-proyectos-para-las-y-los-vecinos-de-la-comuna-de-aysen","status":"publish","type":"post","link":"https:\/\/radiorevelacionfm.cl\/?p=30301","title":{"rendered":"MOP impulsa cartera de proyectos para las y los vecinos de la comuna de Ays\u00e9n"},"content":{"rendered":"<div class=\"flex_column av_one_full  flex_column_div av-zero-column-padding first  avia-builder-el-0  el_before_av_one_full  avia-builder-el-first  \" style='border-radius:0px; '><div  class='avia-image-container  av-styling-    avia-builder-el-1  avia-builder-el-no-sibling  avia-align-center '  itemprop=\"image\" itemscope=\"itemscope\" itemtype=\"https:\/\/schema.org\/ImageObject\"  ><div class='avia-image-container-inner'><div class='avia-image-overlay-wrap'><img decoding=\"async\" class='wp-image-30302 avia-img-lazy-loading-not-30302 avia_image' src=\"https:\/\/radiorevelacionfm.cl\/wp-content\/uploads\/2023\/04\/arquitectura-3-1_optimized.jpg\" alt='' title='arquitectura-3-(1)_optimized' height=\"600\" width=\"870\"  itemprop=\"thumbnailUrl\" srcset=\"https:\/\/radiorevelacionfm.cl\/wp-content\/uploads\/2023\/04\/arquitectura-3-1_optimized.jpg 870w, https:\/\/radiorevelacionfm.cl\/wp-content\/uploads\/2023\/04\/arquitectura-3-1_optimized-300x207.jpg 300w, https:\/\/radiorevelacionfm.cl\/wp-content\/uploads\/2023\/04\/arquitectura-3-1_optimized-768x530.jpg 768w, https:\/\/radiorevelacionfm.cl\/wp-content\/uploads\/2023\/04\/arquitectura-3-1_optimized-705x486.jpg 705w, https:\/\/radiorevelacionfm.cl\/wp-content\/uploads\/2023\/04\/arquitectura-3-1_optimized-450x310.jpg 450w, https:\/\/radiorevelacionfm.cl\/wp-content\/uploads\/2023\/04\/arquitectura-3-1_optimized-600x414.jpg 600w\" sizes=\"(max-width: 870px) 100vw, 870px\" \/><\/div><\/div><\/div><\/div><div class=\"flex_column av_one_full  flex_column_div av-zero-column-padding first  avia-builder-el-2  el_after_av_one_full  el_before_av_one_full  column-top-margin\" style='border-radius:0px; '><section class=\"av_textblock_section \"  itemscope=\"itemscope\" itemtype=\"https:\/\/schema.org\/BlogPosting\" itemprop=\"blogPost\" ><div class='avia_textblock  '   itemprop=\"text\" ><p style=\"text-align: center;\"><strong><span style=\"font-size: 18pt;\">MOP impulsa cartera de proyectos para las y los vecinos de la comuna de Ays\u00e9n<\/span><\/strong><\/p>\n<div id=\"gtx-trans\" style=\"position: absolute; left: -50px; top: 4.31534px;\">\n<div class=\"gtx-trans-icon\"><\/div>\n<\/div>\n<\/div><\/section><\/div><div class=\"flex_column av_one_full  flex_column_div av-zero-column-padding first  avia-builder-el-4  el_after_av_one_full  el_before_av_hr  column-top-margin\" style='border-radius:0px; '><section class=\"av_textblock_section \"  itemscope=\"itemscope\" itemtype=\"https:\/\/schema.org\/BlogPosting\" itemprop=\"blogPost\" ><div class='avia_textblock  '   itemprop=\"text\" ><p style=\"text-align: justify;\">Hasta Puerto Ays\u00e9n, viaj\u00f3 esta semana la Directora Regional de Arquitectura del Ministerio de Obras P\u00fablicas Paola Az\u00f3car Betancur junto a su Jefa de Planificaci\u00f3n Jennifer Flores Mu\u00f1oz, para reunirse con el Alcalde de la comuna de Ays\u00e9n Julio Uribe y su equipo y trabajar conjuntamente en impulsar cartera de proyectos de gran relevancia para las y los vecinos de la comuna.<\/p>\n<p style=\"text-align: justify;\">La Directora Regional de Arquitectura del MOP destac\u00f3 que \u201ccomo Ministerio de Obras P\u00fablicas todas las Direcciones regionales trabajan en forma integral en cada territorio, con \u00e9nfasis en generar una labor colaborativa con cada una de las municipalidades de la regi\u00f3n, centrando la gesti\u00f3n en escuchar las necesidades locales y de diversos sectores, tanto desde las \u00e1reas urbanas como las rurales, porque entendemos que descentralizar nuestro trabajo y gesti\u00f3n nos permite avanzar fuertemente hacia lo que queremos lograr, que es mejorar las condiciones de vida de las personas. Eso nos ha mandatado nuestro presidente, ministra y SEREMI, as\u00ed que esta semana fuimos a Puerto Ays\u00e9n para desarrollar este trabajo mancomunado y de asesor\u00eda t\u00e9cnica, definiendo prioridades, y avanzar en iniciativas de alto impacto y beneficio social tales como equipamientos deportivos, culturales, educacionales, y de edificaci\u00f3n p\u00fablica\u201d.<\/p>\n<p style=\"text-align: justify;\">Consultado el Alcalde de la comuna de Ays\u00e9n Julio Uribe respecto a su evaluaci\u00f3n de la reuni\u00f3n sostenida con la Directora de Arquitectura, se\u00f1al\u00f3 que se revisaron los grandes proyectos que a futuro tiene contemplada la comuna, e indic\u00f3 \u00a0\u201centre ellos destacan nuestro nuevo edificio consistorial, el Parque Municipal Isla D\u00edaz, lo que estamos contemplando como gran proyecto que es la construcci\u00f3n del nuevo puente y que \u00e9ste sea emblem\u00e1tico y atractivo; \u00a0grandes proyectos como la escuela Despertar, la conservaci\u00f3n de nuestro polideportivo que es muy importante, el Cine municipal y la conservaci\u00f3n de nuestra Casa de la Cultura. Entonces, en todos los proyectos que ellos nos puedan ayudar como Arquitectura tanto en la elaboraci\u00f3n de los proyectos de pre factibilidad, como en los Dise\u00f1os, en la ejecuci\u00f3n y conservaci\u00f3n de las obras. Lo m\u00e1s relevante son las ganas de poder colaborar conjuntamente, la disposici\u00f3n que muestran para poder avanzar en estos grandes proyectos para la comuna que realmente son de largo aliento, pero que tienen que comenzar en alg\u00fan momento para tener la posibilidad de poder cambiar la infraestructura de nuestra comuna. As\u00ed que hemos estado en una larga reuni\u00f3n, muy productiva, as\u00ed que vamos avanzando\u201d.<\/p>\n<\/div><\/section><\/div><div  style='height:50px' class='hr hr-invisible   avia-builder-el-6  el_after_av_one_full  el_before_av_social_share '><span class='hr-inner ' ><span class='hr-inner-style'><\/span><\/span><\/div><\/p>\n<div  class='av-social-sharing-box  avia-builder-el-7  el_after_av_hr  el_before_av_hr  '><div class='av-share-box'><h5 class='av-share-link-description av-no-toc '>Compartir esta noticia<\/h5><ul class='av-share-box-list noLightbox'><li class='av-share-link av-social-link-facebook' ><a target=\"_blank\" aria-label=\"Compartir en Facebook\" href='https:\/\/www.facebook.com\/sharer.php?u=https:\/\/radiorevelacionfm.cl\/?p=30301&#038;t=MOP%20impulsa%20cartera%20de%20proyectos%20para%20las%20y%20los%20vecinos%20de%20la%20comuna%20de%20Ays%C3%A9n' aria-hidden='false' data-av_icon='\ue8f3' data-av_iconfont='entypo-fontello' title='' data-avia-related-tooltip='Compartir en Facebook' rel=\"noopener\"><span class='avia_hidden_link_text'>Compartir en Facebook<\/span><\/a><\/li><li class='av-share-link av-social-link-twitter' ><a target=\"_blank\" aria-label=\"Compartir en Twitter\" href='https:\/\/twitter.com\/share?text=MOP%20impulsa%20cartera%20de%20proyectos%20para%20las%20y%20los%20vecinos%20de%20la%20comuna%20de%20Ays%C3%A9n&#038;url=https:\/\/radiorevelacionfm.cl\/?p=30301' aria-hidden='false' data-av_icon='\ue8f1' data-av_iconfont='entypo-fontello' title='' data-avia-related-tooltip='Compartir en Twitter' rel=\"noopener\"><span class='avia_hidden_link_text'>Compartir en Twitter<\/span><\/a><\/li><li class='av-share-link av-social-link-whatsapp' ><a target=\"_blank\" aria-label=\"Compartir en Whatsapp\" href='https:\/\/api.whatsapp.com\/send?text=https:\/\/radiorevelacionfm.cl\/?p=30301' aria-hidden='false' data-av_icon='\uf232' data-av_iconfont='entypo-fontello' title='' data-avia-related-tooltip='Compartir en Whatsapp' rel=\"noopener\"><span class='avia_hidden_link_text'>Compartir en Whatsapp<\/span><\/a><\/li><li class='av-share-link av-social-link-linkedin' ><a target=\"_blank\" aria-label=\"Compartir en LinkedIn\" href='https:\/\/linkedin.com\/shareArticle?mini=true&#038;title=MOP%20impulsa%20cartera%20de%20proyectos%20para%20las%20y%20los%20vecinos%20de%20la%20comuna%20de%20Ays%C3%A9n&#038;url=https:\/\/radiorevelacionfm.cl\/?p=30301' aria-hidden='false' data-av_icon='\ue8fc' data-av_iconfont='entypo-fontello' title='' data-avia-related-tooltip='Compartir en LinkedIn' rel=\"noopener\"><span class='avia_hidden_link_text'>Compartir en LinkedIn<\/span><\/a><\/li><li class='av-share-link av-social-link-mail' ><a  aria-label=\"Compartir por correo\" href='mailto:?subject=MOP%20impulsa%20cartera%20de%20proyectos%20para%20las%20y%20los%20vecinos%20de%20la%20comuna%20de%20Ays%C3%A9n&#038;body=https:\/\/radiorevelacionfm.cl\/?p=30301' aria-hidden='false' data-av_icon='\ue805' data-av_iconfont='entypo-fontello' title='' data-avia-related-tooltip='Compartir por correo'><span class='avia_hidden_link_text'>Compartir por correo<\/span><\/a><\/li><\/ul><\/div><\/div>\n<div  style='height:50px' class='hr hr-invisible   avia-builder-el-8  el_after_av_social_share  el_before_av_comments_list '><span class='hr-inner ' ><span class='hr-inner-style'><\/span><\/span><\/div>\n<div  class='av-buildercomment  av-blog-meta-html-info-disabled av-blog-meta-tag-disabled  '><\/div>\n","protected":false},"excerpt":{"rendered":"","protected":false},"author":1,"featured_media":30302,"comment_status":"open","ping_status":"open","sticky":false,"template":"","format":"standard","meta":{"footnotes":""},"categories":[38],"tags":[],"class_list":["post-30301","post","type-post","status-publish","format-standard","has-post-thumbnail","hentry","category-regional"],"jetpack_featured_media_url":"https:\/\/radiorevelacionfm.cl\/wp-content\/uploads\/2023\/04\/arquitectura-3-1_optimized.jpg","_links":{"self":[{"href":"https:\/\/radiorevelacionfm.cl\/index.php?rest_route=\/wp\/v2\/posts\/30301","targetHints":{"allow":["GET"]}}],"collection":[{"href":"https:\/\/radiorevelacionfm.cl\/index.php?rest_route=\/wp\/v2\/posts"}],"about":[{"href":"https:\/\/radiorevelacionfm.cl\/index.php?rest_route=\/wp\/v2\/types\/post"}],"author":[{"embeddable":true,"href":"https:\/\/radiorevelacionfm.cl\/index.php?rest_route=\/wp\/v2\/users\/1"}],"replies":[{"embeddable":true,"href":"https:\/\/radiorevelacionfm.cl\/index.php?rest_route=%2Fwp%2Fv2%2Fcomments&post=30301"}],"version-history":[{"count":1,"href":"https:\/\/radiorevelacionfm.cl\/index.php?rest_route=\/wp\/v2\/posts\/30301\/revisions"}],"predecessor-version":[{"id":30303,"href":"https:\/\/radiorevelacionfm.cl\/index.php?rest_route=\/wp\/v2\/posts\/30301\/revisions\/30303"}],"wp:featuredmedia":[{"embeddable":true,"href":"https:\/\/radiorevelacionfm.cl\/index.php?rest_route=\/wp\/v2\/media\/30302"}],"wp:attachment":[{"href":"https:\/\/radiorevelacionfm.cl\/index.php?rest_route=%2Fwp%2Fv2%2Fmedia&parent=30301"}],"wp:term":[{"taxonomy":"category","embeddable":true,"href":"https:\/\/radiorevelacionfm.cl\/index.php?rest_route=%2Fwp%2Fv2%2Fcategories&post=30301"},{"taxonomy":"post_tag","embeddable":true,"href":"https:\/\/radiorevelacionfm.cl\/index.php?rest_route=%2Fwp%2Fv2%2Ftags&post=30301"}],"curies":[{"name":"wp","href":"https:\/\/api.w.org\/{rel}","templated":true}]}}