{"id":3030,"date":"2021-03-01T09:56:38","date_gmt":"2021-03-01T12:56:38","guid":{"rendered":"https:\/\/radiorevelacionfm.cl\/?p=3030"},"modified":"2021-03-01T09:56:38","modified_gmt":"2021-03-01T12:56:38","slug":"alerta-temprana-preventiva-para-las-comunas-de-aysen-y-rio-ibanez-por-actividad-del-volcan-hudson","status":"publish","type":"post","link":"https:\/\/radiorevelacionfm.cl\/?p=3030","title":{"rendered":"Alerta Temprana Preventiva para las comunas de Ays\u00e9n y R\u00edo Ib\u00e1\u00f1ez por actividad del volc\u00e1n Hudson"},"content":{"rendered":"<div class=\"flex_column av_one_full  flex_column_div av-zero-column-padding first  avia-builder-el-0  el_before_av_one_full  avia-builder-el-first  \" style='border-radius:0px; '><div  class='avia-image-container  av-styling-    avia-builder-el-1  avia-builder-el-no-sibling  avia-align-center '  itemprop=\"image\" itemscope=\"itemscope\" itemtype=\"https:\/\/schema.org\/ImageObject\"  ><div class='avia-image-container-inner'><div class='avia-image-overlay-wrap'><img decoding=\"async\" class='wp-image-0 avia-img-lazy-loading-not-0 avia_image' src=\"https:\/\/radiorevelacionfm.cl\/wp-content\/uploads\/2021\/02\/hudson_optimized.jpg\" alt='' title=''   itemprop=\"thumbnailUrl\"  \/><\/div><\/div><\/div><\/div><div class=\"flex_column av_one_full  flex_column_div av-zero-column-padding first  avia-builder-el-2  el_after_av_one_full  el_before_av_one_full  column-top-margin\" style='border-radius:0px; '><section class=\"av_textblock_section \"  itemscope=\"itemscope\" itemtype=\"https:\/\/schema.org\/BlogPosting\" itemprop=\"blogPost\" ><div class='avia_textblock  '   itemprop=\"text\" ><p style=\"text-align: center;\"><span style=\"font-size: 18pt;\"><strong>Alerta Temprana Preventiva para las comunas de Ays\u00e9n y R\u00edo Ib\u00e1\u00f1ez por actividad del volc\u00e1n Hudson<\/strong><\/span><\/p>\n<div id=\"gtx-trans\" style=\"position: absolute; left: -50px; top: 4.31534px;\">\n<div class=\"gtx-trans-icon\"><\/div>\n<\/div>\n<\/div><\/section><\/div><div class=\"flex_column av_one_full  flex_column_div av-zero-column-padding first  avia-builder-el-4  el_after_av_one_full  el_before_av_hr  column-top-margin\" style='border-radius:0px; '><section class=\"av_textblock_section \"  itemscope=\"itemscope\" itemtype=\"https:\/\/schema.org\/BlogPosting\" itemprop=\"blogPost\" ><div class='avia_textblock  '   itemprop=\"text\" ><p style=\"text-align: justify;\">De acuerdo con la informaci\u00f3n proporcionada por\u00a0<b>OVDAS \u2013 SERNAGEOMIN<\/b>, el Volc\u00e1n Hudson,\u00a0<b>mantiene su nivel de alerta t\u00e9cnica en<\/b>\u00a0<b>Nivel Amarillo<\/b>, que comprende variaciones en los niveles de par\u00e1metros derivados de la vigilancia que indican que el volc\u00e1n est\u00e1 por encima de su umbral base y que el proceso es inestable, pudiendo evolucionar aun aumentando o disminuyendo esos niveles, por ende una erupci\u00f3n probable, se podr\u00eda desarrollar en un periodo de semanas o meses.<\/p>\n<p style=\"text-align: justify;\">En relaci\u00f3n al \u00faltimo REAV, emitido durante la presente jornada, se indica que a las 23:59 horas de ayer domingo 28 de febrero de 2021, las estaciones de monitoreo instaladas en las inmediaciones del volc\u00e1n Hudson, registraron un sismo asociado al fracturamiento de roca (volcano \u2013 tect\u00f3nico).<\/p>\n<p style=\"text-align: justify;\">Las caracter\u00edsticas del sismo luego de su an\u00e1lisis son las siguientes:<\/p>\n<p style=\"text-align: justify;\">Tiempo de Origen: 23:59 horas (Hora local).<\/p>\n<p style=\"text-align: justify;\">Latitud: 45,936\u00b0 Sur.<\/p>\n<p style=\"text-align: justify;\">Longitud: 72,937\u00b0 Oeste.<\/p>\n<p style=\"text-align: justify;\">Profundidad: 5,8 kil\u00f3metros (km).<\/p>\n<p style=\"text-align: justify;\">Magnitud local: 3 Ml<\/p>\n<p style=\"text-align: justify;\">Al momento de la emisi\u00f3n de este reporte, contin\u00faa con menor energ\u00eda, el registro de sismos volcano \u2013 tect\u00f3nicos e h\u00edbridos.<\/p>\n<p style=\"text-align: justify;\">En tanto, a partir de las im\u00e1genes disponibles no se observa anomal\u00eda superficial, respecto del proceso indicado.<\/p>\n<p style=\"text-align: justify;\">Cabe se\u00f1alar, que se relocaliz\u00f3 el sismo h\u00edbrido de las 22:34 horas de ayer, el cual present\u00f3 una magnitud local de 4.4 a una profundidad de 3.7 km.<\/p>\n<p style=\"text-align: justify;\">En relaci\u00f3n a lo anterior, la Direcci\u00f3n Regional de ONEMI Ays\u00e9n\u00a0<b>mantiene la<\/b>\u00a0<b>Alerta Temprana Preventiva\u00a0<\/b>para las comunas de Ays\u00e9n y R\u00edo Ib\u00e1\u00f1ez, por actividad del Volc\u00e1n Hudson, que se encuentra vigente desde el 22 de diciembre de 2020.<\/p>\n<p style=\"text-align: justify;\">SERNAGEOMIN por su parte, contin\u00faa con la vigilancia permanente del volc\u00e1n y la Direcci\u00f3n Regional de ONEMI Ays\u00e9n, mantendr\u00e1 las coordinaciones con los integrantes del Sistema de Protecci\u00f3n Civil para alertar oportunamente y dar adecuada respuesta ante eventuales situaciones de emergencia producto de la condici\u00f3n volc\u00e1nica.<\/p>\n<\/div><\/section><\/div><div  style='height:50px' class='hr hr-invisible   avia-builder-el-6  el_after_av_one_full  el_before_av_social_share '><span class='hr-inner ' ><span class='hr-inner-style'><\/span><\/span><\/div><\/p>\n<div  class='av-social-sharing-box  avia-builder-el-7  el_after_av_hr  el_before_av_hr  '><div class='av-share-box'><h5 class='av-share-link-description av-no-toc '>Compartir esta noticia<\/h5><ul class='av-share-box-list noLightbox'><li class='av-share-link av-social-link-facebook' ><a target=\"_blank\" aria-label=\"Compartir en Facebook\" href='https:\/\/www.facebook.com\/sharer.php?u=https:\/\/radiorevelacionfm.cl\/?p=3030&#038;t=Alerta%20Temprana%20Preventiva%20para%20las%20comunas%20de%20Ays%C3%A9n%20y%20R%C3%ADo%20Ib%C3%A1%C3%B1ez%20por%20actividad%20del%20volc%C3%A1n%20Hudson' aria-hidden='false' data-av_icon='\ue8f3' data-av_iconfont='entypo-fontello' title='' data-avia-related-tooltip='Compartir en Facebook' rel=\"noopener\"><span class='avia_hidden_link_text'>Compartir en Facebook<\/span><\/a><\/li><li class='av-share-link av-social-link-twitter' ><a target=\"_blank\" aria-label=\"Compartir en Twitter\" href='https:\/\/twitter.com\/share?text=Alerta%20Temprana%20Preventiva%20para%20las%20comunas%20de%20Ays%C3%A9n%20y%20R%C3%ADo%20Ib%C3%A1%C3%B1ez%20por%20actividad%20del%20volc%C3%A1n%20Hudson&#038;url=https:\/\/radiorevelacionfm.cl\/?p=3030' aria-hidden='false' data-av_icon='\ue8f1' data-av_iconfont='entypo-fontello' title='' data-avia-related-tooltip='Compartir en Twitter' rel=\"noopener\"><span class='avia_hidden_link_text'>Compartir en Twitter<\/span><\/a><\/li><li class='av-share-link av-social-link-whatsapp' ><a target=\"_blank\" aria-label=\"Compartir en Whatsapp\" href='https:\/\/api.whatsapp.com\/send?text=https:\/\/radiorevelacionfm.cl\/?p=3030' aria-hidden='false' data-av_icon='\uf232' data-av_iconfont='entypo-fontello' title='' data-avia-related-tooltip='Compartir en Whatsapp' rel=\"noopener\"><span class='avia_hidden_link_text'>Compartir en Whatsapp<\/span><\/a><\/li><li class='av-share-link av-social-link-linkedin' ><a target=\"_blank\" aria-label=\"Compartir en LinkedIn\" href='https:\/\/linkedin.com\/shareArticle?mini=true&#038;title=Alerta%20Temprana%20Preventiva%20para%20las%20comunas%20de%20Ays%C3%A9n%20y%20R%C3%ADo%20Ib%C3%A1%C3%B1ez%20por%20actividad%20del%20volc%C3%A1n%20Hudson&#038;url=https:\/\/radiorevelacionfm.cl\/?p=3030' aria-hidden='false' data-av_icon='\ue8fc' data-av_iconfont='entypo-fontello' title='' data-avia-related-tooltip='Compartir en LinkedIn' rel=\"noopener\"><span class='avia_hidden_link_text'>Compartir en LinkedIn<\/span><\/a><\/li><li class='av-share-link av-social-link-mail' ><a  aria-label=\"Compartir por correo\" href='mailto:?subject=Alerta%20Temprana%20Preventiva%20para%20las%20comunas%20de%20Ays%C3%A9n%20y%20R%C3%ADo%20Ib%C3%A1%C3%B1ez%20por%20actividad%20del%20volc%C3%A1n%20Hudson&#038;body=https:\/\/radiorevelacionfm.cl\/?p=3030' aria-hidden='false' data-av_icon='\ue805' data-av_iconfont='entypo-fontello' title='' data-avia-related-tooltip='Compartir por correo'><span class='avia_hidden_link_text'>Compartir por correo<\/span><\/a><\/li><\/ul><\/div><\/div>\n<div  style='height:50px' class='hr hr-invisible   avia-builder-el-8  el_after_av_social_share  el_before_av_comments_list '><span class='hr-inner ' ><span class='hr-inner-style'><\/span><\/span><\/div>\n<div  class='av-buildercomment  av-blog-meta-html-info-disabled av-blog-meta-tag-disabled  '><\/div>\n","protected":false},"excerpt":{"rendered":"","protected":false},"author":1,"featured_media":0,"comment_status":"open","ping_status":"open","sticky":false,"template":"","format":"standard","meta":{"footnotes":""},"categories":[38],"tags":[],"class_list":["post-3030","post","type-post","status-publish","format-standard","hentry","category-regional"],"jetpack_featured_media_url":"","_links":{"self":[{"href":"https:\/\/radiorevelacionfm.cl\/index.php?rest_route=\/wp\/v2\/posts\/3030","targetHints":{"allow":["GET"]}}],"collection":[{"href":"https:\/\/radiorevelacionfm.cl\/index.php?rest_route=\/wp\/v2\/posts"}],"about":[{"href":"https:\/\/radiorevelacionfm.cl\/index.php?rest_route=\/wp\/v2\/types\/post"}],"author":[{"embeddable":true,"href":"https:\/\/radiorevelacionfm.cl\/index.php?rest_route=\/wp\/v2\/users\/1"}],"replies":[{"embeddable":true,"href":"https:\/\/radiorevelacionfm.cl\/index.php?rest_route=%2Fwp%2Fv2%2Fcomments&post=3030"}],"version-history":[{"count":1,"href":"https:\/\/radiorevelacionfm.cl\/index.php?rest_route=\/wp\/v2\/posts\/3030\/revisions"}],"predecessor-version":[{"id":3031,"href":"https:\/\/radiorevelacionfm.cl\/index.php?rest_route=\/wp\/v2\/posts\/3030\/revisions\/3031"}],"wp:attachment":[{"href":"https:\/\/radiorevelacionfm.cl\/index.php?rest_route=%2Fwp%2Fv2%2Fmedia&parent=3030"}],"wp:term":[{"taxonomy":"category","embeddable":true,"href":"https:\/\/radiorevelacionfm.cl\/index.php?rest_route=%2Fwp%2Fv2%2Fcategories&post=3030"},{"taxonomy":"post_tag","embeddable":true,"href":"https:\/\/radiorevelacionfm.cl\/index.php?rest_route=%2Fwp%2Fv2%2Ftags&post=3030"}],"curies":[{"name":"wp","href":"https:\/\/api.w.org\/{rel}","templated":true}]}}