{"id":30298,"date":"2023-04-21T12:42:46","date_gmt":"2023-04-21T15:42:46","guid":{"rendered":"https:\/\/radiorevelacionfm.cl\/?p=30298"},"modified":"2023-04-21T12:42:46","modified_gmt":"2023-04-21T15:42:46","slug":"ninos-y-ninas-del-colegio-patagonia-visitaron-el-tribunal-oral-en-lo-penal-de-coyhaique","status":"publish","type":"post","link":"https:\/\/radiorevelacionfm.cl\/?p=30298","title":{"rendered":"Ni\u00f1os y ni\u00f1as del Colegio Patagonia visitaron el Tribunal Oral en lo Penal de Coyhaique"},"content":{"rendered":"<div class=\"flex_column av_one_full  flex_column_div av-zero-column-padding first  avia-builder-el-0  el_before_av_one_full  avia-builder-el-first  \" style='border-radius:0px; '><div  class='avia-image-container  av-styling-    avia-builder-el-1  avia-builder-el-no-sibling  avia-align-center '  itemprop=\"image\" itemscope=\"itemscope\" itemtype=\"https:\/\/schema.org\/ImageObject\"  ><div class='avia-image-container-inner'><div class='avia-image-overlay-wrap'><img decoding=\"async\" class='wp-image-30299 avia-img-lazy-loading-not-30299 avia_image' src=\"https:\/\/radiorevelacionfm.cl\/wp-content\/uploads\/2023\/04\/foto-02-visita-kinder-1_optimized.jpg\" alt='' title='foto-02-visita-kinder-(1)_optimized' height=\"627\" width=\"1242\"  itemprop=\"thumbnailUrl\" srcset=\"https:\/\/radiorevelacionfm.cl\/wp-content\/uploads\/2023\/04\/foto-02-visita-kinder-1_optimized.jpg 1242w, https:\/\/radiorevelacionfm.cl\/wp-content\/uploads\/2023\/04\/foto-02-visita-kinder-1_optimized-300x151.jpg 300w, https:\/\/radiorevelacionfm.cl\/wp-content\/uploads\/2023\/04\/foto-02-visita-kinder-1_optimized-1030x520.jpg 1030w, https:\/\/radiorevelacionfm.cl\/wp-content\/uploads\/2023\/04\/foto-02-visita-kinder-1_optimized-768x388.jpg 768w, https:\/\/radiorevelacionfm.cl\/wp-content\/uploads\/2023\/04\/foto-02-visita-kinder-1_optimized-705x356.jpg 705w, https:\/\/radiorevelacionfm.cl\/wp-content\/uploads\/2023\/04\/foto-02-visita-kinder-1_optimized-450x227.jpg 450w, https:\/\/radiorevelacionfm.cl\/wp-content\/uploads\/2023\/04\/foto-02-visita-kinder-1_optimized-600x303.jpg 600w\" sizes=\"(max-width: 1242px) 100vw, 1242px\" \/><\/div><\/div><\/div><\/div><div class=\"flex_column av_one_full  flex_column_div av-zero-column-padding first  avia-builder-el-2  el_after_av_one_full  el_before_av_one_full  column-top-margin\" style='border-radius:0px; '><section class=\"av_textblock_section \"  itemscope=\"itemscope\" itemtype=\"https:\/\/schema.org\/BlogPosting\" itemprop=\"blogPost\" ><div class='avia_textblock  '   itemprop=\"text\" ><p style=\"text-align: center;\"><span style=\"font-size: 18pt;\"><b>Ni\u00f1os y ni\u00f1as del Colegio Patagonia visitaron el Tribunal Oral en lo Penal de Coyhaique<\/b><\/span><\/p>\n<div id=\"gtx-trans\" style=\"position: absolute; left: -50px; top: 4.31534px;\">\n<div class=\"gtx-trans-icon\"><\/div>\n<\/div>\n<\/div><\/section><\/div><div class=\"flex_column av_one_full  flex_column_div av-zero-column-padding first  avia-builder-el-4  el_after_av_one_full  el_before_av_hr  column-top-margin\" style='border-radius:0px; '><section class=\"av_textblock_section \"  itemscope=\"itemscope\" itemtype=\"https:\/\/schema.org\/BlogPosting\" itemprop=\"blogPost\" ><div class='avia_textblock  '   itemprop=\"text\" ><p class=\"v1MsoNormal\" style=\"text-align: justify;\">Ni\u00f1os y ni\u00f1as de k\u00ednder del Colegio Patagonia de Coyhaique visitaron la semana reci\u00e9n pasada las dependencias del Tribunal de Juicio Oral en lo Penal de la ciudad, para conocer el trabajo que all\u00ed realizan funcionarios y jueces.<\/p>\n<p class=\"v1MsoNormal\" style=\"text-align: justify;\">En la instancia fueron recibidos por la magistrada Rosal\u00eda Mansilla y los funcionarios Daphne Jara, Camilo Ortega y la administradora del TOP, Mar\u00eda Jes\u00fas Bravo. Adem\u00e1s estuvieron presentes apoderados del establecimiento educacional.<\/p>\n<p class=\"v1MsoNormal\" style=\"text-align: justify;\">\u00abLos ni\u00f1os, en el marco de un trabajo del colegio para conocer la comunidad, pidieron entrevistarme sobre el rol que desempe\u00f1\u00f3, y en este contexto, en t\u00e9rminos adecuados a su edad, se les explic\u00f3 lo que hace un juez y en particular un juez penal y su importancia. Se pudo advertir que disfrutaron su visita al tribunal\u00bb, sostuvo la magistrada Mansilla.<\/p>\n<p class=\"v1MsoNormal\" style=\"text-align: justify;\">En tanto, Mar\u00eda Cecilia Delfau, apoderada del establecimiento indic\u00f3 que \u00abme encanto ver a mi hija y sus amigos aprendiendo y conociendo sobre el Poder Judicial, quede feliz de c\u00f3mo nos recibieron, su buena disposici\u00f3n por ense\u00f1ar y que ellos pudieran experimentar. Sin duda una excelente experiencia y recomendable actividad para ni\u00f1os\u00bb.<\/p>\n<p class=\"v1MsoNormal\" style=\"text-align: justify;\">Pese a la corta edad de los ni\u00f1os y ni\u00f1as, estos\u00a0 realizaron diversas consultas a la magistrada y funcionarios, dando cuenta de la relevancia de este tipo de pol\u00edticas del Poder Judicial, que tiene que ver con educar a las comunidades estudiantiles de la regi\u00f3n.<\/p>\n<\/div><\/section><\/div><div  style='height:50px' class='hr hr-invisible   avia-builder-el-6  el_after_av_one_full  el_before_av_social_share '><span class='hr-inner ' ><span class='hr-inner-style'><\/span><\/span><\/div><\/p>\n<div  class='av-social-sharing-box  avia-builder-el-7  el_after_av_hr  el_before_av_hr  '><div class='av-share-box'><h5 class='av-share-link-description av-no-toc '>Compartir esta noticia<\/h5><ul class='av-share-box-list noLightbox'><li class='av-share-link av-social-link-facebook' ><a target=\"_blank\" aria-label=\"Compartir en Facebook\" href='https:\/\/www.facebook.com\/sharer.php?u=https:\/\/radiorevelacionfm.cl\/?p=30298&#038;t=Ni%C3%B1os%20y%20ni%C3%B1as%20del%20Colegio%20Patagonia%20visitaron%20el%20Tribunal%20Oral%20en%20lo%20Penal%20de%20Coyhaique' aria-hidden='false' data-av_icon='\ue8f3' data-av_iconfont='entypo-fontello' title='' data-avia-related-tooltip='Compartir en Facebook' rel=\"noopener\"><span class='avia_hidden_link_text'>Compartir en Facebook<\/span><\/a><\/li><li class='av-share-link av-social-link-twitter' ><a target=\"_blank\" aria-label=\"Compartir en Twitter\" href='https:\/\/twitter.com\/share?text=Ni%C3%B1os%20y%20ni%C3%B1as%20del%20Colegio%20Patagonia%20visitaron%20el%20Tribunal%20Oral%20en%20lo%20Penal%20de%20Coyhaique&#038;url=https:\/\/radiorevelacionfm.cl\/?p=30298' aria-hidden='false' data-av_icon='\ue8f1' data-av_iconfont='entypo-fontello' title='' data-avia-related-tooltip='Compartir en Twitter' rel=\"noopener\"><span class='avia_hidden_link_text'>Compartir en Twitter<\/span><\/a><\/li><li class='av-share-link av-social-link-whatsapp' ><a target=\"_blank\" aria-label=\"Compartir en Whatsapp\" href='https:\/\/api.whatsapp.com\/send?text=https:\/\/radiorevelacionfm.cl\/?p=30298' aria-hidden='false' data-av_icon='\uf232' data-av_iconfont='entypo-fontello' title='' data-avia-related-tooltip='Compartir en Whatsapp' rel=\"noopener\"><span class='avia_hidden_link_text'>Compartir en Whatsapp<\/span><\/a><\/li><li class='av-share-link av-social-link-linkedin' ><a target=\"_blank\" aria-label=\"Compartir en LinkedIn\" href='https:\/\/linkedin.com\/shareArticle?mini=true&#038;title=Ni%C3%B1os%20y%20ni%C3%B1as%20del%20Colegio%20Patagonia%20visitaron%20el%20Tribunal%20Oral%20en%20lo%20Penal%20de%20Coyhaique&#038;url=https:\/\/radiorevelacionfm.cl\/?p=30298' aria-hidden='false' data-av_icon='\ue8fc' data-av_iconfont='entypo-fontello' title='' data-avia-related-tooltip='Compartir en LinkedIn' rel=\"noopener\"><span class='avia_hidden_link_text'>Compartir en LinkedIn<\/span><\/a><\/li><li class='av-share-link av-social-link-mail' ><a  aria-label=\"Compartir por correo\" href='mailto:?subject=Ni%C3%B1os%20y%20ni%C3%B1as%20del%20Colegio%20Patagonia%20visitaron%20el%20Tribunal%20Oral%20en%20lo%20Penal%20de%20Coyhaique&#038;body=https:\/\/radiorevelacionfm.cl\/?p=30298' aria-hidden='false' data-av_icon='\ue805' data-av_iconfont='entypo-fontello' title='' data-avia-related-tooltip='Compartir por correo'><span class='avia_hidden_link_text'>Compartir por correo<\/span><\/a><\/li><\/ul><\/div><\/div>\n<div  style='height:50px' class='hr hr-invisible   avia-builder-el-8  el_after_av_social_share  el_before_av_comments_list '><span class='hr-inner ' ><span class='hr-inner-style'><\/span><\/span><\/div>\n<div  class='av-buildercomment  av-blog-meta-html-info-disabled av-blog-meta-tag-disabled  '><\/div>\n","protected":false},"excerpt":{"rendered":"","protected":false},"author":1,"featured_media":30299,"comment_status":"open","ping_status":"open","sticky":false,"template":"","format":"standard","meta":{"footnotes":""},"categories":[55],"tags":[],"class_list":["post-30298","post","type-post","status-publish","format-standard","has-post-thumbnail","hentry","category-justicia"],"jetpack_featured_media_url":"https:\/\/radiorevelacionfm.cl\/wp-content\/uploads\/2023\/04\/foto-02-visita-kinder-1_optimized.jpg","_links":{"self":[{"href":"https:\/\/radiorevelacionfm.cl\/index.php?rest_route=\/wp\/v2\/posts\/30298","targetHints":{"allow":["GET"]}}],"collection":[{"href":"https:\/\/radiorevelacionfm.cl\/index.php?rest_route=\/wp\/v2\/posts"}],"about":[{"href":"https:\/\/radiorevelacionfm.cl\/index.php?rest_route=\/wp\/v2\/types\/post"}],"author":[{"embeddable":true,"href":"https:\/\/radiorevelacionfm.cl\/index.php?rest_route=\/wp\/v2\/users\/1"}],"replies":[{"embeddable":true,"href":"https:\/\/radiorevelacionfm.cl\/index.php?rest_route=%2Fwp%2Fv2%2Fcomments&post=30298"}],"version-history":[{"count":1,"href":"https:\/\/radiorevelacionfm.cl\/index.php?rest_route=\/wp\/v2\/posts\/30298\/revisions"}],"predecessor-version":[{"id":30300,"href":"https:\/\/radiorevelacionfm.cl\/index.php?rest_route=\/wp\/v2\/posts\/30298\/revisions\/30300"}],"wp:featuredmedia":[{"embeddable":true,"href":"https:\/\/radiorevelacionfm.cl\/index.php?rest_route=\/wp\/v2\/media\/30299"}],"wp:attachment":[{"href":"https:\/\/radiorevelacionfm.cl\/index.php?rest_route=%2Fwp%2Fv2%2Fmedia&parent=30298"}],"wp:term":[{"taxonomy":"category","embeddable":true,"href":"https:\/\/radiorevelacionfm.cl\/index.php?rest_route=%2Fwp%2Fv2%2Fcategories&post=30298"},{"taxonomy":"post_tag","embeddable":true,"href":"https:\/\/radiorevelacionfm.cl\/index.php?rest_route=%2Fwp%2Fv2%2Ftags&post=30298"}],"curies":[{"name":"wp","href":"https:\/\/api.w.org\/{rel}","templated":true}]}}