{"id":30284,"date":"2023-04-20T19:25:42","date_gmt":"2023-04-20T22:25:42","guid":{"rendered":"https:\/\/radiorevelacionfm.cl\/?p=30284"},"modified":"2023-04-20T19:25:42","modified_gmt":"2023-04-20T22:25:42","slug":"convenio-turistico-busca-fortalecer-el-destino-patagonia-entre-el-chalten-y-villa-ohiggins","status":"publish","type":"post","link":"https:\/\/radiorevelacionfm.cl\/?p=30284","title":{"rendered":"Convenio tur\u00edstico busca fortalecer el destino \u201cPatagonia\u201d entre El Chalt\u00e9n y Villa O\u2019higgins"},"content":{"rendered":"<div class=\"flex_column av_one_full  flex_column_div av-zero-column-padding first  avia-builder-el-0  el_before_av_one_full  avia-builder-el-first  \" style='border-radius:0px; '><div  class='avia-image-container  av-styling-    avia-builder-el-1  avia-builder-el-no-sibling  avia-align-center '  itemprop=\"image\" itemscope=\"itemscope\" itemtype=\"https:\/\/schema.org\/ImageObject\"  ><div class='avia-image-container-inner'><div class='avia-image-overlay-wrap'><img decoding=\"async\" class='wp-image-30286 avia-img-lazy-loading-not-30286 avia_image' src=\"https:\/\/radiorevelacionfm.cl\/wp-content\/uploads\/2023\/04\/a010564f-9bb0-4fce-a2a0-941cdb777788-1-1.jpg\" alt='' title='a010564f-9bb0-4fce-a2a0-941cdb777788 (1) (1)' height=\"600\" width=\"800\"  itemprop=\"thumbnailUrl\" srcset=\"https:\/\/radiorevelacionfm.cl\/wp-content\/uploads\/2023\/04\/a010564f-9bb0-4fce-a2a0-941cdb777788-1-1.jpg 800w, https:\/\/radiorevelacionfm.cl\/wp-content\/uploads\/2023\/04\/a010564f-9bb0-4fce-a2a0-941cdb777788-1-1-300x225.jpg 300w, https:\/\/radiorevelacionfm.cl\/wp-content\/uploads\/2023\/04\/a010564f-9bb0-4fce-a2a0-941cdb777788-1-1-768x576.jpg 768w, https:\/\/radiorevelacionfm.cl\/wp-content\/uploads\/2023\/04\/a010564f-9bb0-4fce-a2a0-941cdb777788-1-1-705x529.jpg 705w, https:\/\/radiorevelacionfm.cl\/wp-content\/uploads\/2023\/04\/a010564f-9bb0-4fce-a2a0-941cdb777788-1-1-450x338.jpg 450w, https:\/\/radiorevelacionfm.cl\/wp-content\/uploads\/2023\/04\/a010564f-9bb0-4fce-a2a0-941cdb777788-1-1-600x450.jpg 600w\" sizes=\"(max-width: 800px) 100vw, 800px\" \/><\/div><\/div><\/div><\/div><div class=\"flex_column av_one_full  flex_column_div av-zero-column-padding first  avia-builder-el-2  el_after_av_one_full  el_before_av_one_full  column-top-margin\" style='border-radius:0px; '><section class=\"av_textblock_section \"  itemscope=\"itemscope\" itemtype=\"https:\/\/schema.org\/BlogPosting\" itemprop=\"blogPost\" ><div class='avia_textblock  '   itemprop=\"text\" ><p style=\"text-align: center;\"><strong><span style=\"font-size: 18pt;\">Convenio tur\u00edstico busca fortalecer el destino \u201cPatagonia\u201d entre El Chalt\u00e9n y Villa O\u2019higgins<\/span><\/strong><\/p>\n<div id=\"gtx-trans\" style=\"position: absolute; left: -50px; top: 4.31534px;\">\n<div class=\"gtx-trans-icon\"><\/div>\n<\/div>\n<\/div><\/section><\/div><div class=\"flex_column av_one_full  flex_column_div av-zero-column-padding first  avia-builder-el-4  el_after_av_one_full  el_before_av_hr  column-top-margin\" style='border-radius:0px; '><section class=\"av_textblock_section \"  itemscope=\"itemscope\" itemtype=\"https:\/\/schema.org\/BlogPosting\" itemprop=\"blogPost\" ><div class='avia_textblock  '   itemprop=\"text\" ><p style=\"text-align: justify;\">Hasta la provincia de Santa Cruz, Argentina, lleg\u00f3 la delegaci\u00f3n de la Asociaci\u00f3n Regional de Municipios de la Regi\u00f3n de Ays\u00e9n (AREMU), para firmar un Convenio de colaboraci\u00f3n con el Municipio de El Chalt\u00e9n.<\/p>\n<p style=\"text-align: justify;\">La habilitaci\u00f3n del paso Dos Lagunas que conecta Candelario Mansilla y Lago del Desierto y que en esta \u00faltima temporada tuvo un flujo de 2000 personas aproximadamente, tendr\u00eda un potencial mucho mayor por su belleza y conexi\u00f3n entre El Chalt\u00e9n y Villa O\u2019higgins. Por eso mismo, existe un inter\u00e9s com\u00fan de fortalecer el destino \u201cPatagonia\u201d que involucra y vincula a ambos pa\u00edses.<\/p>\n<p style=\"text-align: justify;\">Esta iniciativa, que cont\u00f3 con la participaci\u00f3n del Intendente del Municipio El Chalt\u00e9n, Nestor Tic\u00f3, busca robustecer la identidad tur\u00edstica y comercial entre las comunas de la Regi\u00f3n de Ays\u00e9n y el municipio trasandino; construyendo en conjunto patrimonio tur\u00edstico, artesano y comercio local que los caracteriza, y que se pretende potenciar a trav\u00e9s de este convenio. En ese sentido, el Intendente Tic\u00f3 se\u00f1al\u00f3 sobre la instancia \u201cEstamos encantados de tenerlos ac\u00e1, vamos avanzar mucho a trav\u00e9s de este convenio de colaboraci\u00f3n, ya que todos debemos trabajar conjunto por la Patagonia, ya que compartimos el mismo turismo\u201d.<\/p>\n<p style=\"text-align: justify;\">El Administrador Municipal de Villa O\u2019higgins, tambi\u00e9n parte de la comitiva comenta \u201cLa idea es promover ambos destinos de la Patogonia, una gran instancia de retomar lo que se hab\u00eda hecho anteriormente a la pandemia desde el plan de turismo, desde Sernatur, ya que el turismo aqu\u00ed en El Chalt\u00e9n se mueve de una forma incre\u00edble\u201d.<\/p>\n<p style=\"text-align: justify;\">Adicionalmente a trav\u00e9s de la Corporaci\u00f3n de Turismo de Villa Cerro Castillo, se logr\u00f3 integrar a esta localidad de la regi\u00f3n de Ays\u00e9n, en el convenio de ciudades hermanas con El Chalt\u00e9n, donde adem\u00e1s participan otras ciudades de turismo de monta\u00f1a de Europa, con caracter\u00edsticas geogr\u00e1ficas y de prevalencia de la actividad tur\u00edstica como eje de desarrollo. El alcalde de R\u00edo Ib\u00e1\u00f1ez y Presidente de la AREMU, Marcelo Santana Vargas, agrega \u201cPara nosotros como regi\u00f3n de Ays\u00e9n, es importante firmar este convenio de hermandad y colaboraci\u00f3n con El Chalt\u00e9n, ya que esta ciudad se ha transformado un \u00edcono tur\u00edstico de la provincia de Santa Cruz, sin duda es un hito importante\u201d.<\/p>\n<p style=\"text-align: justify;\">El rubro de los gremios tur\u00edsticos, tambi\u00e9n estuvo presente, siendo de gran relevancia en la realizaci\u00f3n de este convenio de colaboraci\u00f3n, en ese contexto, Patricia Quintana, representante de Gremios Tur\u00edsticos de Cochrane se\u00f1al\u00f3 \u00abestamos participando en compartir experiencias, lo cual, ha sido muy enriquecedor. Esperamos que en esta visita se concreten proyectos y, en un futuro ser los anfitriones en nuestras comunas\u00bb.<\/p>\n<p style=\"text-align: justify;\">La Delegaci\u00f3n estuvo representada por municipios y gremios de 5 comunas de la regi\u00f3n, encabezada por el Presidente de la AREMU Marcelo Santana, tambi\u00e9n particip\u00f3 el Intendente de El Chalt\u00e9n, N\u00e9stor Tic\u00f3 y representantes de la Direcci\u00f3n de Turismo del Gobierno Provincial de Santa Cruz.<\/p>\n<\/div><\/section><\/div><div  style='height:50px' class='hr hr-invisible   avia-builder-el-6  el_after_av_one_full  el_before_av_social_share '><span class='hr-inner ' ><span class='hr-inner-style'><\/span><\/span><\/div><\/p>\n<div  class='av-social-sharing-box  avia-builder-el-7  el_after_av_hr  el_before_av_hr  '><div class='av-share-box'><h5 class='av-share-link-description av-no-toc '>Compartir esta noticia<\/h5><ul class='av-share-box-list noLightbox'><li class='av-share-link av-social-link-facebook' ><a target=\"_blank\" aria-label=\"Compartir en Facebook\" href='https:\/\/www.facebook.com\/sharer.php?u=https:\/\/radiorevelacionfm.cl\/?p=30284&#038;t=Convenio%20tur%C3%ADstico%20busca%20fortalecer%20el%20destino%20%E2%80%9CPatagonia%E2%80%9D%20entre%20El%20Chalt%C3%A9n%20y%20Villa%20O%E2%80%99higgins' aria-hidden='false' data-av_icon='\ue8f3' data-av_iconfont='entypo-fontello' title='' data-avia-related-tooltip='Compartir en Facebook' rel=\"noopener\"><span class='avia_hidden_link_text'>Compartir en Facebook<\/span><\/a><\/li><li class='av-share-link av-social-link-twitter' ><a target=\"_blank\" aria-label=\"Compartir en Twitter\" href='https:\/\/twitter.com\/share?text=Convenio%20tur%C3%ADstico%20busca%20fortalecer%20el%20destino%20%E2%80%9CPatagonia%E2%80%9D%20entre%20El%20Chalt%C3%A9n%20y%20Villa%20O%E2%80%99higgins&#038;url=https:\/\/radiorevelacionfm.cl\/?p=30284' aria-hidden='false' data-av_icon='\ue8f1' data-av_iconfont='entypo-fontello' title='' data-avia-related-tooltip='Compartir en Twitter' rel=\"noopener\"><span class='avia_hidden_link_text'>Compartir en Twitter<\/span><\/a><\/li><li class='av-share-link av-social-link-whatsapp' ><a target=\"_blank\" aria-label=\"Compartir en Whatsapp\" href='https:\/\/api.whatsapp.com\/send?text=https:\/\/radiorevelacionfm.cl\/?p=30284' aria-hidden='false' data-av_icon='\uf232' data-av_iconfont='entypo-fontello' title='' data-avia-related-tooltip='Compartir en Whatsapp' rel=\"noopener\"><span class='avia_hidden_link_text'>Compartir en Whatsapp<\/span><\/a><\/li><li class='av-share-link av-social-link-linkedin' ><a target=\"_blank\" aria-label=\"Compartir en LinkedIn\" href='https:\/\/linkedin.com\/shareArticle?mini=true&#038;title=Convenio%20tur%C3%ADstico%20busca%20fortalecer%20el%20destino%20%E2%80%9CPatagonia%E2%80%9D%20entre%20El%20Chalt%C3%A9n%20y%20Villa%20O%E2%80%99higgins&#038;url=https:\/\/radiorevelacionfm.cl\/?p=30284' aria-hidden='false' data-av_icon='\ue8fc' data-av_iconfont='entypo-fontello' title='' data-avia-related-tooltip='Compartir en LinkedIn' rel=\"noopener\"><span class='avia_hidden_link_text'>Compartir en LinkedIn<\/span><\/a><\/li><li class='av-share-link av-social-link-mail' ><a  aria-label=\"Compartir por correo\" href='mailto:?subject=Convenio%20tur%C3%ADstico%20busca%20fortalecer%20el%20destino%20%E2%80%9CPatagonia%E2%80%9D%20entre%20El%20Chalt%C3%A9n%20y%20Villa%20O%E2%80%99higgins&#038;body=https:\/\/radiorevelacionfm.cl\/?p=30284' aria-hidden='false' data-av_icon='\ue805' data-av_iconfont='entypo-fontello' title='' data-avia-related-tooltip='Compartir por correo'><span class='avia_hidden_link_text'>Compartir por correo<\/span><\/a><\/li><\/ul><\/div><\/div>\n<div  style='height:50px' class='hr hr-invisible   avia-builder-el-8  el_after_av_social_share  el_before_av_comments_list '><span class='hr-inner ' ><span class='hr-inner-style'><\/span><\/span><\/div>\n<div  class='av-buildercomment  av-blog-meta-html-info-disabled av-blog-meta-tag-disabled  '><\/div>\n","protected":false},"excerpt":{"rendered":"","protected":false},"author":1,"featured_media":30286,"comment_status":"open","ping_status":"open","sticky":false,"template":"","format":"standard","meta":{"footnotes":""},"categories":[38],"tags":[],"class_list":["post-30284","post","type-post","status-publish","format-standard","has-post-thumbnail","hentry","category-regional"],"jetpack_featured_media_url":"https:\/\/radiorevelacionfm.cl\/wp-content\/uploads\/2023\/04\/a010564f-9bb0-4fce-a2a0-941cdb777788-1-1.jpg","_links":{"self":[{"href":"https:\/\/radiorevelacionfm.cl\/index.php?rest_route=\/wp\/v2\/posts\/30284","targetHints":{"allow":["GET"]}}],"collection":[{"href":"https:\/\/radiorevelacionfm.cl\/index.php?rest_route=\/wp\/v2\/posts"}],"about":[{"href":"https:\/\/radiorevelacionfm.cl\/index.php?rest_route=\/wp\/v2\/types\/post"}],"author":[{"embeddable":true,"href":"https:\/\/radiorevelacionfm.cl\/index.php?rest_route=\/wp\/v2\/users\/1"}],"replies":[{"embeddable":true,"href":"https:\/\/radiorevelacionfm.cl\/index.php?rest_route=%2Fwp%2Fv2%2Fcomments&post=30284"}],"version-history":[{"count":1,"href":"https:\/\/radiorevelacionfm.cl\/index.php?rest_route=\/wp\/v2\/posts\/30284\/revisions"}],"predecessor-version":[{"id":30287,"href":"https:\/\/radiorevelacionfm.cl\/index.php?rest_route=\/wp\/v2\/posts\/30284\/revisions\/30287"}],"wp:featuredmedia":[{"embeddable":true,"href":"https:\/\/radiorevelacionfm.cl\/index.php?rest_route=\/wp\/v2\/media\/30286"}],"wp:attachment":[{"href":"https:\/\/radiorevelacionfm.cl\/index.php?rest_route=%2Fwp%2Fv2%2Fmedia&parent=30284"}],"wp:term":[{"taxonomy":"category","embeddable":true,"href":"https:\/\/radiorevelacionfm.cl\/index.php?rest_route=%2Fwp%2Fv2%2Fcategories&post=30284"},{"taxonomy":"post_tag","embeddable":true,"href":"https:\/\/radiorevelacionfm.cl\/index.php?rest_route=%2Fwp%2Fv2%2Ftags&post=30284"}],"curies":[{"name":"wp","href":"https:\/\/api.w.org\/{rel}","templated":true}]}}