{"id":30281,"date":"2023-04-21T10:41:13","date_gmt":"2023-04-21T13:41:13","guid":{"rendered":"https:\/\/radiorevelacionfm.cl\/?p=30281"},"modified":"2023-04-21T10:41:13","modified_gmt":"2023-04-21T13:41:13","slug":"vecinos-de-villa-manihuales-se-certificaron-en-el-manejo-de-hortalizas","status":"publish","type":"post","link":"https:\/\/radiorevelacionfm.cl\/?p=30281","title":{"rendered":"Vecinos de Villa Ma\u00f1ihuales se certificaron en el manejo de hortalizas"},"content":{"rendered":"<div class=\"flex_column av_one_full  flex_column_div av-zero-column-padding first  avia-builder-el-0  el_before_av_one_full  avia-builder-el-first  \" style='border-radius:0px; '><div  class='avia-image-container  av-styling-    avia-builder-el-1  avia-builder-el-no-sibling  avia-align-center '  itemprop=\"image\" itemscope=\"itemscope\" itemtype=\"https:\/\/schema.org\/ImageObject\"  ><div class='avia-image-container-inner'><div class='avia-image-overlay-wrap'><img decoding=\"async\" class='wp-image-30282 avia-img-lazy-loading-not-30282 avia_image' src=\"https:\/\/radiorevelacionfm.cl\/wp-content\/uploads\/2023\/04\/Certificacion-Manejo-de-Hortalizas-1-1.jpeg\" alt='' title='Certificaci\u00f3n Manejo de Hortalizas (1) (1)' height=\"600\" width=\"898\"  itemprop=\"thumbnailUrl\" srcset=\"https:\/\/radiorevelacionfm.cl\/wp-content\/uploads\/2023\/04\/Certificacion-Manejo-de-Hortalizas-1-1.jpeg 898w, https:\/\/radiorevelacionfm.cl\/wp-content\/uploads\/2023\/04\/Certificacion-Manejo-de-Hortalizas-1-1-300x200.jpeg 300w, https:\/\/radiorevelacionfm.cl\/wp-content\/uploads\/2023\/04\/Certificacion-Manejo-de-Hortalizas-1-1-768x513.jpeg 768w, https:\/\/radiorevelacionfm.cl\/wp-content\/uploads\/2023\/04\/Certificacion-Manejo-de-Hortalizas-1-1-705x471.jpeg 705w, https:\/\/radiorevelacionfm.cl\/wp-content\/uploads\/2023\/04\/Certificacion-Manejo-de-Hortalizas-1-1-450x301.jpeg 450w, https:\/\/radiorevelacionfm.cl\/wp-content\/uploads\/2023\/04\/Certificacion-Manejo-de-Hortalizas-1-1-600x401.jpeg 600w\" sizes=\"(max-width: 898px) 100vw, 898px\" \/><\/div><\/div><\/div><\/div><div class=\"flex_column av_one_full  flex_column_div av-zero-column-padding first  avia-builder-el-2  el_after_av_one_full  el_before_av_one_full  column-top-margin\" style='border-radius:0px; '><section class=\"av_textblock_section \"  itemscope=\"itemscope\" itemtype=\"https:\/\/schema.org\/BlogPosting\" itemprop=\"blogPost\" ><div class='avia_textblock  '   itemprop=\"text\" ><p style=\"text-align: center;\"><strong><span style=\"font-size: 18pt;\">Vecinos de Villa Ma\u00f1ihuales se certificaron en el manejo de hortalizas<\/span><\/strong><\/p>\n<div id=\"gtx-trans\" style=\"position: absolute; left: -50px; top: 4.31534px;\">\n<div class=\"gtx-trans-icon\"><\/div>\n<\/div>\n<\/div><\/section><\/div><div class=\"flex_column av_one_full  flex_column_div av-zero-column-padding first  avia-builder-el-4  el_after_av_one_full  el_before_av_hr  column-top-margin\" style='border-radius:0px; '><section class=\"av_textblock_section \"  itemscope=\"itemscope\" itemtype=\"https:\/\/schema.org\/BlogPosting\" itemprop=\"blogPost\" ><div class='avia_textblock  '   itemprop=\"text\" ><p style=\"text-align: justify;\">Edelaysen, en colaboraci\u00f3n con Sence Ays\u00e9n, realiz\u00f3 un curso de manejo de hortalizas procesadas en Villa Ma\u00f1ihuales, certificando a 17 vecinos en el uso y procesamiento de este tipo de alimentos. El curso, que fue posible gracias al compromiso de Edelaysen con la comunidad, busca aportar valor a la regi\u00f3n y mejorar la calidad de vida de sus habitantes.<\/p>\n<p style=\"text-align: justify;\">En la importante ceremonia para quienes se certificaron estuvo presente la Diputada de la Rep\u00fablica Marcia Raphael, Seremi del Trabajo Rodrigo D\u00edaz, el director de Sence Andro Valdenegro, la Delegada de la I. Municipalidad de Ays\u00e9n Beatriz Oyarzo y el jefe de Servicio al Cliente de Edelaysen, Patricio Raimilla.<\/p>\n<p style=\"text-align: justify;\">Raimilla, se\u00f1al\u00f3 la importancia de conectar con las necesidades concretas de la comunidad, lo que se refleja en la ejecuci\u00f3n de este curso, agregando que: \u201cConectar con necesidades concretas de nuestra comunidad, es prop\u00f3sito clave en nuestra gesti\u00f3n y el curso de manejo de hortalizas procesadas es un claro ejemplo de lo que como Edelaysen queremos hacer, vincularnos de manera efectiva y siendo parte de una soluci\u00f3n concreta que aporta valor a la comunidad, sus personas y la regi\u00f3n. Nos enorgullece haber permitido que la gente de Villa Ma\u00f1ihuales tenga esta certificaci\u00f3n, la que sin duda les abrir\u00e1 puertas a crecer con sus emprendimientos y mejorar su calidad de vida\u201d.<\/p>\n<p style=\"text-align: justify;\">Por su parte, el director de Sence, Andro Valdenegro mencion\u00f3: \u201cQuiero destacar el compromiso por parte del grupo Saesa por medio de Edelaysen, ya que con su constante interacci\u00f3n con la comunidad lograron levantar este requerimiento y llevar a cabo su ejecuci\u00f3n. Destacar que estos son recursos que se canalizan a trav\u00e9s del programa de becas laborales, un programa de capacitaci\u00f3n en oficio con enfoque en el desarrollo de las competencias laborales que busca posibilitar en el acceso a un trabajo dependiente o independiente pero que sea de calidad y en eso esperamos poder seguir logrando como servicio en la regi\u00f3n y sobre todo localidades de m\u00e1s dif\u00edcil acceso, un aporte\u201d.<\/p>\n<p style=\"text-align: justify;\">Finalmente, Carolina Loaiza, usuaria certificada en este importante curso de hortalizas agreg\u00f3: \u201c(Quiero) Agradecer a Sence y Edelaysen por la oportunidad de realizar este curso, a su vez esperamos que se sigan manteniendo estas oportunidades para las personas que quieran emprender, ya que entregan herramientas necesarias para crear un micro emprendimiento y tambi\u00e9n nos servir\u00e1 a nosotros para seguir capacit\u00e1ndonos en el tiempo\u201d.<\/p>\n<\/div><\/section><\/div><div  style='height:50px' class='hr hr-invisible   avia-builder-el-6  el_after_av_one_full  el_before_av_social_share '><span class='hr-inner ' ><span class='hr-inner-style'><\/span><\/span><\/div><\/p>\n<div  class='av-social-sharing-box  avia-builder-el-7  el_after_av_hr  el_before_av_hr  '><div class='av-share-box'><h5 class='av-share-link-description av-no-toc '>Compartir esta noticia<\/h5><ul class='av-share-box-list noLightbox'><li class='av-share-link av-social-link-facebook' ><a target=\"_blank\" aria-label=\"Compartir en Facebook\" href='https:\/\/www.facebook.com\/sharer.php?u=https:\/\/radiorevelacionfm.cl\/?p=30281&#038;t=Vecinos%20de%20Villa%20Ma%C3%B1ihuales%20se%20certificaron%20en%20el%20manejo%20de%20hortalizas' aria-hidden='false' data-av_icon='\ue8f3' data-av_iconfont='entypo-fontello' title='' data-avia-related-tooltip='Compartir en Facebook' rel=\"noopener\"><span class='avia_hidden_link_text'>Compartir en Facebook<\/span><\/a><\/li><li class='av-share-link av-social-link-twitter' ><a target=\"_blank\" aria-label=\"Compartir en Twitter\" href='https:\/\/twitter.com\/share?text=Vecinos%20de%20Villa%20Ma%C3%B1ihuales%20se%20certificaron%20en%20el%20manejo%20de%20hortalizas&#038;url=https:\/\/radiorevelacionfm.cl\/?p=30281' aria-hidden='false' data-av_icon='\ue8f1' data-av_iconfont='entypo-fontello' title='' data-avia-related-tooltip='Compartir en Twitter' rel=\"noopener\"><span class='avia_hidden_link_text'>Compartir en Twitter<\/span><\/a><\/li><li class='av-share-link av-social-link-whatsapp' ><a target=\"_blank\" aria-label=\"Compartir en Whatsapp\" href='https:\/\/api.whatsapp.com\/send?text=https:\/\/radiorevelacionfm.cl\/?p=30281' aria-hidden='false' data-av_icon='\uf232' data-av_iconfont='entypo-fontello' title='' data-avia-related-tooltip='Compartir en Whatsapp' rel=\"noopener\"><span class='avia_hidden_link_text'>Compartir en Whatsapp<\/span><\/a><\/li><li class='av-share-link av-social-link-linkedin' ><a target=\"_blank\" aria-label=\"Compartir en LinkedIn\" href='https:\/\/linkedin.com\/shareArticle?mini=true&#038;title=Vecinos%20de%20Villa%20Ma%C3%B1ihuales%20se%20certificaron%20en%20el%20manejo%20de%20hortalizas&#038;url=https:\/\/radiorevelacionfm.cl\/?p=30281' aria-hidden='false' data-av_icon='\ue8fc' data-av_iconfont='entypo-fontello' title='' data-avia-related-tooltip='Compartir en LinkedIn' rel=\"noopener\"><span class='avia_hidden_link_text'>Compartir en LinkedIn<\/span><\/a><\/li><li class='av-share-link av-social-link-mail' ><a  aria-label=\"Compartir por correo\" href='mailto:?subject=Vecinos%20de%20Villa%20Ma%C3%B1ihuales%20se%20certificaron%20en%20el%20manejo%20de%20hortalizas&#038;body=https:\/\/radiorevelacionfm.cl\/?p=30281' aria-hidden='false' data-av_icon='\ue805' data-av_iconfont='entypo-fontello' title='' data-avia-related-tooltip='Compartir por correo'><span class='avia_hidden_link_text'>Compartir por correo<\/span><\/a><\/li><\/ul><\/div><\/div>\n<div  style='height:50px' class='hr hr-invisible   avia-builder-el-8  el_after_av_social_share  el_before_av_comments_list '><span class='hr-inner ' ><span class='hr-inner-style'><\/span><\/span><\/div>\n<div  class='av-buildercomment  av-blog-meta-html-info-disabled av-blog-meta-tag-disabled  '><\/div>\n","protected":false},"excerpt":{"rendered":"","protected":false},"author":1,"featured_media":30282,"comment_status":"open","ping_status":"open","sticky":false,"template":"","format":"standard","meta":{"footnotes":""},"categories":[38],"tags":[],"class_list":["post-30281","post","type-post","status-publish","format-standard","has-post-thumbnail","hentry","category-regional"],"jetpack_featured_media_url":"https:\/\/radiorevelacionfm.cl\/wp-content\/uploads\/2023\/04\/Certificacion-Manejo-de-Hortalizas-1-1.jpeg","_links":{"self":[{"href":"https:\/\/radiorevelacionfm.cl\/index.php?rest_route=\/wp\/v2\/posts\/30281","targetHints":{"allow":["GET"]}}],"collection":[{"href":"https:\/\/radiorevelacionfm.cl\/index.php?rest_route=\/wp\/v2\/posts"}],"about":[{"href":"https:\/\/radiorevelacionfm.cl\/index.php?rest_route=\/wp\/v2\/types\/post"}],"author":[{"embeddable":true,"href":"https:\/\/radiorevelacionfm.cl\/index.php?rest_route=\/wp\/v2\/users\/1"}],"replies":[{"embeddable":true,"href":"https:\/\/radiorevelacionfm.cl\/index.php?rest_route=%2Fwp%2Fv2%2Fcomments&post=30281"}],"version-history":[{"count":1,"href":"https:\/\/radiorevelacionfm.cl\/index.php?rest_route=\/wp\/v2\/posts\/30281\/revisions"}],"predecessor-version":[{"id":30283,"href":"https:\/\/radiorevelacionfm.cl\/index.php?rest_route=\/wp\/v2\/posts\/30281\/revisions\/30283"}],"wp:featuredmedia":[{"embeddable":true,"href":"https:\/\/radiorevelacionfm.cl\/index.php?rest_route=\/wp\/v2\/media\/30282"}],"wp:attachment":[{"href":"https:\/\/radiorevelacionfm.cl\/index.php?rest_route=%2Fwp%2Fv2%2Fmedia&parent=30281"}],"wp:term":[{"taxonomy":"category","embeddable":true,"href":"https:\/\/radiorevelacionfm.cl\/index.php?rest_route=%2Fwp%2Fv2%2Fcategories&post=30281"},{"taxonomy":"post_tag","embeddable":true,"href":"https:\/\/radiorevelacionfm.cl\/index.php?rest_route=%2Fwp%2Fv2%2Ftags&post=30281"}],"curies":[{"name":"wp","href":"https:\/\/api.w.org\/{rel}","templated":true}]}}