{"id":30278,"date":"2023-04-21T11:42:44","date_gmt":"2023-04-21T14:42:44","guid":{"rendered":"https:\/\/radiorevelacionfm.cl\/?p=30278"},"modified":"2023-04-21T11:42:44","modified_gmt":"2023-04-21T14:42:44","slug":"por-unanimidad-es-aprobado-plan-municipal-de-cultura-en-guaitecas","status":"publish","type":"post","link":"https:\/\/radiorevelacionfm.cl\/?p=30278","title":{"rendered":"Por unanimidad es aprobado Plan Municipal de Cultura en Guaitecas"},"content":{"rendered":"<div class=\"flex_column av_one_full  flex_column_div av-zero-column-padding first  avia-builder-el-0  el_before_av_one_full  avia-builder-el-first  \" style='border-radius:0px; '><div  class='avia-image-container  av-styling-    avia-builder-el-1  avia-builder-el-no-sibling  avia-align-center '  itemprop=\"image\" itemscope=\"itemscope\" itemtype=\"https:\/\/schema.org\/ImageObject\"  ><div class='avia-image-container-inner'><div class='avia-image-overlay-wrap'><img decoding=\"async\" class='wp-image-30279 avia-img-lazy-loading-not-30279 avia_image' src=\"https:\/\/radiorevelacionfm.cl\/wp-content\/uploads\/2023\/04\/Sesion-Concejo-Municipal-Aprobacion-PMC-Guaitecas-1-1.jpg\" alt='' title='Sesi\u00f3n Concejo Municipal Aprobaci\u00f3n PMC Guaitecas (1) (1)' height=\"600\" width=\"1067\"  itemprop=\"thumbnailUrl\" srcset=\"https:\/\/radiorevelacionfm.cl\/wp-content\/uploads\/2023\/04\/Sesion-Concejo-Municipal-Aprobacion-PMC-Guaitecas-1-1.jpg 1067w, https:\/\/radiorevelacionfm.cl\/wp-content\/uploads\/2023\/04\/Sesion-Concejo-Municipal-Aprobacion-PMC-Guaitecas-1-1-300x169.jpg 300w, https:\/\/radiorevelacionfm.cl\/wp-content\/uploads\/2023\/04\/Sesion-Concejo-Municipal-Aprobacion-PMC-Guaitecas-1-1-1030x579.jpg 1030w, https:\/\/radiorevelacionfm.cl\/wp-content\/uploads\/2023\/04\/Sesion-Concejo-Municipal-Aprobacion-PMC-Guaitecas-1-1-768x432.jpg 768w, https:\/\/radiorevelacionfm.cl\/wp-content\/uploads\/2023\/04\/Sesion-Concejo-Municipal-Aprobacion-PMC-Guaitecas-1-1-705x396.jpg 705w, https:\/\/radiorevelacionfm.cl\/wp-content\/uploads\/2023\/04\/Sesion-Concejo-Municipal-Aprobacion-PMC-Guaitecas-1-1-450x253.jpg 450w, https:\/\/radiorevelacionfm.cl\/wp-content\/uploads\/2023\/04\/Sesion-Concejo-Municipal-Aprobacion-PMC-Guaitecas-1-1-600x337.jpg 600w\" sizes=\"(max-width: 1067px) 100vw, 1067px\" \/><\/div><\/div><\/div><\/div><div class=\"flex_column av_one_full  flex_column_div av-zero-column-padding first  avia-builder-el-2  el_after_av_one_full  el_before_av_one_full  column-top-margin\" style='border-radius:0px; '><section class=\"av_textblock_section \"  itemscope=\"itemscope\" itemtype=\"https:\/\/schema.org\/BlogPosting\" itemprop=\"blogPost\" ><div class='avia_textblock  '   itemprop=\"text\" ><p style=\"text-align: center;\"><span style=\"font-size: 18pt;\"><strong>Por unanimidad es aprobado Plan Municipal de Cultura en Guaitecas<\/strong><\/span><\/p>\n<div id=\"gtx-trans\" style=\"position: absolute; left: -50px; top: 4.31534px;\">\n<div class=\"gtx-trans-icon\"><\/div>\n<\/div>\n<\/div><\/section><\/div><div class=\"flex_column av_one_full  flex_column_div av-zero-column-padding first  avia-builder-el-4  el_after_av_one_full  el_before_av_hr  column-top-margin\" style='border-radius:0px; '><section class=\"av_textblock_section \"  itemscope=\"itemscope\" itemtype=\"https:\/\/schema.org\/BlogPosting\" itemprop=\"blogPost\" ><div class='avia_textblock  '   itemprop=\"text\" ><p style=\"text-align: justify;\">Esta semana, en pleno Concejo Municipal de Guaitecas y con votaci\u00f3n un\u00e1nime, se aprob\u00f3 la actualizaci\u00f3n del Plan Municipal de Cultura (PMC) que regir\u00e1 las acciones de la casa edilicia tanto en materia art\u00edstica como patrimonial los pr\u00f3ximos cuatro a\u00f1os.<\/p>\n<p style=\"text-align: justify;\">La instancia cont\u00f3 con la presencia telem\u00e1tica de representantes del programa Red Cultura del Ministerio de las Culturas, las Artes y el Patrimonio; y en sala con integrantes de la consultora INGEOP en compa\u00f1\u00eda del actual encargado de Cultura, Samir Barrientos, quienes, tras suscribir convenio en mayo de 2022, trabajaron con artistas y agrupaciones territoriales con el objetivo de retratar una visi\u00f3n representativa de la localidad, la que fue materializada en el documento expuesto la jornada del mi\u00e9rcoles 19 de abril.<\/p>\n<p style=\"text-align: justify;\">El PMC de Guaitecas, que fue financiado por Red Cultura, resalta las ra\u00edces hist\u00f3ricas de la comuna, sus tradiciones y patrimonio, pero tambi\u00e9n considera la necesidad de involucrar a las nuevas generaciones, por lo que uno de sus lineamientos estrat\u00e9gicos tiene directo impacto en la poblaci\u00f3n juvenil al reforzar la oferta cultural destinada a los sectores educativos.<\/p>\n<p style=\"text-align: justify;\">Ante este escenario que fortalece el acercamiento de las artes desde etapas formativas, el seremi de Culturas Ays\u00e9n, Felipe Quiroz, expres\u00f3: \u201cEstamos muy contentos de poder advertir que en este Plan Municipal de Cultura hay una gran importancia en relaci\u00f3n a la educaci\u00f3n art\u00edstica, y el rol que cumple entre comunidades j\u00f3venes y educativas, pero\u00a0 tambi\u00e9n la importancia que le da la comunidad de Guaitecas al patrimonio, entendiendo que son una comunidad que tienen patrimonio cultural material e inmaterial, y Tesoros Humanos Vivos\u201d.<\/p>\n<p style=\"text-align: justify;\">El alcalde de la comuna, Marcos Silva, destac\u00f3 que la actualizaci\u00f3n del PMC ocurre en buen momento, pues coincide con la creaci\u00f3n de la Unidad de Cultura. \u201cEste plan nos permite direccionar desde el \u00e1mbito cultural, ancestral, todo lo arraigado de la comuna, que esperamos se vaya plasmando justamente en distintas actividades\u201d, algo que se vio reflejado en la misi\u00f3n y visi\u00f3n del instrumento de gesti\u00f3n municipal, el cual pasar\u00e1 a integrar el Plan de Desarrollo Comunal (PLADECO).<\/p>\n<p style=\"text-align: justify;\">Finalmente, la autoridad comunal agradeci\u00f3 la inyecci\u00f3n de recursos para avanzar en materia art\u00edstica y el trabajo efectuado por la consultora INGEOP.<\/p>\n<\/div><\/section><\/div><div  style='height:50px' class='hr hr-invisible   avia-builder-el-6  el_after_av_one_full  el_before_av_social_share '><span class='hr-inner ' ><span class='hr-inner-style'><\/span><\/span><\/div><\/p>\n<div  class='av-social-sharing-box  avia-builder-el-7  el_after_av_hr  el_before_av_hr  '><div class='av-share-box'><h5 class='av-share-link-description av-no-toc '>Compartir esta noticia<\/h5><ul class='av-share-box-list noLightbox'><li class='av-share-link av-social-link-facebook' ><a target=\"_blank\" aria-label=\"Compartir en Facebook\" href='https:\/\/www.facebook.com\/sharer.php?u=https:\/\/radiorevelacionfm.cl\/?p=30278&#038;t=Por%20unanimidad%20es%20aprobado%20Plan%20Municipal%20de%20Cultura%20en%20Guaitecas' aria-hidden='false' data-av_icon='\ue8f3' data-av_iconfont='entypo-fontello' title='' data-avia-related-tooltip='Compartir en Facebook' rel=\"noopener\"><span class='avia_hidden_link_text'>Compartir en Facebook<\/span><\/a><\/li><li class='av-share-link av-social-link-twitter' ><a target=\"_blank\" aria-label=\"Compartir en Twitter\" href='https:\/\/twitter.com\/share?text=Por%20unanimidad%20es%20aprobado%20Plan%20Municipal%20de%20Cultura%20en%20Guaitecas&#038;url=https:\/\/radiorevelacionfm.cl\/?p=30278' aria-hidden='false' data-av_icon='\ue8f1' data-av_iconfont='entypo-fontello' title='' data-avia-related-tooltip='Compartir en Twitter' rel=\"noopener\"><span class='avia_hidden_link_text'>Compartir en Twitter<\/span><\/a><\/li><li class='av-share-link av-social-link-whatsapp' ><a target=\"_blank\" aria-label=\"Compartir en Whatsapp\" href='https:\/\/api.whatsapp.com\/send?text=https:\/\/radiorevelacionfm.cl\/?p=30278' aria-hidden='false' data-av_icon='\uf232' data-av_iconfont='entypo-fontello' title='' data-avia-related-tooltip='Compartir en Whatsapp' rel=\"noopener\"><span class='avia_hidden_link_text'>Compartir en Whatsapp<\/span><\/a><\/li><li class='av-share-link av-social-link-linkedin' ><a target=\"_blank\" aria-label=\"Compartir en LinkedIn\" href='https:\/\/linkedin.com\/shareArticle?mini=true&#038;title=Por%20unanimidad%20es%20aprobado%20Plan%20Municipal%20de%20Cultura%20en%20Guaitecas&#038;url=https:\/\/radiorevelacionfm.cl\/?p=30278' aria-hidden='false' data-av_icon='\ue8fc' data-av_iconfont='entypo-fontello' title='' data-avia-related-tooltip='Compartir en LinkedIn' rel=\"noopener\"><span class='avia_hidden_link_text'>Compartir en LinkedIn<\/span><\/a><\/li><li class='av-share-link av-social-link-mail' ><a  aria-label=\"Compartir por correo\" href='mailto:?subject=Por%20unanimidad%20es%20aprobado%20Plan%20Municipal%20de%20Cultura%20en%20Guaitecas&#038;body=https:\/\/radiorevelacionfm.cl\/?p=30278' aria-hidden='false' data-av_icon='\ue805' data-av_iconfont='entypo-fontello' title='' data-avia-related-tooltip='Compartir por correo'><span class='avia_hidden_link_text'>Compartir por correo<\/span><\/a><\/li><\/ul><\/div><\/div>\n<div  style='height:50px' class='hr hr-invisible   avia-builder-el-8  el_after_av_social_share  el_before_av_comments_list '><span class='hr-inner ' ><span class='hr-inner-style'><\/span><\/span><\/div>\n<div  class='av-buildercomment  av-blog-meta-html-info-disabled av-blog-meta-tag-disabled  '><\/div>\n","protected":false},"excerpt":{"rendered":"","protected":false},"author":1,"featured_media":30279,"comment_status":"open","ping_status":"open","sticky":false,"template":"","format":"standard","meta":{"footnotes":""},"categories":[52],"tags":[],"class_list":["post-30278","post","type-post","status-publish","format-standard","has-post-thumbnail","hentry","category-cultura"],"jetpack_featured_media_url":"https:\/\/radiorevelacionfm.cl\/wp-content\/uploads\/2023\/04\/Sesion-Concejo-Municipal-Aprobacion-PMC-Guaitecas-1-1.jpg","_links":{"self":[{"href":"https:\/\/radiorevelacionfm.cl\/index.php?rest_route=\/wp\/v2\/posts\/30278","targetHints":{"allow":["GET"]}}],"collection":[{"href":"https:\/\/radiorevelacionfm.cl\/index.php?rest_route=\/wp\/v2\/posts"}],"about":[{"href":"https:\/\/radiorevelacionfm.cl\/index.php?rest_route=\/wp\/v2\/types\/post"}],"author":[{"embeddable":true,"href":"https:\/\/radiorevelacionfm.cl\/index.php?rest_route=\/wp\/v2\/users\/1"}],"replies":[{"embeddable":true,"href":"https:\/\/radiorevelacionfm.cl\/index.php?rest_route=%2Fwp%2Fv2%2Fcomments&post=30278"}],"version-history":[{"count":1,"href":"https:\/\/radiorevelacionfm.cl\/index.php?rest_route=\/wp\/v2\/posts\/30278\/revisions"}],"predecessor-version":[{"id":30280,"href":"https:\/\/radiorevelacionfm.cl\/index.php?rest_route=\/wp\/v2\/posts\/30278\/revisions\/30280"}],"wp:featuredmedia":[{"embeddable":true,"href":"https:\/\/radiorevelacionfm.cl\/index.php?rest_route=\/wp\/v2\/media\/30279"}],"wp:attachment":[{"href":"https:\/\/radiorevelacionfm.cl\/index.php?rest_route=%2Fwp%2Fv2%2Fmedia&parent=30278"}],"wp:term":[{"taxonomy":"category","embeddable":true,"href":"https:\/\/radiorevelacionfm.cl\/index.php?rest_route=%2Fwp%2Fv2%2Fcategories&post=30278"},{"taxonomy":"post_tag","embeddable":true,"href":"https:\/\/radiorevelacionfm.cl\/index.php?rest_route=%2Fwp%2Fv2%2Ftags&post=30278"}],"curies":[{"name":"wp","href":"https:\/\/api.w.org\/{rel}","templated":true}]}}