{"id":30275,"date":"2023-04-21T11:02:08","date_gmt":"2023-04-21T14:02:08","guid":{"rendered":"https:\/\/radiorevelacionfm.cl\/?p=30275"},"modified":"2023-04-21T11:02:08","modified_gmt":"2023-04-21T14:02:08","slug":"autoridades-regionales-destacan-beneficios-para-la-economia-y-las-obras-en-ejecucion-del-nuevo-decreto-304","status":"publish","type":"post","link":"https:\/\/radiorevelacionfm.cl\/?p=30275","title":{"rendered":"Autoridades regionales destacan beneficios para la econom\u00eda y las obras en ejecuci\u00f3n del nuevo decreto 304"},"content":{"rendered":"<div class=\"flex_column av_one_full  flex_column_div av-zero-column-padding first  avia-builder-el-0  el_before_av_one_full  avia-builder-el-first  \" style='border-radius:0px; '><div  class='avia-image-container  av-styling-    avia-builder-el-1  avia-builder-el-no-sibling  avia-align-center '  itemprop=\"image\" itemscope=\"itemscope\" itemtype=\"https:\/\/schema.org\/ImageObject\"  ><div class='avia-image-container-inner'><div class='avia-image-overlay-wrap'><img decoding=\"async\" class='wp-image-30276 avia-img-lazy-loading-not-30276 avia_image' src=\"https:\/\/radiorevelacionfm.cl\/wp-content\/uploads\/2023\/04\/SEREMI-6-1-1.jpg\" alt='' title='SEREMI (6) (1) (1)' height=\"600\" width=\"1040\"  itemprop=\"thumbnailUrl\" srcset=\"https:\/\/radiorevelacionfm.cl\/wp-content\/uploads\/2023\/04\/SEREMI-6-1-1.jpg 1040w, https:\/\/radiorevelacionfm.cl\/wp-content\/uploads\/2023\/04\/SEREMI-6-1-1-300x173.jpg 300w, https:\/\/radiorevelacionfm.cl\/wp-content\/uploads\/2023\/04\/SEREMI-6-1-1-1030x594.jpg 1030w, https:\/\/radiorevelacionfm.cl\/wp-content\/uploads\/2023\/04\/SEREMI-6-1-1-768x443.jpg 768w, https:\/\/radiorevelacionfm.cl\/wp-content\/uploads\/2023\/04\/SEREMI-6-1-1-705x407.jpg 705w, https:\/\/radiorevelacionfm.cl\/wp-content\/uploads\/2023\/04\/SEREMI-6-1-1-450x260.jpg 450w, https:\/\/radiorevelacionfm.cl\/wp-content\/uploads\/2023\/04\/SEREMI-6-1-1-600x346.jpg 600w\" sizes=\"(max-width: 1040px) 100vw, 1040px\" \/><\/div><\/div><\/div><\/div><div class=\"flex_column av_one_full  flex_column_div av-zero-column-padding first  avia-builder-el-2  el_after_av_one_full  el_before_av_one_full  column-top-margin\" style='border-radius:0px; '><section class=\"av_textblock_section \"  itemscope=\"itemscope\" itemtype=\"https:\/\/schema.org\/BlogPosting\" itemprop=\"blogPost\" ><div class='avia_textblock  '   itemprop=\"text\" ><p style=\"text-align: center;\"><span style=\"font-size: 18pt;\"><strong>Autoridades regionales destacan beneficios para la econom\u00eda y las obras en ejecuci\u00f3n del nuevo decreto 304 <\/strong><\/span><\/p>\n<div id=\"gtx-trans\" style=\"position: absolute; left: -50px; top: 4.31534px;\">\n<div class=\"gtx-trans-icon\"><\/div>\n<\/div>\n<\/div><\/section><\/div><div class=\"flex_column av_one_full  flex_column_div av-zero-column-padding first  avia-builder-el-4  el_after_av_one_full  el_before_av_hr  column-top-margin\" style='border-radius:0px; '><section class=\"av_textblock_section \"  itemscope=\"itemscope\" itemtype=\"https:\/\/schema.org\/BlogPosting\" itemprop=\"blogPost\" ><div class='avia_textblock  '   itemprop=\"text\" ><p style=\"text-align: justify;\">Uno de los efectos econ\u00f3mico post pandemia que ha afectado negativamente\u00a0 la Inversi\u00f3n P\u00fablica ha sido el aumento de los costos de construcci\u00f3n, esto ha generado un incremento de los valores de adjudicaci\u00f3n de los proyectos, licitaciones desiertas o contratos abandonados. Ante esto, el Ministerio de Desarrollo Social y Familia y el Ministerio de Hacienda han propuesto medidas que han flexibilizado el proceso de licitaci\u00f3n y de ejecuci\u00f3n de la inversi\u00f3n p\u00fablica, acotado plazos de reevaluaci\u00f3n ante incrementos superiores al 20% y ahora, el Decreto Supremo N\u00b0 304 que \u00a0implica la posibilidad de aumentar los estados de pago asociados a los contratos vigentes, es decir, aumentar hasta en un m\u00e1ximo de un 20% en contratos vigentes o proyectos que ya est\u00e1n en ejecuci\u00f3n.<\/p>\n<p style=\"text-align: justify;\">Rodrigo Araya, delegado Presidencial Regional, explic\u00f3 que esta nueva medida que consiste en un mecanismo excepcional de reajustabilidad es retroactiva a proyectos de ejecuci\u00f3n de obra p\u00fablica que han sido postulados y que no correspondan a contratos con el Ministerio de Obras P\u00fablicas. \u201cNuestro gobierno preocupado por la seguridad econ\u00f3mica, sobre todo de las empresas que trabajan en infraestructura del Estado, ha publicado el 10 de abril el Decreto 304 que permite el reajuste de los contratos que se han hecho desde el 1 de septiembre de 2021 y que tienen que ver con infraestructura p\u00fablica que han pasado por el Sistema Nacional de Inversiones, donde van a poder obtener recursos adicionales con respecto a este aumento de costo. Lo invitamos a participar hasta el 9 de mayo, fecha plazo que tienen para presentar todos sus antecedentes en el Ministerio de Desarrollo Social\u201d, record\u00f3 la autoridad regional.<\/p>\n<p style=\"text-align: justify;\">Marcelo Santana, alcalde de R\u00edo Ib\u00e1\u00f1ez y Presidente de la Asociaci\u00f3n Regional de Municipalidades (AREMU), destac\u00f3 que \u201cpara nosotros como municipios es una muy buena noticia, justamente hab\u00edamos estado conversando con la SEREMI de Desarrollo Social las implicancias que hab\u00eda tenido la pandemia, sobre todo en los costos y aunque hab\u00eda habido una modificaci\u00f3n, pero no involucraba a otras instituciones ajenas al Ministerio de Obras P\u00fablicas, el Decreto 304 subsana esta situaci\u00f3n y ahora va a poder haber un procedimiento de reajuste simplificado que no va a implicar mayores tr\u00e1mites y burocracia y que le va a dar mayor celeridad a las obras que ya se estaban ejecutando y accediendo a un incremento presupuestario producto de las alzas que provoc\u00f3 la pandemia\u201d.<\/p>\n<p style=\"text-align: justify;\">Por su parte, la Seremi de Desarrollo Social y Familia, Karina Acevedo Auad, indic\u00f3 que efectivamente este nuevo mecanismo que ha implementado el Ministerio de Desarrollo Social y Familia junto a DIPRES, favorece a las empresas con contratos vigentes, pero tambi\u00e9n resguarda el empleo de los trabajadores y por supuesto, a los beneficiarios de los proyectos asociados. \u201cEste decreto favorece el buen t\u00e9rmino de las obras contratadas, disminuyendo la incertidumbre respecto a posibles abandono de contratos por el incremento de los precios, la concreci\u00f3n de proyectos de importancia y beneficio para las comunidades y la reactivaci\u00f3n econ\u00f3mica, no s\u00f3lo a trav\u00e9s de la inyecci\u00f3n de recursos frescos, sino la protecci\u00f3n de los empleos que est\u00e1n involucrados en estos proyectos. Cuando nos comprometimos con generar condiciones de seguridad social, p\u00fablica y econ\u00f3mica habl\u00e1bamos de este tipo de esfuerzos\u201d.<\/p>\n<p style=\"text-align: justify;\">Finalmente, las autoridades adem\u00e1s de destacar la buena noticia, hicieron un llamado a las empresas que cumplen con los criterios indicados en el decreto N\u00b0 304, a elevar su solicitud a la instituci\u00f3n financiera mandante del contrato, en un plazo de 20 d\u00edas h\u00e1biles luego de publicado el Decreto, para que luego de aquello, la instituci\u00f3n financiera resuelva respecto a esa solicitud y gestione con la Seremi de Desarrollo Social y Familia la reevaluaci\u00f3n para el aumento del costo del proyecto.<\/p>\n<\/div><\/section><\/div><div  style='height:50px' class='hr hr-invisible   avia-builder-el-6  el_after_av_one_full  el_before_av_social_share '><span class='hr-inner ' ><span class='hr-inner-style'><\/span><\/span><\/div><\/p>\n<div  class='av-social-sharing-box  avia-builder-el-7  el_after_av_hr  el_before_av_hr  '><div class='av-share-box'><h5 class='av-share-link-description av-no-toc '>Compartir esta noticia<\/h5><ul class='av-share-box-list noLightbox'><li class='av-share-link av-social-link-facebook' ><a target=\"_blank\" aria-label=\"Compartir en Facebook\" href='https:\/\/www.facebook.com\/sharer.php?u=https:\/\/radiorevelacionfm.cl\/?p=30275&#038;t=Autoridades%20regionales%20destacan%20beneficios%20para%20la%20econom%C3%ADa%20y%20las%20obras%20en%20ejecuci%C3%B3n%20del%20nuevo%20decreto%20304' aria-hidden='false' data-av_icon='\ue8f3' data-av_iconfont='entypo-fontello' title='' data-avia-related-tooltip='Compartir en Facebook' rel=\"noopener\"><span class='avia_hidden_link_text'>Compartir en Facebook<\/span><\/a><\/li><li class='av-share-link av-social-link-twitter' ><a target=\"_blank\" aria-label=\"Compartir en Twitter\" href='https:\/\/twitter.com\/share?text=Autoridades%20regionales%20destacan%20beneficios%20para%20la%20econom%C3%ADa%20y%20las%20obras%20en%20ejecuci%C3%B3n%20del%20nuevo%20decreto%20304&#038;url=https:\/\/radiorevelacionfm.cl\/?p=30275' aria-hidden='false' data-av_icon='\ue8f1' data-av_iconfont='entypo-fontello' title='' data-avia-related-tooltip='Compartir en Twitter' rel=\"noopener\"><span class='avia_hidden_link_text'>Compartir en Twitter<\/span><\/a><\/li><li class='av-share-link av-social-link-whatsapp' ><a target=\"_blank\" aria-label=\"Compartir en Whatsapp\" href='https:\/\/api.whatsapp.com\/send?text=https:\/\/radiorevelacionfm.cl\/?p=30275' aria-hidden='false' data-av_icon='\uf232' data-av_iconfont='entypo-fontello' title='' data-avia-related-tooltip='Compartir en Whatsapp' rel=\"noopener\"><span class='avia_hidden_link_text'>Compartir en Whatsapp<\/span><\/a><\/li><li class='av-share-link av-social-link-linkedin' ><a target=\"_blank\" aria-label=\"Compartir en LinkedIn\" href='https:\/\/linkedin.com\/shareArticle?mini=true&#038;title=Autoridades%20regionales%20destacan%20beneficios%20para%20la%20econom%C3%ADa%20y%20las%20obras%20en%20ejecuci%C3%B3n%20del%20nuevo%20decreto%20304&#038;url=https:\/\/radiorevelacionfm.cl\/?p=30275' aria-hidden='false' data-av_icon='\ue8fc' data-av_iconfont='entypo-fontello' title='' data-avia-related-tooltip='Compartir en LinkedIn' rel=\"noopener\"><span class='avia_hidden_link_text'>Compartir en LinkedIn<\/span><\/a><\/li><li class='av-share-link av-social-link-mail' ><a  aria-label=\"Compartir por correo\" href='mailto:?subject=Autoridades%20regionales%20destacan%20beneficios%20para%20la%20econom%C3%ADa%20y%20las%20obras%20en%20ejecuci%C3%B3n%20del%20nuevo%20decreto%20304&#038;body=https:\/\/radiorevelacionfm.cl\/?p=30275' aria-hidden='false' data-av_icon='\ue805' data-av_iconfont='entypo-fontello' title='' data-avia-related-tooltip='Compartir por correo'><span class='avia_hidden_link_text'>Compartir por correo<\/span><\/a><\/li><\/ul><\/div><\/div>\n<div  style='height:50px' class='hr hr-invisible   avia-builder-el-8  el_after_av_social_share  el_before_av_comments_list '><span class='hr-inner ' ><span class='hr-inner-style'><\/span><\/span><\/div>\n<div  class='av-buildercomment  av-blog-meta-html-info-disabled av-blog-meta-tag-disabled  '><\/div>\n","protected":false},"excerpt":{"rendered":"","protected":false},"author":1,"featured_media":30276,"comment_status":"open","ping_status":"open","sticky":false,"template":"","format":"standard","meta":{"footnotes":""},"categories":[38],"tags":[],"class_list":["post-30275","post","type-post","status-publish","format-standard","has-post-thumbnail","hentry","category-regional"],"jetpack_featured_media_url":"https:\/\/radiorevelacionfm.cl\/wp-content\/uploads\/2023\/04\/SEREMI-6-1-1.jpg","_links":{"self":[{"href":"https:\/\/radiorevelacionfm.cl\/index.php?rest_route=\/wp\/v2\/posts\/30275","targetHints":{"allow":["GET"]}}],"collection":[{"href":"https:\/\/radiorevelacionfm.cl\/index.php?rest_route=\/wp\/v2\/posts"}],"about":[{"href":"https:\/\/radiorevelacionfm.cl\/index.php?rest_route=\/wp\/v2\/types\/post"}],"author":[{"embeddable":true,"href":"https:\/\/radiorevelacionfm.cl\/index.php?rest_route=\/wp\/v2\/users\/1"}],"replies":[{"embeddable":true,"href":"https:\/\/radiorevelacionfm.cl\/index.php?rest_route=%2Fwp%2Fv2%2Fcomments&post=30275"}],"version-history":[{"count":1,"href":"https:\/\/radiorevelacionfm.cl\/index.php?rest_route=\/wp\/v2\/posts\/30275\/revisions"}],"predecessor-version":[{"id":30277,"href":"https:\/\/radiorevelacionfm.cl\/index.php?rest_route=\/wp\/v2\/posts\/30275\/revisions\/30277"}],"wp:featuredmedia":[{"embeddable":true,"href":"https:\/\/radiorevelacionfm.cl\/index.php?rest_route=\/wp\/v2\/media\/30276"}],"wp:attachment":[{"href":"https:\/\/radiorevelacionfm.cl\/index.php?rest_route=%2Fwp%2Fv2%2Fmedia&parent=30275"}],"wp:term":[{"taxonomy":"category","embeddable":true,"href":"https:\/\/radiorevelacionfm.cl\/index.php?rest_route=%2Fwp%2Fv2%2Fcategories&post=30275"},{"taxonomy":"post_tag","embeddable":true,"href":"https:\/\/radiorevelacionfm.cl\/index.php?rest_route=%2Fwp%2Fv2%2Ftags&post=30275"}],"curies":[{"name":"wp","href":"https:\/\/api.w.org\/{rel}","templated":true}]}}