{"id":30272,"date":"2023-04-20T19:36:07","date_gmt":"2023-04-20T22:36:07","guid":{"rendered":"https:\/\/radiorevelacionfm.cl\/?p=30272"},"modified":"2023-04-20T19:36:07","modified_gmt":"2023-04-20T22:36:07","slug":"en-tiempo-record-pdi-recupera-vehiculo-robado-la-madrugada-del-miercoles-en-coyhaique","status":"publish","type":"post","link":"https:\/\/radiorevelacionfm.cl\/?p=30272","title":{"rendered":"En tiempo r\u00e9cord PDI recupera veh\u00edculo robado la madrugada del mi\u00e9rcoles en Coyhaique"},"content":{"rendered":"<div class=\"flex_column av_one_full  flex_column_div av-zero-column-padding first  avia-builder-el-0  el_before_av_one_full  avia-builder-el-first  \" style='border-radius:0px; '><div  class='avia-image-container  av-styling-    avia-builder-el-1  avia-builder-el-no-sibling  avia-align-center '  itemprop=\"image\" itemscope=\"itemscope\" itemtype=\"https:\/\/schema.org\/ImageObject\"  ><div class='avia-image-container-inner'><div class='avia-image-overlay-wrap'><img decoding=\"async\" class='wp-image-30273 avia-img-lazy-loading-not-30273 avia_image' src=\"https:\/\/radiorevelacionfm.cl\/wp-content\/uploads\/2023\/04\/19-04-2023-Recuperacion-vehiculo-robado-001-1-1.jpeg\" alt='' title='19-04-2023 Recuperaci\u00f3n veh\u00edculo robado 001 (1) (1)' height=\"600\" width=\"800\"  itemprop=\"thumbnailUrl\" srcset=\"https:\/\/radiorevelacionfm.cl\/wp-content\/uploads\/2023\/04\/19-04-2023-Recuperacion-vehiculo-robado-001-1-1.jpeg 800w, https:\/\/radiorevelacionfm.cl\/wp-content\/uploads\/2023\/04\/19-04-2023-Recuperacion-vehiculo-robado-001-1-1-300x225.jpeg 300w, https:\/\/radiorevelacionfm.cl\/wp-content\/uploads\/2023\/04\/19-04-2023-Recuperacion-vehiculo-robado-001-1-1-768x576.jpeg 768w, https:\/\/radiorevelacionfm.cl\/wp-content\/uploads\/2023\/04\/19-04-2023-Recuperacion-vehiculo-robado-001-1-1-705x529.jpeg 705w, https:\/\/radiorevelacionfm.cl\/wp-content\/uploads\/2023\/04\/19-04-2023-Recuperacion-vehiculo-robado-001-1-1-450x338.jpeg 450w, https:\/\/radiorevelacionfm.cl\/wp-content\/uploads\/2023\/04\/19-04-2023-Recuperacion-vehiculo-robado-001-1-1-600x450.jpeg 600w\" sizes=\"(max-width: 800px) 100vw, 800px\" \/><\/div><\/div><\/div><\/div><div class=\"flex_column av_one_full  flex_column_div av-zero-column-padding first  avia-builder-el-2  el_after_av_one_full  el_before_av_one_full  column-top-margin\" style='border-radius:0px; '><section class=\"av_textblock_section \"  itemscope=\"itemscope\" itemtype=\"https:\/\/schema.org\/BlogPosting\" itemprop=\"blogPost\" ><div class='avia_textblock  '   itemprop=\"text\" ><p style=\"text-align: center;\"><strong><span style=\"font-size: 18pt;\">En tiempo r\u00e9cord PDI recupera veh\u00edculo robado la madrugada del mi\u00e9rcoles en Coyhaique<\/span><\/strong><\/p>\n<div id=\"gtx-trans\" style=\"position: absolute; left: -50px; top: 4.31534px;\">\n<div class=\"gtx-trans-icon\"><\/div>\n<\/div>\n<\/div><\/section><\/div><div class=\"flex_column av_one_full  flex_column_div av-zero-column-padding first  avia-builder-el-4  el_after_av_one_full  el_before_av_hr  column-top-margin\" style='border-radius:0px; '><section class=\"av_textblock_section \"  itemscope=\"itemscope\" itemtype=\"https:\/\/schema.org\/BlogPosting\" itemprop=\"blogPost\" ><div class='avia_textblock  '   itemprop=\"text\" ><p style=\"text-align: justify;\">Detectives de la Brigada Investigadora de Robos (BIRO) Coyhaique, en un trabajo coordinado con la Fiscal\u00eda, lograron la recuperaci\u00f3n de un veh\u00edculo robado desde un domicilio en el sector alto de Coyhaique desde donde tambi\u00e9n se sustrajeron otras especies menores, hecho ocurrido durante la madrugada del mi\u00e9rcoles, procediendo a la detenci\u00f3n de dos personas, un hombre de 22 a\u00f1os y una adolescente de 17 a\u00f1os, por el delito de receptaci\u00f3n flagrante.<\/p>\n<p style=\"text-align: justify;\">Al respecto, la prefecta Carolina Namor, jefa de la Prefectura Provincial Coyhaique, se\u00f1al\u00f3 que \u201cel d\u00eda mi\u00e9rcoles en la madrugada se produjo un delito de robo en la calle Emperador Guillermo, donde se produjo la sustracci\u00f3n de un veh\u00edculo\u201d. La oficial a\u00f1adi\u00f3 que \u201cla investigaci\u00f3n fue desarrollada por la Brigada Investigadora de Robos Coyhaique, quien desde ese mismo momento inici\u00f3 una serie de diligencias que nos permitieron establecer el sector donde el veh\u00edculo se estaba desplazando\u201d.<\/p>\n<p style=\"text-align: justify;\">Es as\u00ed que, tras recorrer diversas arterias de la ciudad, los detectives lograron ubicar el veh\u00edculo que se encontraba sin su placa patente, inici\u00e1ndose una persecuci\u00f3n que culmin\u00f3 en las calles \u00d3scar del R\u00edo con Almirante Simpson.<\/p>\n<p style=\"text-align: justify;\">Durante el procedimiento, y de acuerdo a lo informado por la Prefecta Carolina Namor, se detuvo por el delito de receptaci\u00f3n flagrante a un hombre de 22 a\u00f1os con antecedentes policiales por robo, hurto y microtr\u00e1fico, y a una adolescente de 17 a\u00f1os que acompa\u00f1aba al imputado.<\/p>\n<p style=\"text-align: justify;\">Adem\u00e1s, en base al trabajo de an\u00e1lisis criminal, la PDI logr\u00f3 establecer que el imputado habr\u00eda participado en un delito de hurto que afect\u00f3 el mismo mi\u00e9rcoles a la administradora de una empresa de encomiendas, sustrayendo el tel\u00e9fono celular de \u00e9sta mientras atend\u00eda p\u00fablico.<\/p>\n<p style=\"text-align: justify;\">Todos los antecedentes fueron informados al Ministerio P\u00fablico, quien instruy\u00f3 que las personas detenidas fueran puestas a disposici\u00f3n del Juzgado de Garant\u00eda de Coyhaique durante la ma\u00f1ana del jueves. Asimismo, el veh\u00edculo -avaluado en diez millones de pesos- fue entregado a su denunciante.<\/p>\n<p style=\"text-align: justify;\"><strong>Audiencia<\/strong><\/p>\n<p style=\"text-align: justify;\">Sobre el control de detenci\u00f3n y formalizaci\u00f3n, la fiscal Mar\u00eda In\u00e9s N\u00fa\u00f1ez inform\u00f3 que \u201choy se control\u00f3 la detenci\u00f3n respecto de ambos imputados; se formaliz\u00f3 investigaci\u00f3n respecto de uno de los imputados, que es el acompa\u00f1ante por el delito de receptaci\u00f3n y respecto al segundo imputado, que es la persona que conduc\u00eda este veh\u00edculo, se ampli\u00f3 la detenci\u00f3n hasta las 11.00 horas de ma\u00f1ana (viernes)\u201d, dijo la fiscal del Ministerio P\u00fablico.<\/p>\n<p style=\"text-align: justify;\">Sobre las diligencias en curso, Mar\u00eda In\u00e9s N\u00fa\u00f1ez a\u00f1adi\u00f3 que son varias y est\u00e1n destinadas a \u201chilar y verificar qui\u00e9nes son los part\u00edcipes de estos m\u00faltiples robos que han afectado a la comuna y determinar la participaci\u00f3n del detenido\u201d, cuya detenci\u00f3n fue ampliada. A esto, se suman declaraciones y revisi\u00f3n de equipos celulares, entre otros.<\/p>\n<p style=\"text-align: justify;\">La fiscal no descart\u00f3, en base a las diligencias policiales, que existan m\u00e1s involucrados en estos hechos que est\u00e1n siendo aclarados en base al trabajo conjunto de la PDI y la Fiscal\u00eda.<\/p>\n<\/div><\/section><\/div><div  style='height:50px' class='hr hr-invisible   avia-builder-el-6  el_after_av_one_full  el_before_av_social_share '><span class='hr-inner ' ><span class='hr-inner-style'><\/span><\/span><\/div><\/p>\n<div  class='av-social-sharing-box  avia-builder-el-7  el_after_av_hr  el_before_av_hr  '><div class='av-share-box'><h5 class='av-share-link-description av-no-toc '>Compartir esta noticia<\/h5><ul class='av-share-box-list noLightbox'><li class='av-share-link av-social-link-facebook' ><a target=\"_blank\" aria-label=\"Compartir en Facebook\" href='https:\/\/www.facebook.com\/sharer.php?u=https:\/\/radiorevelacionfm.cl\/?p=30272&#038;t=En%20tiempo%20r%C3%A9cord%20PDI%20recupera%20veh%C3%ADculo%20robado%20la%20madrugada%20del%20mi%C3%A9rcoles%20en%20Coyhaique' aria-hidden='false' data-av_icon='\ue8f3' data-av_iconfont='entypo-fontello' title='' data-avia-related-tooltip='Compartir en Facebook' rel=\"noopener\"><span class='avia_hidden_link_text'>Compartir en Facebook<\/span><\/a><\/li><li class='av-share-link av-social-link-twitter' ><a target=\"_blank\" aria-label=\"Compartir en Twitter\" href='https:\/\/twitter.com\/share?text=En%20tiempo%20r%C3%A9cord%20PDI%20recupera%20veh%C3%ADculo%20robado%20la%20madrugada%20del%20mi%C3%A9rcoles%20en%20Coyhaique&#038;url=https:\/\/radiorevelacionfm.cl\/?p=30272' aria-hidden='false' data-av_icon='\ue8f1' data-av_iconfont='entypo-fontello' title='' data-avia-related-tooltip='Compartir en Twitter' rel=\"noopener\"><span class='avia_hidden_link_text'>Compartir en Twitter<\/span><\/a><\/li><li class='av-share-link av-social-link-whatsapp' ><a target=\"_blank\" aria-label=\"Compartir en Whatsapp\" href='https:\/\/api.whatsapp.com\/send?text=https:\/\/radiorevelacionfm.cl\/?p=30272' aria-hidden='false' data-av_icon='\uf232' data-av_iconfont='entypo-fontello' title='' data-avia-related-tooltip='Compartir en Whatsapp' rel=\"noopener\"><span class='avia_hidden_link_text'>Compartir en Whatsapp<\/span><\/a><\/li><li class='av-share-link av-social-link-linkedin' ><a target=\"_blank\" aria-label=\"Compartir en LinkedIn\" href='https:\/\/linkedin.com\/shareArticle?mini=true&#038;title=En%20tiempo%20r%C3%A9cord%20PDI%20recupera%20veh%C3%ADculo%20robado%20la%20madrugada%20del%20mi%C3%A9rcoles%20en%20Coyhaique&#038;url=https:\/\/radiorevelacionfm.cl\/?p=30272' aria-hidden='false' data-av_icon='\ue8fc' data-av_iconfont='entypo-fontello' title='' data-avia-related-tooltip='Compartir en LinkedIn' rel=\"noopener\"><span class='avia_hidden_link_text'>Compartir en LinkedIn<\/span><\/a><\/li><li class='av-share-link av-social-link-mail' ><a  aria-label=\"Compartir por correo\" href='mailto:?subject=En%20tiempo%20r%C3%A9cord%20PDI%20recupera%20veh%C3%ADculo%20robado%20la%20madrugada%20del%20mi%C3%A9rcoles%20en%20Coyhaique&#038;body=https:\/\/radiorevelacionfm.cl\/?p=30272' aria-hidden='false' data-av_icon='\ue805' data-av_iconfont='entypo-fontello' title='' data-avia-related-tooltip='Compartir por correo'><span class='avia_hidden_link_text'>Compartir por correo<\/span><\/a><\/li><\/ul><\/div><\/div>\n<div  style='height:50px' class='hr hr-invisible   avia-builder-el-8  el_after_av_social_share  el_before_av_comments_list '><span class='hr-inner ' ><span class='hr-inner-style'><\/span><\/span><\/div>\n<div  class='av-buildercomment  av-blog-meta-html-info-disabled av-blog-meta-tag-disabled  '><\/div>\n","protected":false},"excerpt":{"rendered":"","protected":false},"author":1,"featured_media":30273,"comment_status":"open","ping_status":"open","sticky":false,"template":"","format":"standard","meta":{"footnotes":""},"categories":[36],"tags":[],"class_list":["post-30272","post","type-post","status-publish","format-standard","has-post-thumbnail","hentry","category-policial"],"jetpack_featured_media_url":"https:\/\/radiorevelacionfm.cl\/wp-content\/uploads\/2023\/04\/19-04-2023-Recuperacion-vehiculo-robado-001-1-1.jpeg","_links":{"self":[{"href":"https:\/\/radiorevelacionfm.cl\/index.php?rest_route=\/wp\/v2\/posts\/30272","targetHints":{"allow":["GET"]}}],"collection":[{"href":"https:\/\/radiorevelacionfm.cl\/index.php?rest_route=\/wp\/v2\/posts"}],"about":[{"href":"https:\/\/radiorevelacionfm.cl\/index.php?rest_route=\/wp\/v2\/types\/post"}],"author":[{"embeddable":true,"href":"https:\/\/radiorevelacionfm.cl\/index.php?rest_route=\/wp\/v2\/users\/1"}],"replies":[{"embeddable":true,"href":"https:\/\/radiorevelacionfm.cl\/index.php?rest_route=%2Fwp%2Fv2%2Fcomments&post=30272"}],"version-history":[{"count":1,"href":"https:\/\/radiorevelacionfm.cl\/index.php?rest_route=\/wp\/v2\/posts\/30272\/revisions"}],"predecessor-version":[{"id":30274,"href":"https:\/\/radiorevelacionfm.cl\/index.php?rest_route=\/wp\/v2\/posts\/30272\/revisions\/30274"}],"wp:featuredmedia":[{"embeddable":true,"href":"https:\/\/radiorevelacionfm.cl\/index.php?rest_route=\/wp\/v2\/media\/30273"}],"wp:attachment":[{"href":"https:\/\/radiorevelacionfm.cl\/index.php?rest_route=%2Fwp%2Fv2%2Fmedia&parent=30272"}],"wp:term":[{"taxonomy":"category","embeddable":true,"href":"https:\/\/radiorevelacionfm.cl\/index.php?rest_route=%2Fwp%2Fv2%2Fcategories&post=30272"},{"taxonomy":"post_tag","embeddable":true,"href":"https:\/\/radiorevelacionfm.cl\/index.php?rest_route=%2Fwp%2Fv2%2Ftags&post=30272"}],"curies":[{"name":"wp","href":"https:\/\/api.w.org\/{rel}","templated":true}]}}