{"id":3027,"date":"2021-02-28T22:14:59","date_gmt":"2021-03-01T01:14:59","guid":{"rendered":"https:\/\/radiorevelacionfm.cl\/?p=3027"},"modified":"2021-02-28T22:14:59","modified_gmt":"2021-03-01T01:14:59","slug":"fiscalia-de-chile-chico-formaliza-por-homicidio-frustrado-a-sujeto-que-ya-habia-sido-condenado-por-un-crimen","status":"publish","type":"post","link":"https:\/\/radiorevelacionfm.cl\/?p=3027","title":{"rendered":"Fiscal\u00eda de Chile Chico formaliza por homicidio frustrado a sujeto que ya hab\u00eda sido condenado por un crimen"},"content":{"rendered":"<div class=\"flex_column av_one_full  flex_column_div av-zero-column-padding first  avia-builder-el-0  el_before_av_one_full  avia-builder-el-first  \" style='border-radius:0px; '><div  class='avia-image-container  av-styling-    avia-builder-el-1  avia-builder-el-no-sibling  avia-align-center '  itemprop=\"image\" itemscope=\"itemscope\" itemtype=\"https:\/\/schema.org\/ImageObject\"  ><div class='avia-image-container-inner'><div class='avia-image-overlay-wrap'><img decoding=\"async\" class='wp-image-0 avia-img-lazy-loading-not-0 avia_image' src=\"https:\/\/radiorevelacionfm.cl\/wp-content\/uploads\/2021\/02\/Fiscalia-ChCh-1.jpg\" alt='' title=''   itemprop=\"thumbnailUrl\"  \/><\/div><\/div><\/div><\/div><div class=\"flex_column av_one_full  flex_column_div av-zero-column-padding first  avia-builder-el-2  el_after_av_one_full  el_before_av_one_full  column-top-margin\" style='border-radius:0px; '><section class=\"av_textblock_section \"  itemscope=\"itemscope\" itemtype=\"https:\/\/schema.org\/BlogPosting\" itemprop=\"blogPost\" ><div class='avia_textblock  '   itemprop=\"text\" ><p style=\"text-align: center;\"><strong><span style=\"font-size: 18pt;\">Fiscal\u00eda de Chile Chico formaliza por homicidio frustrado a sujeto que ya hab\u00eda sido condenado por un crimen<\/span><\/strong><\/p>\n<div id=\"gtx-trans\" style=\"position: absolute; left: -50px; top: 4.31534px;\">\n<div class=\"gtx-trans-icon\"><\/div>\n<\/div>\n<\/div><\/section><\/div><div class=\"flex_column av_one_full  flex_column_div av-zero-column-padding first  avia-builder-el-4  el_after_av_one_full  el_before_av_hr  column-top-margin\" style='border-radius:0px; '><section class=\"av_textblock_section \"  itemscope=\"itemscope\" itemtype=\"https:\/\/schema.org\/BlogPosting\" itemprop=\"blogPost\" ><div class='avia_textblock  '   itemprop=\"text\" ><p style=\"text-align: justify;\">El sujeto en noviembre del a\u00f1o pasado fue condenado a 13 a\u00f1os por homicidio ocurrido en La Junta en mayo del 2019 y se encontraba cumpliendo condena en el Penal de Chile Chico, siendo nuevamente formalizado por la Fiscal\u00eda por el delito de homicidio frustrado, esta vez en contra de un compa\u00f1ero de celda quien debi\u00f3 ser trasladado de urgencia v\u00eda a\u00e9rea, con riesgo vital, al Hospital Regional de Coyhaique.<\/p>\n<p style=\"text-align: justify;\">Las circunstancias de c\u00f3mo se origin\u00f3 este hecho durante la noche del viernes, est\u00e1n siendo investigadas por la Fiscal\u00eda de Chile Chico y la Secci\u00f3n de Investigaci\u00f3n Policial SIP de Carabineros de la Tercera Comisar\u00eda, sumado a la colaboraci\u00f3n de Gendarmer\u00eda.<\/p>\n<p style=\"text-align: justify;\">El imputado es Lisandro Javier Vogt Altamirano, quien en noviembre del a\u00f1o pasado fue condenado a 13 a\u00f1os de presidio, tras una investigaci\u00f3n de la Fiscal\u00eda Local de Cisnes y la Brigada de Homicidios de la PDI, por el homicidio de una persona ocurrido en La Junta la madrugada del 5 de mayo del a\u00f1o 2019, al interior de un local nocturno.<\/p>\n<p style=\"text-align: justify;\">\u201cEl Tribunal accedi\u00f3 a las cautelares de prohibici\u00f3n de acercarse a la v\u00edctima y comunicarse con otros internos, testigos de la celda en la que ocurrieron los hechos. Para complementar esta medida, el Tribunal orden\u00f3 el traslado del imputado, para que siga cumpliendo su condena, al Centro de Detenci\u00f3n Preventiva de Puerto Ays\u00e9n\u201d, explic\u00f3 el fiscal de Chile Chico, Alvaro Sanhueza.<\/p>\n<p style=\"text-align: justify;\">El persecutor penal agreg\u00f3 que la v\u00edctima result\u00f3 con tres heridas cortopunzantes, por lo que debi\u00f3 ser evacuado en un operativo aerom\u00e9dico hasta Coyhaique. El plazo para el t\u00e9rmino de las diligencias, que coordinad el Ministerio P\u00fablico, fue fijado en 150 d\u00edas.<\/p>\n<\/div><\/section><\/div><div  style='height:50px' class='hr hr-invisible   avia-builder-el-6  el_after_av_one_full  el_before_av_social_share '><span class='hr-inner ' ><span class='hr-inner-style'><\/span><\/span><\/div><\/p>\n<div  class='av-social-sharing-box  avia-builder-el-7  el_after_av_hr  el_before_av_hr  '><div class='av-share-box'><h5 class='av-share-link-description av-no-toc '>Compartir esta noticia<\/h5><ul class='av-share-box-list noLightbox'><li class='av-share-link av-social-link-facebook' ><a target=\"_blank\" aria-label=\"Compartir en Facebook\" href='https:\/\/www.facebook.com\/sharer.php?u=https:\/\/radiorevelacionfm.cl\/?p=3027&#038;t=Fiscal%C3%ADa%20de%20Chile%20Chico%20formaliza%20por%20homicidio%20frustrado%20a%20sujeto%20que%20ya%20hab%C3%ADa%20sido%20condenado%20por%20un%20crimen' aria-hidden='false' data-av_icon='\ue8f3' data-av_iconfont='entypo-fontello' title='' data-avia-related-tooltip='Compartir en Facebook' rel=\"noopener\"><span class='avia_hidden_link_text'>Compartir en Facebook<\/span><\/a><\/li><li class='av-share-link av-social-link-twitter' ><a target=\"_blank\" aria-label=\"Compartir en Twitter\" href='https:\/\/twitter.com\/share?text=Fiscal%C3%ADa%20de%20Chile%20Chico%20formaliza%20por%20homicidio%20frustrado%20a%20sujeto%20que%20ya%20hab%C3%ADa%20sido%20condenado%20por%20un%20crimen&#038;url=https:\/\/radiorevelacionfm.cl\/?p=3027' aria-hidden='false' data-av_icon='\ue8f1' data-av_iconfont='entypo-fontello' title='' data-avia-related-tooltip='Compartir en Twitter' rel=\"noopener\"><span class='avia_hidden_link_text'>Compartir en Twitter<\/span><\/a><\/li><li class='av-share-link av-social-link-whatsapp' ><a target=\"_blank\" aria-label=\"Compartir en Whatsapp\" href='https:\/\/api.whatsapp.com\/send?text=https:\/\/radiorevelacionfm.cl\/?p=3027' aria-hidden='false' data-av_icon='\uf232' data-av_iconfont='entypo-fontello' title='' data-avia-related-tooltip='Compartir en Whatsapp' rel=\"noopener\"><span class='avia_hidden_link_text'>Compartir en Whatsapp<\/span><\/a><\/li><li class='av-share-link av-social-link-linkedin' ><a target=\"_blank\" aria-label=\"Compartir en LinkedIn\" href='https:\/\/linkedin.com\/shareArticle?mini=true&#038;title=Fiscal%C3%ADa%20de%20Chile%20Chico%20formaliza%20por%20homicidio%20frustrado%20a%20sujeto%20que%20ya%20hab%C3%ADa%20sido%20condenado%20por%20un%20crimen&#038;url=https:\/\/radiorevelacionfm.cl\/?p=3027' aria-hidden='false' data-av_icon='\ue8fc' data-av_iconfont='entypo-fontello' title='' data-avia-related-tooltip='Compartir en LinkedIn' rel=\"noopener\"><span class='avia_hidden_link_text'>Compartir en LinkedIn<\/span><\/a><\/li><li class='av-share-link av-social-link-mail' ><a  aria-label=\"Compartir por correo\" href='mailto:?subject=Fiscal%C3%ADa%20de%20Chile%20Chico%20formaliza%20por%20homicidio%20frustrado%20a%20sujeto%20que%20ya%20hab%C3%ADa%20sido%20condenado%20por%20un%20crimen&#038;body=https:\/\/radiorevelacionfm.cl\/?p=3027' aria-hidden='false' data-av_icon='\ue805' data-av_iconfont='entypo-fontello' title='' data-avia-related-tooltip='Compartir por correo'><span class='avia_hidden_link_text'>Compartir por correo<\/span><\/a><\/li><\/ul><\/div><\/div>\n<div  style='height:50px' class='hr hr-invisible   avia-builder-el-8  el_after_av_social_share  el_before_av_comments_list '><span class='hr-inner ' ><span class='hr-inner-style'><\/span><\/span><\/div>\n<div  class='av-buildercomment  av-blog-meta-html-info-disabled av-blog-meta-tag-disabled  '><\/div>\n","protected":false},"excerpt":{"rendered":"","protected":false},"author":1,"featured_media":0,"comment_status":"open","ping_status":"open","sticky":false,"template":"","format":"standard","meta":{"footnotes":""},"categories":[36],"tags":[],"class_list":["post-3027","post","type-post","status-publish","format-standard","hentry","category-policial"],"jetpack_featured_media_url":"","_links":{"self":[{"href":"https:\/\/radiorevelacionfm.cl\/index.php?rest_route=\/wp\/v2\/posts\/3027","targetHints":{"allow":["GET"]}}],"collection":[{"href":"https:\/\/radiorevelacionfm.cl\/index.php?rest_route=\/wp\/v2\/posts"}],"about":[{"href":"https:\/\/radiorevelacionfm.cl\/index.php?rest_route=\/wp\/v2\/types\/post"}],"author":[{"embeddable":true,"href":"https:\/\/radiorevelacionfm.cl\/index.php?rest_route=\/wp\/v2\/users\/1"}],"replies":[{"embeddable":true,"href":"https:\/\/radiorevelacionfm.cl\/index.php?rest_route=%2Fwp%2Fv2%2Fcomments&post=3027"}],"version-history":[{"count":1,"href":"https:\/\/radiorevelacionfm.cl\/index.php?rest_route=\/wp\/v2\/posts\/3027\/revisions"}],"predecessor-version":[{"id":3029,"href":"https:\/\/radiorevelacionfm.cl\/index.php?rest_route=\/wp\/v2\/posts\/3027\/revisions\/3029"}],"wp:attachment":[{"href":"https:\/\/radiorevelacionfm.cl\/index.php?rest_route=%2Fwp%2Fv2%2Fmedia&parent=3027"}],"wp:term":[{"taxonomy":"category","embeddable":true,"href":"https:\/\/radiorevelacionfm.cl\/index.php?rest_route=%2Fwp%2Fv2%2Fcategories&post=3027"},{"taxonomy":"post_tag","embeddable":true,"href":"https:\/\/radiorevelacionfm.cl\/index.php?rest_route=%2Fwp%2Fv2%2Ftags&post=3027"}],"curies":[{"name":"wp","href":"https:\/\/api.w.org\/{rel}","templated":true}]}}