{"id":30267,"date":"2023-04-20T18:21:23","date_gmt":"2023-04-20T21:21:23","guid":{"rendered":"https:\/\/radiorevelacionfm.cl\/?p=30267"},"modified":"2023-04-20T18:28:51","modified_gmt":"2023-04-20T21:28:51","slug":"investigan-muerte-de-hombre-de-46-anos-tras-sufrir-accidente-por-descarga-electrica","status":"publish","type":"post","link":"https:\/\/radiorevelacionfm.cl\/?p=30267","title":{"rendered":"Investigan muerte de hombre de 46 a\u00f1os que habr\u00eda sufrido accidente por descarga el\u00e9ctrica"},"content":{"rendered":"<div class=\"flex_column av_one_full  flex_column_div av-zero-column-padding first  avia-builder-el-0  el_before_av_one_full  avia-builder-el-first  \" style='border-radius:0px; '><div  class='avia-image-container  av-styling-    avia-builder-el-1  avia-builder-el-no-sibling  avia-align-center '  itemprop=\"image\" itemscope=\"itemscope\" itemtype=\"https:\/\/schema.org\/ImageObject\"  ><div class='avia-image-container-inner'><div class='avia-image-overlay-wrap'><img decoding=\"async\" class='wp-image-30268 avia-img-lazy-loading-not-30268 avia_image' src=\"https:\/\/radiorevelacionfm.cl\/wp-content\/uploads\/2023\/04\/20-04-2023-bh-reconocimiento-externo-policial-por-muerte-y-hallazgo-de-cadaver-accidente-coyhaique-1-1_optimized.jpg\" alt='' title='20-04-2023-bh-reconocimiento-externo-policial-por-muerte-y-hallazgo-de-cad\u00e1ver - -accidente-coyhaique-(1)-(1)_optimized' height=\"600\" width=\"894\"  itemprop=\"thumbnailUrl\" srcset=\"https:\/\/radiorevelacionfm.cl\/wp-content\/uploads\/2023\/04\/20-04-2023-bh-reconocimiento-externo-policial-por-muerte-y-hallazgo-de-cadaver-accidente-coyhaique-1-1_optimized.jpg 894w, https:\/\/radiorevelacionfm.cl\/wp-content\/uploads\/2023\/04\/20-04-2023-bh-reconocimiento-externo-policial-por-muerte-y-hallazgo-de-cadaver-accidente-coyhaique-1-1_optimized-300x201.jpg 300w, https:\/\/radiorevelacionfm.cl\/wp-content\/uploads\/2023\/04\/20-04-2023-bh-reconocimiento-externo-policial-por-muerte-y-hallazgo-de-cadaver-accidente-coyhaique-1-1_optimized-768x515.jpg 768w, https:\/\/radiorevelacionfm.cl\/wp-content\/uploads\/2023\/04\/20-04-2023-bh-reconocimiento-externo-policial-por-muerte-y-hallazgo-de-cadaver-accidente-coyhaique-1-1_optimized-705x473.jpg 705w, https:\/\/radiorevelacionfm.cl\/wp-content\/uploads\/2023\/04\/20-04-2023-bh-reconocimiento-externo-policial-por-muerte-y-hallazgo-de-cadaver-accidente-coyhaique-1-1_optimized-450x302.jpg 450w, https:\/\/radiorevelacionfm.cl\/wp-content\/uploads\/2023\/04\/20-04-2023-bh-reconocimiento-externo-policial-por-muerte-y-hallazgo-de-cadaver-accidente-coyhaique-1-1_optimized-600x403.jpg 600w\" sizes=\"(max-width: 894px) 100vw, 894px\" \/><\/div><\/div><\/div><\/div>\n<div class=\"flex_column av_one_full  flex_column_div av-zero-column-padding first  avia-builder-el-2  el_after_av_one_full  el_before_av_one_full  column-top-margin\" style='border-radius:0px; '><section class=\"av_textblock_section \"  itemscope=\"itemscope\" itemtype=\"https:\/\/schema.org\/BlogPosting\" itemprop=\"blogPost\" ><div class='avia_textblock  '   itemprop=\"text\" ><p style=\"text-align: center;\"><strong><span style=\"font-size: 18pt;\">Investigan muerte de hombre de 46 a\u00f1os que habr\u00eda sufrido accidente por descarga el\u00e9ctrica<\/span><\/strong><\/p>\n<div id=\"gtx-trans\" style=\"position: absolute; left: -50px; top: 4.31534px;\">\n<div class=\"gtx-trans-icon\"><\/div>\n<\/div>\n<\/div><\/section><\/div><div class=\"flex_column av_one_full  flex_column_div av-zero-column-padding first  avia-builder-el-4  el_after_av_one_full  el_before_av_hr  column-top-margin\" style='border-radius:0px; '><section class=\"av_textblock_section \"  itemscope=\"itemscope\" itemtype=\"https:\/\/schema.org\/BlogPosting\" itemprop=\"blogPost\" ><div class='avia_textblock  '   itemprop=\"text\" ><p style=\"text-align: justify;\">Personal de la Brigada de Homicidios Coyhaique, se encuentra realizando diversas indagaciones para esclarecer la muerte de un hombre de 46 a\u00f1os de edad, ocurrido este mediod\u00eda en la ciudad de Coyhaique.<\/p>\n<p style=\"text-align: justify;\">De acuerdo a los antecedentes proporcionados por el inspector Nicol\u00e1s Salazar, de la Brigada de Homicidios Coyhaique de la PDI, personal se constituy\u00f3 en el sitio del suceso, por solicitud de la Fiscal\u00eda Local de Coyhaique, quien instruy\u00f3 a la Brigada de Homicidios junto al Laboratorio de Criminal\u00edstica, investigue un aparente accidente que habr\u00eda ocurrido en una esquina c\u00e9ntrica de la ciudad, espec\u00edficamente entre Calle Bolivia y Baquedano, lugar donde permanec\u00eda una persona fallecida en la v\u00eda p\u00fablica.<\/p>\n<p style=\"text-align: justify;\">En base a eso se concurri\u00f3 con peritos del Laboratorio de Criminal\u00edstica, primero que todo se estableci\u00f3 la identidad de la persona, pudiendo confirmar que se trata de una persona mayor de edad, de 46 a\u00f1os, quien estaba realizando trabajos de limpieza de ductos de humo, al interior de un domicilio y habr\u00eda sufrido un accidente.<\/p>\n<p style=\"text-align: justify;\">En base a los antecedentes preliminares, se tratar\u00eda de un accidente por descarga el\u00e9ctrica que habr\u00eda recibido, cuyos antecedentes, al examen y reconocimiento externo-policial, se pudieron corroborar.<\/p>\n<p style=\"text-align: justify;\">Por lo que en este caso es trasladado al Hospital Regional, donde producto de las lesiones que sufri\u00f3, tras caer de altura, se verifica si es que existen fracturas y luego se traslada el cuerpo al Servicio M\u00e9dico Legal, donde se realiza la autopsia de rigor.<\/p>\n<p style=\"text-align: justify;\">Tomando contacto con familiares para ser informados de esta lamentable situaci\u00f3n, expres\u00f3 el inspector Salazar.<\/p>\n<\/div><\/section><\/div><\/p>\n<div  style='height:50px' class='hr hr-invisible   avia-builder-el-6  el_after_av_one_full  el_before_av_social_share '><span class='hr-inner ' ><span class='hr-inner-style'><\/span><\/span><\/div>\n<div  class='av-social-sharing-box  avia-builder-el-7  el_after_av_hr  el_before_av_hr  '><div class='av-share-box'><h5 class='av-share-link-description av-no-toc '>Compartir esta noticia<\/h5><ul class='av-share-box-list noLightbox'><li class='av-share-link av-social-link-facebook' ><a target=\"_blank\" aria-label=\"Compartir en Facebook\" href='https:\/\/www.facebook.com\/sharer.php?u=https:\/\/radiorevelacionfm.cl\/?p=30267&#038;t=Investigan%20muerte%20de%20hombre%20de%2046%20a%C3%B1os%20que%20habr%C3%ADa%20sufrido%20accidente%20por%20descarga%20el%C3%A9ctrica' aria-hidden='false' data-av_icon='\ue8f3' data-av_iconfont='entypo-fontello' title='' data-avia-related-tooltip='Compartir en Facebook' rel=\"noopener\"><span class='avia_hidden_link_text'>Compartir en Facebook<\/span><\/a><\/li><li class='av-share-link av-social-link-twitter' ><a target=\"_blank\" aria-label=\"Compartir en Twitter\" href='https:\/\/twitter.com\/share?text=Investigan%20muerte%20de%20hombre%20de%2046%20a%C3%B1os%20que%20habr%C3%ADa%20sufrido%20accidente%20por%20descarga%20el%C3%A9ctrica&#038;url=https:\/\/radiorevelacionfm.cl\/?p=30267' aria-hidden='false' data-av_icon='\ue8f1' data-av_iconfont='entypo-fontello' title='' data-avia-related-tooltip='Compartir en Twitter' rel=\"noopener\"><span class='avia_hidden_link_text'>Compartir en Twitter<\/span><\/a><\/li><li class='av-share-link av-social-link-whatsapp' ><a target=\"_blank\" aria-label=\"Compartir en Whatsapp\" href='https:\/\/api.whatsapp.com\/send?text=https:\/\/radiorevelacionfm.cl\/?p=30267' aria-hidden='false' data-av_icon='\uf232' data-av_iconfont='entypo-fontello' title='' data-avia-related-tooltip='Compartir en Whatsapp' rel=\"noopener\"><span class='avia_hidden_link_text'>Compartir en Whatsapp<\/span><\/a><\/li><li class='av-share-link av-social-link-linkedin' ><a target=\"_blank\" aria-label=\"Compartir en LinkedIn\" href='https:\/\/linkedin.com\/shareArticle?mini=true&#038;title=Investigan%20muerte%20de%20hombre%20de%2046%20a%C3%B1os%20que%20habr%C3%ADa%20sufrido%20accidente%20por%20descarga%20el%C3%A9ctrica&#038;url=https:\/\/radiorevelacionfm.cl\/?p=30267' aria-hidden='false' data-av_icon='\ue8fc' data-av_iconfont='entypo-fontello' title='' data-avia-related-tooltip='Compartir en LinkedIn' rel=\"noopener\"><span class='avia_hidden_link_text'>Compartir en LinkedIn<\/span><\/a><\/li><li class='av-share-link av-social-link-mail' ><a  aria-label=\"Compartir por correo\" href='mailto:?subject=Investigan%20muerte%20de%20hombre%20de%2046%20a%C3%B1os%20que%20habr%C3%ADa%20sufrido%20accidente%20por%20descarga%20el%C3%A9ctrica&#038;body=https:\/\/radiorevelacionfm.cl\/?p=30267' aria-hidden='false' data-av_icon='\ue805' data-av_iconfont='entypo-fontello' title='' data-avia-related-tooltip='Compartir por correo'><span class='avia_hidden_link_text'>Compartir por correo<\/span><\/a><\/li><\/ul><\/div><\/div>\n<div  style='height:50px' class='hr hr-invisible   avia-builder-el-8  el_after_av_social_share  el_before_av_comments_list '><span class='hr-inner ' ><span class='hr-inner-style'><\/span><\/span><\/div>\n<div  class='av-buildercomment  av-blog-meta-html-info-disabled av-blog-meta-tag-disabled  '><\/div>\n","protected":false},"excerpt":{"rendered":"","protected":false},"author":1,"featured_media":30268,"comment_status":"open","ping_status":"open","sticky":false,"template":"","format":"standard","meta":{"footnotes":""},"categories":[36],"tags":[],"class_list":["post-30267","post","type-post","status-publish","format-standard","has-post-thumbnail","hentry","category-policial"],"jetpack_featured_media_url":"https:\/\/radiorevelacionfm.cl\/wp-content\/uploads\/2023\/04\/20-04-2023-bh-reconocimiento-externo-policial-por-muerte-y-hallazgo-de-cadaver-accidente-coyhaique-1-1_optimized.jpg","_links":{"self":[{"href":"https:\/\/radiorevelacionfm.cl\/index.php?rest_route=\/wp\/v2\/posts\/30267","targetHints":{"allow":["GET"]}}],"collection":[{"href":"https:\/\/radiorevelacionfm.cl\/index.php?rest_route=\/wp\/v2\/posts"}],"about":[{"href":"https:\/\/radiorevelacionfm.cl\/index.php?rest_route=\/wp\/v2\/types\/post"}],"author":[{"embeddable":true,"href":"https:\/\/radiorevelacionfm.cl\/index.php?rest_route=\/wp\/v2\/users\/1"}],"replies":[{"embeddable":true,"href":"https:\/\/radiorevelacionfm.cl\/index.php?rest_route=%2Fwp%2Fv2%2Fcomments&post=30267"}],"version-history":[{"count":3,"href":"https:\/\/radiorevelacionfm.cl\/index.php?rest_route=\/wp\/v2\/posts\/30267\/revisions"}],"predecessor-version":[{"id":30271,"href":"https:\/\/radiorevelacionfm.cl\/index.php?rest_route=\/wp\/v2\/posts\/30267\/revisions\/30271"}],"wp:featuredmedia":[{"embeddable":true,"href":"https:\/\/radiorevelacionfm.cl\/index.php?rest_route=\/wp\/v2\/media\/30268"}],"wp:attachment":[{"href":"https:\/\/radiorevelacionfm.cl\/index.php?rest_route=%2Fwp%2Fv2%2Fmedia&parent=30267"}],"wp:term":[{"taxonomy":"category","embeddable":true,"href":"https:\/\/radiorevelacionfm.cl\/index.php?rest_route=%2Fwp%2Fv2%2Fcategories&post=30267"},{"taxonomy":"post_tag","embeddable":true,"href":"https:\/\/radiorevelacionfm.cl\/index.php?rest_route=%2Fwp%2Fv2%2Ftags&post=30267"}],"curies":[{"name":"wp","href":"https:\/\/api.w.org\/{rel}","templated":true}]}}