{"id":30262,"date":"2023-04-20T18:55:20","date_gmt":"2023-04-20T21:55:20","guid":{"rendered":"https:\/\/radiorevelacionfm.cl\/?p=30262"},"modified":"2023-04-20T18:55:20","modified_gmt":"2023-04-20T21:55:20","slug":"consejero-abello-resalta-la-importancia-de-crear-un-observatorio-del-hielo-en-villa-ohiggins","status":"publish","type":"post","link":"https:\/\/radiorevelacionfm.cl\/?p=30262","title":{"rendered":"Consejero Abello resalta la importancia de crear un \u201cObservatorio del Hielo\u201d en Villa O&#8217;Higgins"},"content":{"rendered":"<div class=\"flex_column av_one_full  flex_column_div av-zero-column-padding first  avia-builder-el-0  el_before_av_one_full  avia-builder-el-first  \" style='border-radius:0px; '><div  class='avia-image-container  av-styling-    avia-builder-el-1  avia-builder-el-no-sibling  avia-align-center '  itemprop=\"image\" itemscope=\"itemscope\" itemtype=\"https:\/\/schema.org\/ImageObject\"  ><div class='avia-image-container-inner'><div class='avia-image-overlay-wrap'><img decoding=\"async\" class='wp-image-30263 avia-img-lazy-loading-not-30263 avia_image' src=\"https:\/\/radiorevelacionfm.cl\/wp-content\/uploads\/2023\/04\/core-arquitectura-1-1.jpg\" alt='' title='core arquitectura (1) (1)' height=\"600\" width=\"896\"  itemprop=\"thumbnailUrl\" srcset=\"https:\/\/radiorevelacionfm.cl\/wp-content\/uploads\/2023\/04\/core-arquitectura-1-1.jpg 896w, https:\/\/radiorevelacionfm.cl\/wp-content\/uploads\/2023\/04\/core-arquitectura-1-1-300x201.jpg 300w, https:\/\/radiorevelacionfm.cl\/wp-content\/uploads\/2023\/04\/core-arquitectura-1-1-768x514.jpg 768w, https:\/\/radiorevelacionfm.cl\/wp-content\/uploads\/2023\/04\/core-arquitectura-1-1-705x472.jpg 705w, https:\/\/radiorevelacionfm.cl\/wp-content\/uploads\/2023\/04\/core-arquitectura-1-1-450x301.jpg 450w, https:\/\/radiorevelacionfm.cl\/wp-content\/uploads\/2023\/04\/core-arquitectura-1-1-600x402.jpg 600w\" sizes=\"(max-width: 896px) 100vw, 896px\" \/><\/div><\/div><\/div><\/div><div class=\"flex_column av_one_full  flex_column_div av-zero-column-padding first  avia-builder-el-2  el_after_av_one_full  el_before_av_one_full  column-top-margin\" style='border-radius:0px; '><section class=\"av_textblock_section \"  itemscope=\"itemscope\" itemtype=\"https:\/\/schema.org\/BlogPosting\" itemprop=\"blogPost\" ><div class='avia_textblock  '   itemprop=\"text\" ><p style=\"text-align: center;\"><strong><span style=\"font-size: 18pt;\">Consejero Abello resalta la importancia de crear un \u201cObservatorio del Hielo\u201d en Villa O&#8217;Higgins<\/span><\/strong><\/p>\n<div id=\"gtx-trans\" style=\"position: absolute; left: -50px; top: 4.31534px;\">\n<div class=\"gtx-trans-icon\"><\/div>\n<\/div>\n<\/div><\/section><\/div><div class=\"flex_column av_one_full  flex_column_div av-zero-column-padding first  avia-builder-el-4  el_after_av_one_full  el_before_av_hr  column-top-margin\" style='border-radius:0px; '><section class=\"av_textblock_section \"  itemscope=\"itemscope\" itemtype=\"https:\/\/schema.org\/BlogPosting\" itemprop=\"blogPost\" ><div class='avia_textblock  '   itemprop=\"text\" ><p style=\"text-align: justify;\">Bastante convencido se encuentra el Consejero Regional por la provincia de Capit\u00e1n Prat, Jorge Abello, de la creaci\u00f3n en la comuna de Villa O\u00b4Higgins de un museo u \u201cObservatorio del Hielo\u201d, instancia que contar\u00eda con el apoyo el Instituto Chileno de Campos de Hielo, pero que a juicio de la autoridad requiere tambi\u00e9n de la colaboraci\u00f3n\u00a0 de la Direcci\u00f3n de Arquitectura del Ministerio de Obras P\u00fablicas.<\/p>\n<p style=\"text-align: justify;\">Seg\u00fan el Consejero, \u201chace a\u00f1os que en Villa O&#8217;Higgins se habla de un Museo o m\u00e1s bien de un Observatorio del Hielo, con la necesidad y finalidad de acercar de forma concreta el conocimiento de los Campos de Hielo y apostando por un lugar que sirva como sala de interpretaci\u00f3n que permita presentar contenido cient\u00edfico sobre hielo\/glaciares de manera educativa, amena e interactiva\u00a0 a la vez\u201d.<\/p>\n<p style=\"text-align: justify;\">\u201cCon el\u00a0 apoyo decidido del Instituto Chileno\u00a0 de Campos de Hielo \u00a0se avanz\u00f3 en un perfil de dise\u00f1o, ahora podr\u00eda sumarse la Direcci\u00f3n de\u00a0 Arquitectura para colaborar con el municipio, y sacar adelante esta iniciativa\u201d, se\u00f1al\u00f3.<\/p>\n<p style=\"text-align: justify;\">Abello agreg\u00f3 que \u201cpara un proyecto de la envergadura proyectada, se requiere de una unidad t\u00e9cnica con amplias capacidades, y en ese sentido, el municipio de O&#8217;Higgins adolece de ellas. Por tanto, estando las voluntades en sinton\u00eda, espero se puedan formalizar y lograr las colaboraciones necesarias desde el equipo municipal, el Instituto Chileno de Campos de Hielo y en lo inmediato pueda sumarse la Direcci\u00f3n de Arquitectura y liderar la formulaci\u00f3n de esta muy relevante iniciativa, que es esperada por la comunidad local\u201d.<\/p>\n<p style=\"text-align: justify;\">\u201cLuego de una conversaci\u00f3n con la Directora de Arquitectura del MOP Regional, Paola Azocar Betancur, me queda una grata y positiva sensaci\u00f3n, siendo altamente probable que el municipio de O&#8217;Higgins formalice traspasar la unidad t\u00e9cnica a Arquitectura, donde ya han existido conversaciones\u201d, se\u00f1al\u00f3 Abello.<\/p>\n<p style=\"text-align: justify;\">Finalmente, el Consejero Abello afirm\u00f3 que, \u201cla expectativa es contar con una nueva atracci\u00f3n tur\u00edstica para la comuna de O&#8217;Higgins, \u00fanica en\u00a0 nuestro pa\u00eds, con similitud al Museo del Hielo Patag\u00f3nico de la vecina localidad del Calafate en Argentina, pero bajo la calificaci\u00f3n de Observatorio del Hielo, que conjugue los conceptos de lo Ind\u00f3mito, lo Din\u00e1mico y la Transparencia, tal como nuestros Campos de Hielo\u201d.<\/p>\n<\/div><\/section><\/div><div  style='height:50px' class='hr hr-invisible   avia-builder-el-6  el_after_av_one_full  el_before_av_social_share '><span class='hr-inner ' ><span class='hr-inner-style'><\/span><\/span><\/div><\/p>\n<div  class='av-social-sharing-box  avia-builder-el-7  el_after_av_hr  el_before_av_hr  '><div class='av-share-box'><h5 class='av-share-link-description av-no-toc '>Compartir esta noticia<\/h5><ul class='av-share-box-list noLightbox'><li class='av-share-link av-social-link-facebook' ><a target=\"_blank\" aria-label=\"Compartir en Facebook\" href='https:\/\/www.facebook.com\/sharer.php?u=https:\/\/radiorevelacionfm.cl\/?p=30262&#038;t=Consejero%20Abello%20resalta%20la%20importancia%20de%20crear%20un%20%E2%80%9CObservatorio%20del%20Hielo%E2%80%9D%20en%20Villa%20O%E2%80%99Higgins' aria-hidden='false' data-av_icon='\ue8f3' data-av_iconfont='entypo-fontello' title='' data-avia-related-tooltip='Compartir en Facebook' rel=\"noopener\"><span class='avia_hidden_link_text'>Compartir en Facebook<\/span><\/a><\/li><li class='av-share-link av-social-link-twitter' ><a target=\"_blank\" aria-label=\"Compartir en Twitter\" href='https:\/\/twitter.com\/share?text=Consejero%20Abello%20resalta%20la%20importancia%20de%20crear%20un%20%E2%80%9CObservatorio%20del%20Hielo%E2%80%9D%20en%20Villa%20O%E2%80%99Higgins&#038;url=https:\/\/radiorevelacionfm.cl\/?p=30262' aria-hidden='false' data-av_icon='\ue8f1' data-av_iconfont='entypo-fontello' title='' data-avia-related-tooltip='Compartir en Twitter' rel=\"noopener\"><span class='avia_hidden_link_text'>Compartir en Twitter<\/span><\/a><\/li><li class='av-share-link av-social-link-whatsapp' ><a target=\"_blank\" aria-label=\"Compartir en Whatsapp\" href='https:\/\/api.whatsapp.com\/send?text=https:\/\/radiorevelacionfm.cl\/?p=30262' aria-hidden='false' data-av_icon='\uf232' data-av_iconfont='entypo-fontello' title='' data-avia-related-tooltip='Compartir en Whatsapp' rel=\"noopener\"><span class='avia_hidden_link_text'>Compartir en Whatsapp<\/span><\/a><\/li><li class='av-share-link av-social-link-linkedin' ><a target=\"_blank\" aria-label=\"Compartir en LinkedIn\" href='https:\/\/linkedin.com\/shareArticle?mini=true&#038;title=Consejero%20Abello%20resalta%20la%20importancia%20de%20crear%20un%20%E2%80%9CObservatorio%20del%20Hielo%E2%80%9D%20en%20Villa%20O%E2%80%99Higgins&#038;url=https:\/\/radiorevelacionfm.cl\/?p=30262' aria-hidden='false' data-av_icon='\ue8fc' data-av_iconfont='entypo-fontello' title='' data-avia-related-tooltip='Compartir en LinkedIn' rel=\"noopener\"><span class='avia_hidden_link_text'>Compartir en LinkedIn<\/span><\/a><\/li><li class='av-share-link av-social-link-mail' ><a  aria-label=\"Compartir por correo\" href='mailto:?subject=Consejero%20Abello%20resalta%20la%20importancia%20de%20crear%20un%20%E2%80%9CObservatorio%20del%20Hielo%E2%80%9D%20en%20Villa%20O%E2%80%99Higgins&#038;body=https:\/\/radiorevelacionfm.cl\/?p=30262' aria-hidden='false' data-av_icon='\ue805' data-av_iconfont='entypo-fontello' title='' data-avia-related-tooltip='Compartir por correo'><span class='avia_hidden_link_text'>Compartir por correo<\/span><\/a><\/li><\/ul><\/div><\/div>\n<div  style='height:50px' class='hr hr-invisible   avia-builder-el-8  el_after_av_social_share  el_before_av_comments_list '><span class='hr-inner ' ><span class='hr-inner-style'><\/span><\/span><\/div>\n<div  class='av-buildercomment  av-blog-meta-html-info-disabled av-blog-meta-tag-disabled  '><\/div>\n","protected":false},"excerpt":{"rendered":"","protected":false},"author":1,"featured_media":30263,"comment_status":"open","ping_status":"open","sticky":false,"template":"","format":"standard","meta":{"footnotes":""},"categories":[38],"tags":[],"class_list":["post-30262","post","type-post","status-publish","format-standard","has-post-thumbnail","hentry","category-regional"],"jetpack_featured_media_url":"https:\/\/radiorevelacionfm.cl\/wp-content\/uploads\/2023\/04\/core-arquitectura-1-1.jpg","_links":{"self":[{"href":"https:\/\/radiorevelacionfm.cl\/index.php?rest_route=\/wp\/v2\/posts\/30262","targetHints":{"allow":["GET"]}}],"collection":[{"href":"https:\/\/radiorevelacionfm.cl\/index.php?rest_route=\/wp\/v2\/posts"}],"about":[{"href":"https:\/\/radiorevelacionfm.cl\/index.php?rest_route=\/wp\/v2\/types\/post"}],"author":[{"embeddable":true,"href":"https:\/\/radiorevelacionfm.cl\/index.php?rest_route=\/wp\/v2\/users\/1"}],"replies":[{"embeddable":true,"href":"https:\/\/radiorevelacionfm.cl\/index.php?rest_route=%2Fwp%2Fv2%2Fcomments&post=30262"}],"version-history":[{"count":1,"href":"https:\/\/radiorevelacionfm.cl\/index.php?rest_route=\/wp\/v2\/posts\/30262\/revisions"}],"predecessor-version":[{"id":30264,"href":"https:\/\/radiorevelacionfm.cl\/index.php?rest_route=\/wp\/v2\/posts\/30262\/revisions\/30264"}],"wp:featuredmedia":[{"embeddable":true,"href":"https:\/\/radiorevelacionfm.cl\/index.php?rest_route=\/wp\/v2\/media\/30263"}],"wp:attachment":[{"href":"https:\/\/radiorevelacionfm.cl\/index.php?rest_route=%2Fwp%2Fv2%2Fmedia&parent=30262"}],"wp:term":[{"taxonomy":"category","embeddable":true,"href":"https:\/\/radiorevelacionfm.cl\/index.php?rest_route=%2Fwp%2Fv2%2Fcategories&post=30262"},{"taxonomy":"post_tag","embeddable":true,"href":"https:\/\/radiorevelacionfm.cl\/index.php?rest_route=%2Fwp%2Fv2%2Ftags&post=30262"}],"curies":[{"name":"wp","href":"https:\/\/api.w.org\/{rel}","templated":true}]}}