{"id":30259,"date":"2023-04-20T16:14:55","date_gmt":"2023-04-20T19:14:55","guid":{"rendered":"https:\/\/radiorevelacionfm.cl\/?p=30259"},"modified":"2023-04-20T16:14:55","modified_gmt":"2023-04-20T19:14:55","slug":"tres-escuelas-municipalizadas-ayseninas-contaran-por-primera-vez-con-internet-satelital","status":"publish","type":"post","link":"https:\/\/radiorevelacionfm.cl\/?p=30259","title":{"rendered":"Tres escuelas municipalizadas ayseninas contar\u00e1n por primera vez con internet satelital"},"content":{"rendered":"<div class=\"flex_column av_one_full  flex_column_div av-zero-column-padding first  avia-builder-el-0  el_before_av_one_full  avia-builder-el-first  \" style='border-radius:0px; '><div  class='avia-image-container  av-styling-    avia-builder-el-1  avia-builder-el-no-sibling  avia-align-center '  itemprop=\"image\" itemscope=\"itemscope\" itemtype=\"https:\/\/schema.org\/ImageObject\"  ><div class='avia-image-container-inner'><div class='avia-image-overlay-wrap'><img decoding=\"async\" class='wp-image-30260 avia-img-lazy-loading-not-30260 avia_image' src=\"https:\/\/radiorevelacionfm.cl\/wp-content\/uploads\/2023\/04\/341182345_916497846269281_6872940164929703742_n-1-1_optimized-1.jpg\" alt='' title='341182345_916497846269281_6872940164929703742_n-(1)-(1)_optimized (1)' height=\"600\" width=\"874\"  itemprop=\"thumbnailUrl\" srcset=\"https:\/\/radiorevelacionfm.cl\/wp-content\/uploads\/2023\/04\/341182345_916497846269281_6872940164929703742_n-1-1_optimized-1.jpg 874w, https:\/\/radiorevelacionfm.cl\/wp-content\/uploads\/2023\/04\/341182345_916497846269281_6872940164929703742_n-1-1_optimized-1-300x206.jpg 300w, https:\/\/radiorevelacionfm.cl\/wp-content\/uploads\/2023\/04\/341182345_916497846269281_6872940164929703742_n-1-1_optimized-1-768x527.jpg 768w, https:\/\/radiorevelacionfm.cl\/wp-content\/uploads\/2023\/04\/341182345_916497846269281_6872940164929703742_n-1-1_optimized-1-705x484.jpg 705w, https:\/\/radiorevelacionfm.cl\/wp-content\/uploads\/2023\/04\/341182345_916497846269281_6872940164929703742_n-1-1_optimized-1-450x309.jpg 450w, https:\/\/radiorevelacionfm.cl\/wp-content\/uploads\/2023\/04\/341182345_916497846269281_6872940164929703742_n-1-1_optimized-1-600x412.jpg 600w\" sizes=\"(max-width: 874px) 100vw, 874px\" \/><\/div><\/div><\/div><\/div><div class=\"flex_column av_one_full  flex_column_div av-zero-column-padding first  avia-builder-el-2  el_after_av_one_full  el_before_av_one_full  column-top-margin\" style='border-radius:0px; '><section class=\"av_textblock_section \"  itemscope=\"itemscope\" itemtype=\"https:\/\/schema.org\/BlogPosting\" itemprop=\"blogPost\" ><div class='avia_textblock  '   itemprop=\"text\" ><p style=\"text-align: center;\"><strong><span style=\"font-size: 18pt;\">Tres escuelas municipalizadas ayseninas contar\u00e1n por primera vez con internet satelital <\/span><\/strong><\/p>\n<div id=\"gtx-trans\" style=\"position: absolute; left: -50px; top: 4.31534px;\">\n<div class=\"gtx-trans-icon\"><\/div>\n<\/div>\n<\/div><\/section><\/div><div class=\"flex_column av_one_full  flex_column_div av-zero-column-padding first  avia-builder-el-4  el_after_av_one_full  el_before_av_hr  column-top-margin\" style='border-radius:0px; '><section class=\"av_textblock_section \"  itemscope=\"itemscope\" itemtype=\"https:\/\/schema.org\/BlogPosting\" itemprop=\"blogPost\" ><div class='avia_textblock  '   itemprop=\"text\" ><p style=\"text-align: justify;\">Acceder a plataformas de educaci\u00f3n en l\u00ednea, investigar y recolectar informaci\u00f3n para proyectos cient\u00edficos o, incluso, buscar alternativas de educaci\u00f3n superior son algunas de las tareas que las y los estudiantes de tres escuelas de Ays\u00e9n podr\u00e1n realizar, gracias a la donaci\u00f3n hecha por Starlink a UnlimitED, un proyecto de Ense\u00f1a Chile.<\/p>\n<p style=\"text-align: justify;\">En una ceremonia realizada durante el Concejo Municipal por el alcalde, Julio Uribe, representantes de la Direcci\u00f3n de Educaci\u00f3n Municipal, la Fundaci\u00f3n Ense\u00f1a Chile y directores de los establecimientos beneficiados, se efectu\u00f3 la firma de convenio que permitir\u00e1 proveer durante dos a\u00f1os de internet de alta velocidad a m\u00e1s de 200 estudiantes y 50 docentes de la regi\u00f3n.<\/p>\n<p style=\"text-align: justify;\">La donaci\u00f3n, que favorecer\u00e1 al liceo Islas Huichas y la escuela Carlos Condell, ambas de Islas Huichas; y la escuela Almirante Simpson, en Puerto Chacabuco; cuenta adem\u00e1s con un componente educativo, que incluye el acompa\u00f1amiento en la transformaci\u00f3n digital de las aulas, la formaci\u00f3n docente y el desarrollo de habilidades, as\u00ed como el fomento lector de los estudiantes. Lo anterior, con el objetivo de mejorar la calidad de la educaci\u00f3n y entregar m\u00e1s oportunidades a ni\u00f1as, ni\u00f1os y adolescentes.<\/p>\n<p style=\"text-align: justify;\">Tom\u00e1s Recart, director ejecutivo de Ense\u00f1a Chile, destac\u00f3 los beneficios del proyecto y su potencial de expansi\u00f3n. \u201cEl acceso a herramientas digitales entrega a los estudiantes y profesores nuevas formas de trabajar en equipo, aumenta su autonom\u00eda y curiosidad y adem\u00e1s fomenta el autoaprendizaje. Esta donaci\u00f3n nos permitir\u00e1 hacer una diferencia enorme en la vida de las ni\u00f1as, ni\u00f1os y docentes beneficiados\u201d, agreg\u00f3.<\/p>\n<p style=\"text-align: justify;\">Por su parte, el alcalde de la comuna, Julio Uribe, relev\u00f3 el impacto de la donaci\u00f3n se\u00f1alando que \u201cmejorar la conectividad en las localidades m\u00e1s aisladas de la comuna es un sue\u00f1o que ten\u00edamos, y hoy a trav\u00e9s de este convenio con Ense\u00f1a Chile podremos, sin duda, entregar m\u00e1s y mejores herramientas a nuestros estudiantes. Esperamos poder seguir haciendo este tipo de gestiones para mejorar estas brechas tan gigantes entre unos y otros, y as\u00ed mejorar la educaci\u00f3n\u201d.<\/p>\n<p style=\"text-align: justify;\">Alejandro Gallardo, director de la escuela Almirante Simpson, de Puerto Chacabuco, agradeci\u00f3 la donaci\u00f3n a su comunidad educativa, indicando que \u201cestamos muy contentos como escuela porque si bien uno de los puntos de este proyecto es mejorar la conectividad, tambi\u00e9n lo esencial es la alianza con Ense\u00f1a Chile, que nos va a permitir fortalecer los aprendizajes, a trav\u00e9s de talleres, capacitaciones y actividades tanto con los estudiantes, como con los profesionales de nuestra escuela. As\u00ed muy agradecidos por ser parte de esta iniciativa\u201d.<\/p>\n<p style=\"text-align: justify;\"><strong>Sobre Ense\u00f1a Chile y UnlimitED <\/strong><\/p>\n<p style=\"text-align: justify;\">Es una Fundaci\u00f3n sin fines de lucro con 15 a\u00f1os trabajando en red y desde el terreno para que ni\u00f1as, ni\u00f1os y j\u00f3venes reciban educaci\u00f3n de calidad. Para ello busca construir una red amplia de l\u00edderes comprometidos con impactar Chile desde la sala de clases y luego desde diversas \u00e1reas del sistema educacional. El trabajo se centra en estudiantes, docentes y equipos directivos a trav\u00e9s de tres programas: forma y acompa\u00f1a a docentes pedagogos y no pedagogos para que transformen sus salas de clases y luego, en red, puedan hacerse cargo desde distintas \u00e1reas y posiciones de los cambios que el sistema necesita. Tambi\u00e9n asesora a l\u00edderes escolares y equipos directivos para que construyan ambientes que potencien la gesti\u00f3n, el liderazgo y el aprendizaje continuo. Y, finalmente, crear recursos pedag\u00f3gicos motivantes para que las y los estudiantes vivan la pasi\u00f3n por aprender.<\/p>\n<\/div><\/section><\/div><div  style='height:50px' class='hr hr-invisible   avia-builder-el-6  el_after_av_one_full  el_before_av_social_share '><span class='hr-inner ' ><span class='hr-inner-style'><\/span><\/span><\/div><\/p>\n<div  class='av-social-sharing-box  avia-builder-el-7  el_after_av_hr  el_before_av_hr  '><div class='av-share-box'><h5 class='av-share-link-description av-no-toc '>Compartir esta noticia<\/h5><ul class='av-share-box-list noLightbox'><li class='av-share-link av-social-link-facebook' ><a target=\"_blank\" aria-label=\"Compartir en Facebook\" href='https:\/\/www.facebook.com\/sharer.php?u=https:\/\/radiorevelacionfm.cl\/?p=30259&#038;t=Tres%20escuelas%20municipalizadas%20ayseninas%20contar%C3%A1n%20por%20primera%20vez%20con%20internet%20satelital' aria-hidden='false' data-av_icon='\ue8f3' data-av_iconfont='entypo-fontello' title='' data-avia-related-tooltip='Compartir en Facebook' rel=\"noopener\"><span class='avia_hidden_link_text'>Compartir en Facebook<\/span><\/a><\/li><li class='av-share-link av-social-link-twitter' ><a target=\"_blank\" aria-label=\"Compartir en Twitter\" href='https:\/\/twitter.com\/share?text=Tres%20escuelas%20municipalizadas%20ayseninas%20contar%C3%A1n%20por%20primera%20vez%20con%20internet%20satelital&#038;url=https:\/\/radiorevelacionfm.cl\/?p=30259' aria-hidden='false' data-av_icon='\ue8f1' data-av_iconfont='entypo-fontello' title='' data-avia-related-tooltip='Compartir en Twitter' rel=\"noopener\"><span class='avia_hidden_link_text'>Compartir en Twitter<\/span><\/a><\/li><li class='av-share-link av-social-link-whatsapp' ><a target=\"_blank\" aria-label=\"Compartir en Whatsapp\" href='https:\/\/api.whatsapp.com\/send?text=https:\/\/radiorevelacionfm.cl\/?p=30259' aria-hidden='false' data-av_icon='\uf232' data-av_iconfont='entypo-fontello' title='' data-avia-related-tooltip='Compartir en Whatsapp' rel=\"noopener\"><span class='avia_hidden_link_text'>Compartir en Whatsapp<\/span><\/a><\/li><li class='av-share-link av-social-link-linkedin' ><a target=\"_blank\" aria-label=\"Compartir en LinkedIn\" href='https:\/\/linkedin.com\/shareArticle?mini=true&#038;title=Tres%20escuelas%20municipalizadas%20ayseninas%20contar%C3%A1n%20por%20primera%20vez%20con%20internet%20satelital&#038;url=https:\/\/radiorevelacionfm.cl\/?p=30259' aria-hidden='false' data-av_icon='\ue8fc' data-av_iconfont='entypo-fontello' title='' data-avia-related-tooltip='Compartir en LinkedIn' rel=\"noopener\"><span class='avia_hidden_link_text'>Compartir en LinkedIn<\/span><\/a><\/li><li class='av-share-link av-social-link-mail' ><a  aria-label=\"Compartir por correo\" href='mailto:?subject=Tres%20escuelas%20municipalizadas%20ayseninas%20contar%C3%A1n%20por%20primera%20vez%20con%20internet%20satelital&#038;body=https:\/\/radiorevelacionfm.cl\/?p=30259' aria-hidden='false' data-av_icon='\ue805' data-av_iconfont='entypo-fontello' title='' data-avia-related-tooltip='Compartir por correo'><span class='avia_hidden_link_text'>Compartir por correo<\/span><\/a><\/li><\/ul><\/div><\/div>\n<div  style='height:50px' class='hr hr-invisible   avia-builder-el-8  el_after_av_social_share  el_before_av_comments_list '><span class='hr-inner ' ><span class='hr-inner-style'><\/span><\/span><\/div>\n<div  class='av-buildercomment  av-blog-meta-html-info-disabled av-blog-meta-tag-disabled  '><\/div>\n","protected":false},"excerpt":{"rendered":"","protected":false},"author":1,"featured_media":30260,"comment_status":"open","ping_status":"open","sticky":false,"template":"","format":"standard","meta":{"footnotes":""},"categories":[38],"tags":[],"class_list":["post-30259","post","type-post","status-publish","format-standard","has-post-thumbnail","hentry","category-regional"],"jetpack_featured_media_url":"https:\/\/radiorevelacionfm.cl\/wp-content\/uploads\/2023\/04\/341182345_916497846269281_6872940164929703742_n-1-1_optimized-1.jpg","_links":{"self":[{"href":"https:\/\/radiorevelacionfm.cl\/index.php?rest_route=\/wp\/v2\/posts\/30259","targetHints":{"allow":["GET"]}}],"collection":[{"href":"https:\/\/radiorevelacionfm.cl\/index.php?rest_route=\/wp\/v2\/posts"}],"about":[{"href":"https:\/\/radiorevelacionfm.cl\/index.php?rest_route=\/wp\/v2\/types\/post"}],"author":[{"embeddable":true,"href":"https:\/\/radiorevelacionfm.cl\/index.php?rest_route=\/wp\/v2\/users\/1"}],"replies":[{"embeddable":true,"href":"https:\/\/radiorevelacionfm.cl\/index.php?rest_route=%2Fwp%2Fv2%2Fcomments&post=30259"}],"version-history":[{"count":1,"href":"https:\/\/radiorevelacionfm.cl\/index.php?rest_route=\/wp\/v2\/posts\/30259\/revisions"}],"predecessor-version":[{"id":30261,"href":"https:\/\/radiorevelacionfm.cl\/index.php?rest_route=\/wp\/v2\/posts\/30259\/revisions\/30261"}],"wp:featuredmedia":[{"embeddable":true,"href":"https:\/\/radiorevelacionfm.cl\/index.php?rest_route=\/wp\/v2\/media\/30260"}],"wp:attachment":[{"href":"https:\/\/radiorevelacionfm.cl\/index.php?rest_route=%2Fwp%2Fv2%2Fmedia&parent=30259"}],"wp:term":[{"taxonomy":"category","embeddable":true,"href":"https:\/\/radiorevelacionfm.cl\/index.php?rest_route=%2Fwp%2Fv2%2Fcategories&post=30259"},{"taxonomy":"post_tag","embeddable":true,"href":"https:\/\/radiorevelacionfm.cl\/index.php?rest_route=%2Fwp%2Fv2%2Ftags&post=30259"}],"curies":[{"name":"wp","href":"https:\/\/api.w.org\/{rel}","templated":true}]}}