{"id":30251,"date":"2023-04-20T12:17:10","date_gmt":"2023-04-20T15:17:10","guid":{"rendered":"https:\/\/radiorevelacionfm.cl\/?p=30251"},"modified":"2023-04-20T12:17:10","modified_gmt":"2023-04-20T15:17:10","slug":"titulares-de-derechos-de-aguas-subterraneas-de-la-region-de-aysen-deberan-sumarse-al-sistema-de-monitoreo-de-extracciones-efectivas-de-la-dga","status":"publish","type":"post","link":"https:\/\/radiorevelacionfm.cl\/?p=30251","title":{"rendered":"Titulares de derechos de aguas subterr\u00e1neas de la regi\u00f3n de Ays\u00e9n deber\u00e1n sumarse al sistema de monitoreo de extracciones efectivas de la DGA"},"content":{"rendered":"<div class=\"flex_column av_one_full  flex_column_div av-zero-column-padding first  avia-builder-el-0  el_before_av_one_full  avia-builder-el-first  \" style='border-radius:0px; '><div  class='avia-image-container  av-styling-    avia-builder-el-1  avia-builder-el-no-sibling  avia-align-center '  itemprop=\"image\" itemscope=\"itemscope\" itemtype=\"https:\/\/schema.org\/ImageObject\"  ><div class='avia-image-container-inner'><div class='avia-image-overlay-wrap'><img decoding=\"async\" class='wp-image-30252 avia-img-lazy-loading-not-30252 avia_image' src=\"https:\/\/radiorevelacionfm.cl\/wp-content\/uploads\/2023\/04\/pozo-de-aguas-subterraneas-1-1_optimized-1.jpeg\" alt='' title='pozo-de-aguas-subterr\u00e1neas-(1)-(1)_optimized (1)' height=\"600\" width=\"907\"  itemprop=\"thumbnailUrl\" srcset=\"https:\/\/radiorevelacionfm.cl\/wp-content\/uploads\/2023\/04\/pozo-de-aguas-subterraneas-1-1_optimized-1.jpeg 907w, https:\/\/radiorevelacionfm.cl\/wp-content\/uploads\/2023\/04\/pozo-de-aguas-subterraneas-1-1_optimized-1-300x198.jpeg 300w, https:\/\/radiorevelacionfm.cl\/wp-content\/uploads\/2023\/04\/pozo-de-aguas-subterraneas-1-1_optimized-1-768x508.jpeg 768w, https:\/\/radiorevelacionfm.cl\/wp-content\/uploads\/2023\/04\/pozo-de-aguas-subterraneas-1-1_optimized-1-705x466.jpeg 705w, https:\/\/radiorevelacionfm.cl\/wp-content\/uploads\/2023\/04\/pozo-de-aguas-subterraneas-1-1_optimized-1-450x298.jpeg 450w, https:\/\/radiorevelacionfm.cl\/wp-content\/uploads\/2023\/04\/pozo-de-aguas-subterraneas-1-1_optimized-1-600x397.jpeg 600w\" sizes=\"(max-width: 907px) 100vw, 907px\" \/><\/div><\/div><\/div><\/div><div class=\"flex_column av_one_full  flex_column_div av-zero-column-padding first  avia-builder-el-2  el_after_av_one_full  el_before_av_one_full  column-top-margin\" style='border-radius:0px; '><section class=\"av_textblock_section \"  itemscope=\"itemscope\" itemtype=\"https:\/\/schema.org\/BlogPosting\" itemprop=\"blogPost\" ><div class='avia_textblock  '   itemprop=\"text\" ><p style=\"text-align: center;\"><span style=\"font-size: 18pt;\"><strong>Titulares de derechos de aguas subterr\u00e1neas de la regi\u00f3n de Ays\u00e9n deber\u00e1n sumarse al sistema de monitoreo de extracciones efectivas de la DGA<\/strong><\/span><\/p>\n<div id=\"gtx-trans\" style=\"position: absolute; left: -50px; top: 4.31534px;\">\n<div class=\"gtx-trans-icon\"><\/div>\n<\/div>\n<\/div><\/section><\/div><div class=\"flex_column av_one_full  flex_column_div av-zero-column-padding first  avia-builder-el-4  el_after_av_one_full  el_before_av_hr  column-top-margin\" style='border-radius:0px; '><section class=\"av_textblock_section \"  itemscope=\"itemscope\" itemtype=\"https:\/\/schema.org\/BlogPosting\" itemprop=\"blogPost\" ><div class='avia_textblock  '   itemprop=\"text\" ><p style=\"text-align: justify;\"><em>Resoluci\u00f3n que as\u00ed lo ordena se public\u00f3 este s\u00e1bado 15 de abril en el Diario Oficial. Durante el 2022 se implement\u00f3 la medida en forma paulatina para los titulares de aguas superficiales. <\/em><\/p>\n<p style=\"text-align: justify;\">Como una forma de verificar que las aguas extra\u00eddas coincidan efectivamente con el derecho de aprovechamiento de agua otorgado y conocer la disponibilidad del recurso h\u00eddrico, la Direcci\u00f3n General de Aguas del Ministerio de Obras P\u00fablicas desde el 2019 comenz\u00f3 la implementaci\u00f3n del sistema de monitoreo de extracciones efectivas (MEE) para aguas superficiales y subterr\u00e1neas en todo el pa\u00eds; sin embargo, reci\u00e9n el a\u00f1o 2022 la Regi\u00f3n de Ays\u00e9n se incorpor\u00f3 al sistema de MEE en lo que respecta a aguas superficiales y desde este s\u00e1bado 15 de abril, se suman las aguas subterr\u00e1neas.<\/p>\n<p style=\"text-align: justify;\">El Director Regional de Aguas del MOP Ays\u00e9n, H\u00e9ctor Cort\u00e9s Gaete, inform\u00f3 que este sistema consiste en la instalaci\u00f3n de medidores que permitan a la DGA hacer dicha verificaci\u00f3n, lo cual se ha ido implementando paulatinamente en las cuencas de la regi\u00f3n desde 2022. Resalt\u00f3 que desde este mes se deber\u00e1n incorporar las y los usuarios de aguas subterr\u00e1neas con puntos de captaci\u00f3n en toda la Regi\u00f3n de Ays\u00e9n, seg\u00fan indica la resoluci\u00f3n publicada el 15 de abril en el Diario Oficial que ordena instalar y mantener sistemas de medici\u00f3n y de transmisi\u00f3n de extracciones efectivas.<\/p>\n<p style=\"text-align: justify;\">En el caso de aguas superficiales, desde 2022 la medida estaba vigente para la cuenca del r\u00edo Pascua, cuenca costera e islas entre r\u00edo Palena y r\u00edo Ays\u00e9n, cuenca archipi\u00e9lago de Las Guaitecas y de Los Chonos, cuenca r\u00edo Ays\u00e9n, cuenca costera e islas entre r\u00edo Ays\u00e9n y r\u00edo Baker y canal General Mart\u00ednez, cuenca r\u00edo Baker, cuenca costera e islas entre r\u00edo Baker y r\u00edo Pascua, cuenca costera entre r\u00edo Pascua l\u00edmite regi\u00f3n archipi\u00e9lago Guayeco, y cuenca r\u00edo Palena y costera l\u00edmite regi\u00f3n de Los Lagos.<\/p>\n<p style=\"text-align: justify;\">Mientras que en aguas subterr\u00e1neas, la obligaci\u00f3n de sumarse al monitoreo de extracciones efectivas rige a contar del 15 de abril de este a\u00f1o, estableciendo plazos y est\u00e1ndares para la instalaci\u00f3n del dispositivo correspondiente y la posterior transmisi\u00f3n de los datos.<\/p>\n<p style=\"text-align: justify;\">\u201cLa resoluci\u00f3n define las condiciones t\u00e9cnicas para el sistema de medici\u00f3n, sistema de transmisi\u00f3n, mantenci\u00f3n y falla de los sistemas; niveles de exigencia seg\u00fan los caudales otorgados que var\u00edan desde peque\u00f1o, menor, medio y mayor; y plazos para inscribir la obra en el sistema y comenzar a transmitir la informaci\u00f3n\u201d, coment\u00f3 el director regional de Aguas.<\/p>\n<p style=\"text-align: justify;\">Los plazos para instalar el sistema de medici\u00f3n y registrar la obra de captaci\u00f3n en el software DGA de MEE var\u00eda entre 24 y 4 meses seg\u00fan el caudal y adem\u00e1s, hay un plazo para realizar la instalaci\u00f3n del sistema de transmisi\u00f3n y comenzar las transmisiones, que fluct\u00faa entre 30 y 5 meses.<\/p>\n<p style=\"text-align: justify;\">Cort\u00e9s indic\u00f3 que en lo inmediato, quienes deseen conocer sobre MEE de aguas subterr\u00e1neas podr\u00e1n participar de la capacitaci\u00f3n online que se realizar\u00e1 a nivel nacional el 27 de abril e igualmente habr\u00e1 una capacitaci\u00f3n de MEE de aguas superficiales, el 28 de abril. Ambas instancias se realizar\u00e1n de 11 a 12 horas, y la inscripci\u00f3n se debe hacer en la secci\u00f3n \u00abJornadas de capacitaci\u00f3n\u00bb del banner de MEE de la p\u00e1gina web DGA <a href=\"https:\/\/dga.mop.gob.cl\/\">https:\/\/dga.mop.gob.cl\/<\/a>.<\/p>\n<p style=\"text-align: justify;\">Link de inscripci\u00f3n para capacitaci\u00f3n MEE de aguas subterr\u00e1neas el 27 de abril: <a href=\"https:\/\/docs.google.com\/forms\/d\/e\/1FAIpQLSemw8AJ2dAyXoeqTvyFKWzZfhQw9y-6frKI3DOUHhmpi4EUGw\/viewform\">https:\/\/docs.google.com\/forms\/d\/e\/1FAIpQLSemw8AJ2dAyXoeqTvyFKWzZfhQw9y-6frKI3DOUHhmpi4EUGw\/viewform<\/a><\/p>\n<\/div><\/section><\/div><div  style='height:50px' class='hr hr-invisible   avia-builder-el-6  el_after_av_one_full  el_before_av_social_share '><span class='hr-inner ' ><span class='hr-inner-style'><\/span><\/span><\/div><\/p>\n<div  class='av-social-sharing-box  avia-builder-el-7  el_after_av_hr  el_before_av_hr  '><div class='av-share-box'><h5 class='av-share-link-description av-no-toc '>Compartir esta noticia<\/h5><ul class='av-share-box-list noLightbox'><li class='av-share-link av-social-link-facebook' ><a target=\"_blank\" aria-label=\"Compartir en Facebook\" href='https:\/\/www.facebook.com\/sharer.php?u=https:\/\/radiorevelacionfm.cl\/?p=30251&#038;t=Titulares%20de%20derechos%20de%20aguas%20subterr%C3%A1neas%20de%20la%20regi%C3%B3n%20de%20Ays%C3%A9n%20deber%C3%A1n%20sumarse%20al%20sistema%20de%20monitoreo%20de%20extracciones%20efectivas%20de%20la%20DGA' aria-hidden='false' data-av_icon='\ue8f3' data-av_iconfont='entypo-fontello' title='' data-avia-related-tooltip='Compartir en Facebook' rel=\"noopener\"><span class='avia_hidden_link_text'>Compartir en Facebook<\/span><\/a><\/li><li class='av-share-link av-social-link-twitter' ><a target=\"_blank\" aria-label=\"Compartir en Twitter\" href='https:\/\/twitter.com\/share?text=Titulares%20de%20derechos%20de%20aguas%20subterr%C3%A1neas%20de%20la%20regi%C3%B3n%20de%20Ays%C3%A9n%20deber%C3%A1n%20sumarse%20al%20sistema%20de%20monitoreo%20de%20extracciones%20efectivas%20de%20la%20DGA&#038;url=https:\/\/radiorevelacionfm.cl\/?p=30251' aria-hidden='false' data-av_icon='\ue8f1' data-av_iconfont='entypo-fontello' title='' data-avia-related-tooltip='Compartir en Twitter' rel=\"noopener\"><span class='avia_hidden_link_text'>Compartir en Twitter<\/span><\/a><\/li><li class='av-share-link av-social-link-whatsapp' ><a target=\"_blank\" aria-label=\"Compartir en Whatsapp\" href='https:\/\/api.whatsapp.com\/send?text=https:\/\/radiorevelacionfm.cl\/?p=30251' aria-hidden='false' data-av_icon='\uf232' data-av_iconfont='entypo-fontello' title='' data-avia-related-tooltip='Compartir en Whatsapp' rel=\"noopener\"><span class='avia_hidden_link_text'>Compartir en Whatsapp<\/span><\/a><\/li><li class='av-share-link av-social-link-linkedin' ><a target=\"_blank\" aria-label=\"Compartir en LinkedIn\" href='https:\/\/linkedin.com\/shareArticle?mini=true&#038;title=Titulares%20de%20derechos%20de%20aguas%20subterr%C3%A1neas%20de%20la%20regi%C3%B3n%20de%20Ays%C3%A9n%20deber%C3%A1n%20sumarse%20al%20sistema%20de%20monitoreo%20de%20extracciones%20efectivas%20de%20la%20DGA&#038;url=https:\/\/radiorevelacionfm.cl\/?p=30251' aria-hidden='false' data-av_icon='\ue8fc' data-av_iconfont='entypo-fontello' title='' data-avia-related-tooltip='Compartir en LinkedIn' rel=\"noopener\"><span class='avia_hidden_link_text'>Compartir en LinkedIn<\/span><\/a><\/li><li class='av-share-link av-social-link-mail' ><a  aria-label=\"Compartir por correo\" href='mailto:?subject=Titulares%20de%20derechos%20de%20aguas%20subterr%C3%A1neas%20de%20la%20regi%C3%B3n%20de%20Ays%C3%A9n%20deber%C3%A1n%20sumarse%20al%20sistema%20de%20monitoreo%20de%20extracciones%20efectivas%20de%20la%20DGA&#038;body=https:\/\/radiorevelacionfm.cl\/?p=30251' aria-hidden='false' data-av_icon='\ue805' data-av_iconfont='entypo-fontello' title='' data-avia-related-tooltip='Compartir por correo'><span class='avia_hidden_link_text'>Compartir por correo<\/span><\/a><\/li><\/ul><\/div><\/div>\n<div  style='height:50px' class='hr hr-invisible   avia-builder-el-8  el_after_av_social_share  el_before_av_comments_list '><span class='hr-inner ' ><span class='hr-inner-style'><\/span><\/span><\/div>\n<div  class='av-buildercomment  av-blog-meta-html-info-disabled av-blog-meta-tag-disabled  '><\/div>\n","protected":false},"excerpt":{"rendered":"","protected":false},"author":1,"featured_media":30252,"comment_status":"open","ping_status":"open","sticky":false,"template":"","format":"standard","meta":{"footnotes":""},"categories":[38],"tags":[],"class_list":["post-30251","post","type-post","status-publish","format-standard","has-post-thumbnail","hentry","category-regional"],"jetpack_featured_media_url":"https:\/\/radiorevelacionfm.cl\/wp-content\/uploads\/2023\/04\/pozo-de-aguas-subterraneas-1-1_optimized-1.jpeg","_links":{"self":[{"href":"https:\/\/radiorevelacionfm.cl\/index.php?rest_route=\/wp\/v2\/posts\/30251","targetHints":{"allow":["GET"]}}],"collection":[{"href":"https:\/\/radiorevelacionfm.cl\/index.php?rest_route=\/wp\/v2\/posts"}],"about":[{"href":"https:\/\/radiorevelacionfm.cl\/index.php?rest_route=\/wp\/v2\/types\/post"}],"author":[{"embeddable":true,"href":"https:\/\/radiorevelacionfm.cl\/index.php?rest_route=\/wp\/v2\/users\/1"}],"replies":[{"embeddable":true,"href":"https:\/\/radiorevelacionfm.cl\/index.php?rest_route=%2Fwp%2Fv2%2Fcomments&post=30251"}],"version-history":[{"count":1,"href":"https:\/\/radiorevelacionfm.cl\/index.php?rest_route=\/wp\/v2\/posts\/30251\/revisions"}],"predecessor-version":[{"id":30253,"href":"https:\/\/radiorevelacionfm.cl\/index.php?rest_route=\/wp\/v2\/posts\/30251\/revisions\/30253"}],"wp:featuredmedia":[{"embeddable":true,"href":"https:\/\/radiorevelacionfm.cl\/index.php?rest_route=\/wp\/v2\/media\/30252"}],"wp:attachment":[{"href":"https:\/\/radiorevelacionfm.cl\/index.php?rest_route=%2Fwp%2Fv2%2Fmedia&parent=30251"}],"wp:term":[{"taxonomy":"category","embeddable":true,"href":"https:\/\/radiorevelacionfm.cl\/index.php?rest_route=%2Fwp%2Fv2%2Fcategories&post=30251"},{"taxonomy":"post_tag","embeddable":true,"href":"https:\/\/radiorevelacionfm.cl\/index.php?rest_route=%2Fwp%2Fv2%2Ftags&post=30251"}],"curies":[{"name":"wp","href":"https:\/\/api.w.org\/{rel}","templated":true}]}}