{"id":30248,"date":"2023-04-20T22:08:52","date_gmt":"2023-04-21T01:08:52","guid":{"rendered":"https:\/\/radiorevelacionfm.cl\/?p=30248"},"modified":"2023-04-20T22:08:52","modified_gmt":"2023-04-21T01:08:52","slug":"servicio-de-proteccion-especializada-realiza-primer-encuentro-intersectorial","status":"publish","type":"post","link":"https:\/\/radiorevelacionfm.cl\/?p=30248","title":{"rendered":"Servicio de Protecci\u00f3n Especializada realiza primer encuentro intersectorial"},"content":{"rendered":"<div class=\"flex_column av_one_full  flex_column_div av-zero-column-padding first  avia-builder-el-0  el_before_av_one_full  avia-builder-el-first  \" style='border-radius:0px; '><div  class='avia-image-container  av-styling-    avia-builder-el-1  avia-builder-el-no-sibling  avia-align-center '  itemprop=\"image\" itemscope=\"itemscope\" itemtype=\"https:\/\/schema.org\/ImageObject\"  ><div class='avia-image-container-inner'><div class='avia-image-overlay-wrap'><img decoding=\"async\" class='wp-image-30249 avia-img-lazy-loading-not-30249 avia_image' src=\"https:\/\/radiorevelacionfm.cl\/wp-content\/uploads\/2023\/04\/2-2023-04-20T100512.349-1-1.jpg\" alt='' title='2 - 2023-04-20T100512.349 (1) (1)' height=\"600\" width=\"1116\"  itemprop=\"thumbnailUrl\" srcset=\"https:\/\/radiorevelacionfm.cl\/wp-content\/uploads\/2023\/04\/2-2023-04-20T100512.349-1-1.jpg 1116w, https:\/\/radiorevelacionfm.cl\/wp-content\/uploads\/2023\/04\/2-2023-04-20T100512.349-1-1-300x161.jpg 300w, https:\/\/radiorevelacionfm.cl\/wp-content\/uploads\/2023\/04\/2-2023-04-20T100512.349-1-1-1030x554.jpg 1030w, https:\/\/radiorevelacionfm.cl\/wp-content\/uploads\/2023\/04\/2-2023-04-20T100512.349-1-1-768x413.jpg 768w, https:\/\/radiorevelacionfm.cl\/wp-content\/uploads\/2023\/04\/2-2023-04-20T100512.349-1-1-705x379.jpg 705w, https:\/\/radiorevelacionfm.cl\/wp-content\/uploads\/2023\/04\/2-2023-04-20T100512.349-1-1-450x242.jpg 450w, https:\/\/radiorevelacionfm.cl\/wp-content\/uploads\/2023\/04\/2-2023-04-20T100512.349-1-1-600x323.jpg 600w\" sizes=\"(max-width: 1116px) 100vw, 1116px\" \/><\/div><\/div><\/div><\/div><div class=\"flex_column av_one_full  flex_column_div av-zero-column-padding first  avia-builder-el-2  el_after_av_one_full  el_before_av_one_full  column-top-margin\" style='border-radius:0px; '><section class=\"av_textblock_section \"  itemscope=\"itemscope\" itemtype=\"https:\/\/schema.org\/BlogPosting\" itemprop=\"blogPost\" ><div class='avia_textblock  '   itemprop=\"text\" ><p style=\"text-align: center;\"><span style=\"font-size: 18pt;\"><b>Servicio de Protecci\u00f3n Especializada realiza primer encuentro intersectorial<\/b><\/span><\/p>\n<div id=\"gtx-trans\" style=\"position: absolute; left: -50px; top: 4.31534px;\">\n<div class=\"gtx-trans-icon\"><\/div>\n<\/div>\n<\/div><\/section><\/div><div class=\"flex_column av_one_full  flex_column_div av-zero-column-padding first  avia-builder-el-4  el_after_av_one_full  el_before_av_hr  column-top-margin\" style='border-radius:0px; '><section class=\"av_textblock_section \"  itemscope=\"itemscope\" itemtype=\"https:\/\/schema.org\/BlogPosting\" itemprop=\"blogPost\" ><div class='avia_textblock  '   itemprop=\"text\" ><p style=\"font-weight: 400; text-align: justify;\">Entendiendo la relevancia e importancia que tiene avanzar en la coordinaci\u00f3n intersectorial para acercar las pol\u00edticas p\u00fablicas disponibles en nuestra regi\u00f3n de parte del Estado a los ni\u00f1os, ni\u00f1as y adolescentes, la direcci\u00f3n regional del Servicio Nacional de Protecci\u00f3n Especializada a la Ni\u00f1ez y Adolescencia organiz\u00f3 la primera \u00abJornada Intersectorial 2023\u00bb.<\/p>\n<p style=\"font-weight: 400; text-align: justify;\">En dicha instancia donde estuvieron presentes profesionales de los organismos colaboradores acreditados, de las residencias y funcionarios de los diversos estamentos p\u00fablicos, se abordaron en detalle el contenido de los convenios nacionales y regionales suscritos desde el Servicio de Protecci\u00f3n Especializada (SPE).<\/p>\n<p style=\"font-weight: 400; text-align: justify;\">Al respecto el director regional de dicho organismo (SPE) Sergio Becerra, se\u00f1al\u00f3 que \u201cdise\u00f1amos este espacio de informaci\u00f3n acerca de las diversas acciones que se realizan en favor de un ni\u00f1o, ni\u00f1a y adolescente cuando un caso requiera de la atenci\u00f3n de m\u00e1s de un organismo del Estado. Se explicaron los diversos protocolos, flujos de informaci\u00f3n y diversas maneras de operar. Todo lo anterior con la finalidad de acercar la oferta y pol\u00edticas p\u00fablicas en favor de los ni\u00f1os, ni\u00f1as y adolescentes que han sido vulnerados en sus derechos, ya que son ellos los sujetos de acci\u00f3n de nuestra instituci\u00f3n\u201d.<\/p>\n<p style=\"font-weight: 400; text-align: justify;\">Por su parte, la coordinadora regional intersectorial del SPE Ivonne Mu\u00f1oz agreg\u00f3 \u201cestamos muy satisfechos de la convocatoria que tuvo este primer encuentro intersectorial que da cuenta de la necesidad de disponer de espacios informativos sobre temas intersectoriales con los profesionales que trabajan directamente con los ni\u00f1os, ni\u00f1as y adolescentes que han sido derivados a los diversos proyectos de los organismos colaboradores acreditados. Agradecemos especialmente a JUNAEB y el Servicio Nacional de Migraciones, los organismos que en esta oportunidad fueron los encargados de entregar charlas informativas de su oferta y sus metodolog\u00edas de trabajo\u201d.<\/p>\n<p style=\"font-weight: 400; text-align: justify;\">En la actividad expuso Israel Villavicencio, director regional del Servicio Nacional de Migraciones, junto a Roc\u00edo Andueza, Trabajadora Social y encargada del programa ni\u00f1os, ni\u00f1as y adolescentes del mismo organismo. En el caso de JUNAEB expuso\u00a0Lorena Gayoso,\u00a0encargada\u00a0de la secci\u00f3n\u00a0atenci\u00f3n\u00a0usuaria y\u00a0canales de\u00a0atenci\u00f3n.<\/p>\n<p style=\"font-weight: 400; text-align: justify;\">Finalmente, desde el SPE (Servicio de Protecci\u00f3n Especializada) expuso la coordinadora intersectorial regional Ivonne Mu\u00f1oz y el analista de salud de la direcci\u00f3n regional Vladimir Ovando.<\/p>\n<\/div><\/section><\/div><div  style='height:50px' class='hr hr-invisible   avia-builder-el-6  el_after_av_one_full  el_before_av_social_share '><span class='hr-inner ' ><span class='hr-inner-style'><\/span><\/span><\/div><\/p>\n<div  class='av-social-sharing-box  avia-builder-el-7  el_after_av_hr  el_before_av_hr  '><div class='av-share-box'><h5 class='av-share-link-description av-no-toc '>Compartir esta noticia<\/h5><ul class='av-share-box-list noLightbox'><li class='av-share-link av-social-link-facebook' ><a target=\"_blank\" aria-label=\"Compartir en Facebook\" href='https:\/\/www.facebook.com\/sharer.php?u=https:\/\/radiorevelacionfm.cl\/?p=30248&#038;t=Servicio%20de%20Protecci%C3%B3n%20Especializada%20realiza%20primer%20encuentro%20intersectorial' aria-hidden='false' data-av_icon='\ue8f3' data-av_iconfont='entypo-fontello' title='' data-avia-related-tooltip='Compartir en Facebook' rel=\"noopener\"><span class='avia_hidden_link_text'>Compartir en Facebook<\/span><\/a><\/li><li class='av-share-link av-social-link-twitter' ><a target=\"_blank\" aria-label=\"Compartir en Twitter\" href='https:\/\/twitter.com\/share?text=Servicio%20de%20Protecci%C3%B3n%20Especializada%20realiza%20primer%20encuentro%20intersectorial&#038;url=https:\/\/radiorevelacionfm.cl\/?p=30248' aria-hidden='false' data-av_icon='\ue8f1' data-av_iconfont='entypo-fontello' title='' data-avia-related-tooltip='Compartir en Twitter' rel=\"noopener\"><span class='avia_hidden_link_text'>Compartir en Twitter<\/span><\/a><\/li><li class='av-share-link av-social-link-whatsapp' ><a target=\"_blank\" aria-label=\"Compartir en Whatsapp\" href='https:\/\/api.whatsapp.com\/send?text=https:\/\/radiorevelacionfm.cl\/?p=30248' aria-hidden='false' data-av_icon='\uf232' data-av_iconfont='entypo-fontello' title='' data-avia-related-tooltip='Compartir en Whatsapp' rel=\"noopener\"><span class='avia_hidden_link_text'>Compartir en Whatsapp<\/span><\/a><\/li><li class='av-share-link av-social-link-linkedin' ><a target=\"_blank\" aria-label=\"Compartir en LinkedIn\" href='https:\/\/linkedin.com\/shareArticle?mini=true&#038;title=Servicio%20de%20Protecci%C3%B3n%20Especializada%20realiza%20primer%20encuentro%20intersectorial&#038;url=https:\/\/radiorevelacionfm.cl\/?p=30248' aria-hidden='false' data-av_icon='\ue8fc' data-av_iconfont='entypo-fontello' title='' data-avia-related-tooltip='Compartir en LinkedIn' rel=\"noopener\"><span class='avia_hidden_link_text'>Compartir en LinkedIn<\/span><\/a><\/li><li class='av-share-link av-social-link-mail' ><a  aria-label=\"Compartir por correo\" href='mailto:?subject=Servicio%20de%20Protecci%C3%B3n%20Especializada%20realiza%20primer%20encuentro%20intersectorial&#038;body=https:\/\/radiorevelacionfm.cl\/?p=30248' aria-hidden='false' data-av_icon='\ue805' data-av_iconfont='entypo-fontello' title='' data-avia-related-tooltip='Compartir por correo'><span class='avia_hidden_link_text'>Compartir por correo<\/span><\/a><\/li><\/ul><\/div><\/div>\n<div  style='height:50px' class='hr hr-invisible   avia-builder-el-8  el_after_av_social_share  el_before_av_comments_list '><span class='hr-inner ' ><span class='hr-inner-style'><\/span><\/span><\/div>\n<div  class='av-buildercomment  av-blog-meta-html-info-disabled av-blog-meta-tag-disabled  '><\/div>\n","protected":false},"excerpt":{"rendered":"","protected":false},"author":1,"featured_media":30249,"comment_status":"open","ping_status":"open","sticky":false,"template":"","format":"standard","meta":{"footnotes":""},"categories":[38],"tags":[],"class_list":["post-30248","post","type-post","status-publish","format-standard","has-post-thumbnail","hentry","category-regional"],"jetpack_featured_media_url":"https:\/\/radiorevelacionfm.cl\/wp-content\/uploads\/2023\/04\/2-2023-04-20T100512.349-1-1.jpg","_links":{"self":[{"href":"https:\/\/radiorevelacionfm.cl\/index.php?rest_route=\/wp\/v2\/posts\/30248","targetHints":{"allow":["GET"]}}],"collection":[{"href":"https:\/\/radiorevelacionfm.cl\/index.php?rest_route=\/wp\/v2\/posts"}],"about":[{"href":"https:\/\/radiorevelacionfm.cl\/index.php?rest_route=\/wp\/v2\/types\/post"}],"author":[{"embeddable":true,"href":"https:\/\/radiorevelacionfm.cl\/index.php?rest_route=\/wp\/v2\/users\/1"}],"replies":[{"embeddable":true,"href":"https:\/\/radiorevelacionfm.cl\/index.php?rest_route=%2Fwp%2Fv2%2Fcomments&post=30248"}],"version-history":[{"count":1,"href":"https:\/\/radiorevelacionfm.cl\/index.php?rest_route=\/wp\/v2\/posts\/30248\/revisions"}],"predecessor-version":[{"id":30250,"href":"https:\/\/radiorevelacionfm.cl\/index.php?rest_route=\/wp\/v2\/posts\/30248\/revisions\/30250"}],"wp:featuredmedia":[{"embeddable":true,"href":"https:\/\/radiorevelacionfm.cl\/index.php?rest_route=\/wp\/v2\/media\/30249"}],"wp:attachment":[{"href":"https:\/\/radiorevelacionfm.cl\/index.php?rest_route=%2Fwp%2Fv2%2Fmedia&parent=30248"}],"wp:term":[{"taxonomy":"category","embeddable":true,"href":"https:\/\/radiorevelacionfm.cl\/index.php?rest_route=%2Fwp%2Fv2%2Fcategories&post=30248"},{"taxonomy":"post_tag","embeddable":true,"href":"https:\/\/radiorevelacionfm.cl\/index.php?rest_route=%2Fwp%2Fv2%2Ftags&post=30248"}],"curies":[{"name":"wp","href":"https:\/\/api.w.org\/{rel}","templated":true}]}}