{"id":30245,"date":"2023-04-20T11:11:51","date_gmt":"2023-04-20T14:11:51","guid":{"rendered":"https:\/\/radiorevelacionfm.cl\/?p=30245"},"modified":"2023-04-20T11:11:51","modified_gmt":"2023-04-20T14:11:51","slug":"color-run-club-deportivo-gore-aysen-celebra-su-quinta-corrida-familiar-este-domingo","status":"publish","type":"post","link":"https:\/\/radiorevelacionfm.cl\/?p=30245","title":{"rendered":"\u201cColor Run\u201d: Club Deportivo Gore Ays\u00e9n celebra su quinta corrida familiar este domingo"},"content":{"rendered":"<div class=\"flex_column av_one_full  flex_column_div av-zero-column-padding first  avia-builder-el-0  el_before_av_one_full  avia-builder-el-first  \" style='border-radius:0px; '><div  class='avia-image-container  av-styling-    avia-builder-el-1  avia-builder-el-no-sibling  avia-align-center '  itemprop=\"image\" itemscope=\"itemscope\" itemtype=\"https:\/\/schema.org\/ImageObject\"  ><div class='avia-image-container-inner'><div class='avia-image-overlay-wrap'><img decoding=\"async\" class='wp-image-30246 avia-img-lazy-loading-not-30246 avia_image' src=\"https:\/\/radiorevelacionfm.cl\/wp-content\/uploads\/2023\/04\/afiche-5ta-corrida-instagram-1-1_optimized.jpg\" alt='' title='afiche-5ta-corrida-instagram-(1)-(1)_optimized' height=\"600\" width=\"776\"  itemprop=\"thumbnailUrl\" srcset=\"https:\/\/radiorevelacionfm.cl\/wp-content\/uploads\/2023\/04\/afiche-5ta-corrida-instagram-1-1_optimized.jpg 776w, https:\/\/radiorevelacionfm.cl\/wp-content\/uploads\/2023\/04\/afiche-5ta-corrida-instagram-1-1_optimized-300x232.jpg 300w, https:\/\/radiorevelacionfm.cl\/wp-content\/uploads\/2023\/04\/afiche-5ta-corrida-instagram-1-1_optimized-768x594.jpg 768w, https:\/\/radiorevelacionfm.cl\/wp-content\/uploads\/2023\/04\/afiche-5ta-corrida-instagram-1-1_optimized-705x545.jpg 705w, https:\/\/radiorevelacionfm.cl\/wp-content\/uploads\/2023\/04\/afiche-5ta-corrida-instagram-1-1_optimized-450x348.jpg 450w, https:\/\/radiorevelacionfm.cl\/wp-content\/uploads\/2023\/04\/afiche-5ta-corrida-instagram-1-1_optimized-600x464.jpg 600w\" sizes=\"(max-width: 776px) 100vw, 776px\" \/><\/div><\/div><\/div><\/div><div class=\"flex_column av_one_full  flex_column_div av-zero-column-padding first  avia-builder-el-2  el_after_av_one_full  el_before_av_one_full  column-top-margin\" style='border-radius:0px; '><section class=\"av_textblock_section \"  itemscope=\"itemscope\" itemtype=\"https:\/\/schema.org\/BlogPosting\" itemprop=\"blogPost\" ><div class='avia_textblock  '   itemprop=\"text\" ><p style=\"text-align: center;\"><strong><span style=\"font-size: 18pt;\">\u201cColor Run\u201d: Club Deportivo Gore Ays\u00e9n celebra su quinta corrida familiar este domingo\u00a0<\/span><\/strong><\/p>\n<div id=\"gtx-trans\" style=\"position: absolute; left: -50px; top: 4.31534px;\">\n<div class=\"gtx-trans-icon\"><\/div>\n<\/div>\n<\/div><\/section><\/div><div class=\"flex_column av_one_full  flex_column_div av-zero-column-padding first  avia-builder-el-4  el_after_av_one_full  el_before_av_hr  column-top-margin\" style='border-radius:0px; '><section class=\"av_textblock_section \"  itemscope=\"itemscope\" itemtype=\"https:\/\/schema.org\/BlogPosting\" itemprop=\"blogPost\" ><div class='avia_textblock  '   itemprop=\"text\" ><p dir=\"ltr\" style=\"text-align: justify;\">Este domingo 23 de abril el Club Deportivo, Social y Cultural del Gobierno Regional de Ays\u00e9n llevar\u00e1 a cabo el \u201cColor Run\u201d,\u00a0 la quinta corrida familiar por la ciudad de Coyhaique, la cual espera convocar a cientos de ni\u00f1os, ni\u00f1as, j\u00f3venes, adultos, deportistas, personas de la tercera edad y a cualquiera que quiera disfrutar de una ma\u00f1ana recreativa este fin de semana.<\/p>\n<p dir=\"ltr\" style=\"text-align: justify;\">Esta actividad, que durante los a\u00f1os 2020 a 2022 tuvo que ser suspendida debido a la pandemia de COVID-19, vuelve renovada este 2023, en el marco de los 14 a\u00f1os del club y del aniversario de los 30 a\u00f1os del Gobierno Regional de Ays\u00e9n, entidades que organizan esta marat\u00f3n junto a la Corporaci\u00f3n Municipal de Deportes y Recreaci\u00f3n Coyhaique.<\/p>\n<p dir=\"ltr\" style=\"text-align: justify;\">\u201cQueremos extender la invitaci\u00f3n a participar de esta entretenida carrera a toda la comunidad de Coyhaique y de nuestra regi\u00f3n. Es necesario, despu\u00e9s de todo lo que vivimos durante la emergencia sanitaria, volver a encontrarnos en instancias como esta, que fomentan no s\u00f3lo la actividad deportiva y la vida sana, sino que tambi\u00e9n nos unen como patagones y patagonas, bajo el ideal de generar desarrollo humano y social, aprovechando, por cierto, las bondades naturales que nos ofrece nuestro hermoso territorio\u201d, manifest\u00f3 la Gobernadora Andrea Mac\u00edas Palma.<\/p>\n<p dir=\"ltr\" style=\"text-align: justify;\">La competencia se divide en las categor\u00edas: \u201cMini infantil\u201d (400 metros) para ni\u00f1os y ni\u00f1as hasta los 8 a\u00f1os de edad; \u201cInfantil\u201d (1.500 metros) para ni\u00f1os y ni\u00f1as entre los 9 a los 13 a\u00f1os; \u201c5K\u201d (5.000 metros) que se separa entre la general, para adultos hasta los 39 a\u00f1os, y la senior, para adultos de 40 a\u00f1os en adelante; y \u201c14K\u201d (14.000 metros) que tambi\u00e9n se separa para varones y damas en general y senior. Adem\u00e1s habr\u00e1 tres categor\u00edas especiales para personas con discapacidad, para adultos y adultas mayores y para familias (3 o m\u00e1s integrantes).<\/p>\n<p dir=\"ltr\" style=\"text-align: justify;\">\u201cAgradecemos la colaboraci\u00f3n de Carabineros de Chile, Miko Design, Caja Los Andes, La Palestina, la Corporaci\u00f3n de Deportes, la Mutual de Seguridad, la oficina parlamentaria de nuestra senadora Ximena \u00d3rdenes, y por \u00faltimo, al Servicio de Salud de Ays\u00e9n en conjunto con la Seremi de Salud, quienes har\u00e1n operativos y vacunatorios durante la jornada. Relevar tambi\u00e9n el patrocinio que hemos tenido en esta oportunidad a trav\u00e9s de Mowi, Recasur, Great Wall Motors, Aktiva-T y Amansi Aguas de la Patagonia\u201d, destac\u00f3 el presidente del Club Deportivo, Social y Cultural del Gobierno Regional, Claudio Parraguez.<\/p>\n<p dir=\"ltr\" style=\"text-align: justify;\">La carrera en sus distintas modalidades, cuyas bases ya se encuentran disponibles en <a href=\"http:\/\/www.goreaysen.cl\/\" target=\"_blank\" rel=\"noopener\" data-saferedirecturl=\"https:\/\/www.google.com\/url?q=http:\/\/www.goreaysen.cl&amp;source=gmail&amp;ust=1682044391971000&amp;usg=AOvVaw0T25mOnhGlYITBGChJfoN5\">www.goreaysen.cl<\/a>, se realizar\u00e1 este domingo 23 de abril desde las 09.00 horas hasta las 14.00 horas, y la citaci\u00f3n es en el frontis del edificio del Gobierno Regional (calle Ej\u00e9rcito #405, Coyhaique). La inscripci\u00f3n ser\u00e1 \u00fanicamente el d\u00eda del evento, y las primeras 200 personas que lleguen recibir\u00e1n poleras oficiales de la \u201cColor Run\u201d.<\/p>\n<div dir=\"ltr\" style=\"text-align: justify;\"><\/div>\n<\/div><\/section><\/div><div  style='height:50px' class='hr hr-invisible   avia-builder-el-6  el_after_av_one_full  el_before_av_social_share '><span class='hr-inner ' ><span class='hr-inner-style'><\/span><\/span><\/div><\/p>\n<div  class='av-social-sharing-box  avia-builder-el-7  el_after_av_hr  el_before_av_hr  '><div class='av-share-box'><h5 class='av-share-link-description av-no-toc '>Compartir esta noticia<\/h5><ul class='av-share-box-list noLightbox'><li class='av-share-link av-social-link-facebook' ><a target=\"_blank\" aria-label=\"Compartir en Facebook\" href='https:\/\/www.facebook.com\/sharer.php?u=https:\/\/radiorevelacionfm.cl\/?p=30245&#038;t=%E2%80%9CColor%20Run%E2%80%9D%3A%20Club%20Deportivo%20Gore%20Ays%C3%A9n%20celebra%20su%20quinta%20corrida%20familiar%20este%20domingo' aria-hidden='false' data-av_icon='\ue8f3' data-av_iconfont='entypo-fontello' title='' data-avia-related-tooltip='Compartir en Facebook' rel=\"noopener\"><span class='avia_hidden_link_text'>Compartir en Facebook<\/span><\/a><\/li><li class='av-share-link av-social-link-twitter' ><a target=\"_blank\" aria-label=\"Compartir en Twitter\" href='https:\/\/twitter.com\/share?text=%E2%80%9CColor%20Run%E2%80%9D%3A%20Club%20Deportivo%20Gore%20Ays%C3%A9n%20celebra%20su%20quinta%20corrida%20familiar%20este%20domingo&#038;url=https:\/\/radiorevelacionfm.cl\/?p=30245' aria-hidden='false' data-av_icon='\ue8f1' data-av_iconfont='entypo-fontello' title='' data-avia-related-tooltip='Compartir en Twitter' rel=\"noopener\"><span class='avia_hidden_link_text'>Compartir en Twitter<\/span><\/a><\/li><li class='av-share-link av-social-link-whatsapp' ><a target=\"_blank\" aria-label=\"Compartir en Whatsapp\" href='https:\/\/api.whatsapp.com\/send?text=https:\/\/radiorevelacionfm.cl\/?p=30245' aria-hidden='false' data-av_icon='\uf232' data-av_iconfont='entypo-fontello' title='' data-avia-related-tooltip='Compartir en Whatsapp' rel=\"noopener\"><span class='avia_hidden_link_text'>Compartir en Whatsapp<\/span><\/a><\/li><li class='av-share-link av-social-link-linkedin' ><a target=\"_blank\" aria-label=\"Compartir en LinkedIn\" href='https:\/\/linkedin.com\/shareArticle?mini=true&#038;title=%E2%80%9CColor%20Run%E2%80%9D%3A%20Club%20Deportivo%20Gore%20Ays%C3%A9n%20celebra%20su%20quinta%20corrida%20familiar%20este%20domingo&#038;url=https:\/\/radiorevelacionfm.cl\/?p=30245' aria-hidden='false' data-av_icon='\ue8fc' data-av_iconfont='entypo-fontello' title='' data-avia-related-tooltip='Compartir en LinkedIn' rel=\"noopener\"><span class='avia_hidden_link_text'>Compartir en LinkedIn<\/span><\/a><\/li><li class='av-share-link av-social-link-mail' ><a  aria-label=\"Compartir por correo\" href='mailto:?subject=%E2%80%9CColor%20Run%E2%80%9D%3A%20Club%20Deportivo%20Gore%20Ays%C3%A9n%20celebra%20su%20quinta%20corrida%20familiar%20este%20domingo&#038;body=https:\/\/radiorevelacionfm.cl\/?p=30245' aria-hidden='false' data-av_icon='\ue805' data-av_iconfont='entypo-fontello' title='' data-avia-related-tooltip='Compartir por correo'><span class='avia_hidden_link_text'>Compartir por correo<\/span><\/a><\/li><\/ul><\/div><\/div>\n<div  style='height:50px' class='hr hr-invisible   avia-builder-el-8  el_after_av_social_share  el_before_av_comments_list '><span class='hr-inner ' ><span class='hr-inner-style'><\/span><\/span><\/div>\n<div  class='av-buildercomment  av-blog-meta-html-info-disabled av-blog-meta-tag-disabled  '><\/div>\n","protected":false},"excerpt":{"rendered":"","protected":false},"author":1,"featured_media":30246,"comment_status":"open","ping_status":"open","sticky":false,"template":"","format":"standard","meta":{"footnotes":""},"categories":[40],"tags":[],"class_list":["post-30245","post","type-post","status-publish","format-standard","has-post-thumbnail","hentry","category-deportes"],"jetpack_featured_media_url":"https:\/\/radiorevelacionfm.cl\/wp-content\/uploads\/2023\/04\/afiche-5ta-corrida-instagram-1-1_optimized.jpg","_links":{"self":[{"href":"https:\/\/radiorevelacionfm.cl\/index.php?rest_route=\/wp\/v2\/posts\/30245","targetHints":{"allow":["GET"]}}],"collection":[{"href":"https:\/\/radiorevelacionfm.cl\/index.php?rest_route=\/wp\/v2\/posts"}],"about":[{"href":"https:\/\/radiorevelacionfm.cl\/index.php?rest_route=\/wp\/v2\/types\/post"}],"author":[{"embeddable":true,"href":"https:\/\/radiorevelacionfm.cl\/index.php?rest_route=\/wp\/v2\/users\/1"}],"replies":[{"embeddable":true,"href":"https:\/\/radiorevelacionfm.cl\/index.php?rest_route=%2Fwp%2Fv2%2Fcomments&post=30245"}],"version-history":[{"count":1,"href":"https:\/\/radiorevelacionfm.cl\/index.php?rest_route=\/wp\/v2\/posts\/30245\/revisions"}],"predecessor-version":[{"id":30247,"href":"https:\/\/radiorevelacionfm.cl\/index.php?rest_route=\/wp\/v2\/posts\/30245\/revisions\/30247"}],"wp:featuredmedia":[{"embeddable":true,"href":"https:\/\/radiorevelacionfm.cl\/index.php?rest_route=\/wp\/v2\/media\/30246"}],"wp:attachment":[{"href":"https:\/\/radiorevelacionfm.cl\/index.php?rest_route=%2Fwp%2Fv2%2Fmedia&parent=30245"}],"wp:term":[{"taxonomy":"category","embeddable":true,"href":"https:\/\/radiorevelacionfm.cl\/index.php?rest_route=%2Fwp%2Fv2%2Fcategories&post=30245"},{"taxonomy":"post_tag","embeddable":true,"href":"https:\/\/radiorevelacionfm.cl\/index.php?rest_route=%2Fwp%2Fv2%2Ftags&post=30245"}],"curies":[{"name":"wp","href":"https:\/\/api.w.org\/{rel}","templated":true}]}}