{"id":30240,"date":"2023-04-19T19:44:39","date_gmt":"2023-04-19T22:44:39","guid":{"rendered":"https:\/\/radiorevelacionfm.cl\/?p=30240"},"modified":"2023-04-19T19:44:39","modified_gmt":"2023-04-19T22:44:39","slug":"carabineros-realiza-muestra-de-especialidades-en-su-mes-aniversario","status":"publish","type":"post","link":"https:\/\/radiorevelacionfm.cl\/?p=30240","title":{"rendered":"Carabineros realiza muestra de especialidades en su mes aniversario"},"content":{"rendered":"<div class=\"flex_column av_one_full  flex_column_div av-zero-column-padding first  avia-builder-el-0  el_before_av_one_full  avia-builder-el-first  \" style='border-radius:0px; '><div  class='avia-image-container  av-styling-    avia-builder-el-1  avia-builder-el-no-sibling  avia-align-center '  itemprop=\"image\" itemscope=\"itemscope\" itemtype=\"https:\/\/schema.org\/ImageObject\"  ><div class='avia-image-container-inner'><div class='avia-image-overlay-wrap'><img decoding=\"async\" class='wp-image-30241 avia-img-lazy-loading-not-30241 avia_image' src=\"https:\/\/radiorevelacionfm.cl\/wp-content\/uploads\/2023\/04\/fua2ru5xgaagmsp-1_optimized.jpg\" alt='' title='fua2ru5xgaagmsp-(1)_optimized' height=\"600\" width=\"856\"  itemprop=\"thumbnailUrl\" srcset=\"https:\/\/radiorevelacionfm.cl\/wp-content\/uploads\/2023\/04\/fua2ru5xgaagmsp-1_optimized.jpg 856w, https:\/\/radiorevelacionfm.cl\/wp-content\/uploads\/2023\/04\/fua2ru5xgaagmsp-1_optimized-300x210.jpg 300w, https:\/\/radiorevelacionfm.cl\/wp-content\/uploads\/2023\/04\/fua2ru5xgaagmsp-1_optimized-768x538.jpg 768w, https:\/\/radiorevelacionfm.cl\/wp-content\/uploads\/2023\/04\/fua2ru5xgaagmsp-1_optimized-705x494.jpg 705w, https:\/\/radiorevelacionfm.cl\/wp-content\/uploads\/2023\/04\/fua2ru5xgaagmsp-1_optimized-450x315.jpg 450w, https:\/\/radiorevelacionfm.cl\/wp-content\/uploads\/2023\/04\/fua2ru5xgaagmsp-1_optimized-600x421.jpg 600w\" sizes=\"(max-width: 856px) 100vw, 856px\" \/><\/div><\/div><\/div><\/div><div class=\"flex_column av_one_full  flex_column_div av-zero-column-padding first  avia-builder-el-2  el_after_av_one_full  el_before_av_one_full  column-top-margin\" style='border-radius:0px; '><section class=\"av_textblock_section \"  itemscope=\"itemscope\" itemtype=\"https:\/\/schema.org\/BlogPosting\" itemprop=\"blogPost\" ><div class='avia_textblock  '   itemprop=\"text\" ><p style=\"text-align: center;\"><span style=\"font-size: 18pt;\"><b>Carabineros realiza muestra de especialidades en su mes aniversario<\/b><\/span><\/p>\n<div id=\"gtx-trans\" style=\"position: absolute; left: -50px; top: 4.31534px;\">\n<div class=\"gtx-trans-icon\"><\/div>\n<\/div>\n<\/div><\/section><\/div><div class=\"flex_column av_one_full  flex_column_div av-zero-column-padding first  avia-builder-el-4  el_after_av_one_full  el_before_av_hr  column-top-margin\" style='border-radius:0px; '><section class=\"av_textblock_section \"  itemscope=\"itemscope\" itemtype=\"https:\/\/schema.org\/BlogPosting\" itemprop=\"blogPost\" ><div class='avia_textblock  '   itemprop=\"text\" ><p class=\"v1MsoNormal\" style=\"text-align: justify;\">La Instituci\u00f3n de Orden y Patria dio a conocer el trabajo que desarrollan los servicios especializados y del nivel operativo, sumado a los medios y recursos tecnol\u00f3gicos orientados a brindar m\u00e1s seguridad y protecci\u00f3n a la comunidad.<\/p>\n<p class=\"v1MsoNormal\" style=\"text-align: justify;\">A trav\u00e9s de un stand de las capacidades operativas, preventivas, investigativas y especializadas, Carabineros desarroll\u00f3 en la Plaza de Armas de Coyhaique una actividad de acercamiento con la comunidad en el contexto de sus 96 a\u00f1os de vida institucional.<\/p>\n<p class=\"v1MsoNormal\" style=\"text-align: justify;\">La jornada cont\u00f3 con una presentaci\u00f3n de la banda instrumental dependiente de la Prefectura Ays\u00e9n N\u00b0 27, lo cual permiti\u00f3 generar un espacio de encuentro con la cultura e identidad de nuestra regi\u00f3n y de nuestro pa\u00eds (Carabineros de Todos).<\/p>\n<p class=\"v1MsoNormal\" style=\"text-align: justify;\">De esta actividad form\u00f3 parte el Grupo de Operaciones Policiales Especiales (GOPE), la Secci\u00f3n Investigadora de Accidentes de Tr\u00e1nsito (SIAT), el Laboratorio de Criminal\u00edstica de Carabineros (Labocar), la Oficina de Integraci\u00f3n Comunitaria, la Oficina de Postulaciones, Secci\u00f3n OS-7 Ays\u00e9n y la Secci\u00f3n A\u00e9rea.<\/p>\n<p class=\"v1MsoNormal\" style=\"text-align: justify;\">\u00abEstamos en v\u00edsperas de nuestro aniversario y tenemos un sinn\u00famero de actividades (&#8230;) nos acompa\u00f1a una muestra de carabineros que trabajan en nuestras especialidades y de todos los carabineros que trabajan en el nivel operativo. Tuvimos la visita de la banda instrumental de la Prefectura Ays\u00e9n quienes amenizan e interpretan canciones t\u00edpicas, folcl\u00f3ricas y tambi\u00e9n modernas, de tal forma de acercar a las personas a esta actividad de difusi\u00f3n en nuestro mes aniversario\u00bb, expres\u00f3 el Jefe de Zona Ays\u00e9n, General Patricio Javier Santos Poblete.<\/p>\n<p class=\"v1MsoNormal\" style=\"text-align: justify;\">El Oficial General a\u00f1adi\u00f3 que lo anterior constituye un espacio de cohesi\u00f3n social y una oportunidad para captar postulantes a Carabineros y convertirse en un profesional del orden y la seguridad de una instituci\u00f3n con presencia nacional y que est\u00e1 pr\u00f3xima a su centenario.<\/p>\n<p class=\"v1MsoNormal\" style=\"text-align: justify;\">Durante esta feria de especialidades, Carabineros comparti\u00f3 con la comunidad, junto con exhibir los medios y recursos tecnol\u00f3gicos orientados a brindar m\u00e1s seguridad y protecci\u00f3n al servicio de la comunidad.<\/p>\n<\/div><\/section><\/div><div  style='height:50px' class='hr hr-invisible   avia-builder-el-6  el_after_av_one_full  el_before_av_social_share '><span class='hr-inner ' ><span class='hr-inner-style'><\/span><\/span><\/div><\/p>\n<div  class='av-social-sharing-box  avia-builder-el-7  el_after_av_hr  el_before_av_hr  '><div class='av-share-box'><h5 class='av-share-link-description av-no-toc '>Compartir esta noticia<\/h5><ul class='av-share-box-list noLightbox'><li class='av-share-link av-social-link-facebook' ><a target=\"_blank\" aria-label=\"Compartir en Facebook\" href='https:\/\/www.facebook.com\/sharer.php?u=https:\/\/radiorevelacionfm.cl\/?p=30240&#038;t=Carabineros%20realiza%20muestra%20de%20especialidades%20en%20su%20mes%20aniversario' aria-hidden='false' data-av_icon='\ue8f3' data-av_iconfont='entypo-fontello' title='' data-avia-related-tooltip='Compartir en Facebook' rel=\"noopener\"><span class='avia_hidden_link_text'>Compartir en Facebook<\/span><\/a><\/li><li class='av-share-link av-social-link-twitter' ><a target=\"_blank\" aria-label=\"Compartir en Twitter\" href='https:\/\/twitter.com\/share?text=Carabineros%20realiza%20muestra%20de%20especialidades%20en%20su%20mes%20aniversario&#038;url=https:\/\/radiorevelacionfm.cl\/?p=30240' aria-hidden='false' data-av_icon='\ue8f1' data-av_iconfont='entypo-fontello' title='' data-avia-related-tooltip='Compartir en Twitter' rel=\"noopener\"><span class='avia_hidden_link_text'>Compartir en Twitter<\/span><\/a><\/li><li class='av-share-link av-social-link-whatsapp' ><a target=\"_blank\" aria-label=\"Compartir en Whatsapp\" href='https:\/\/api.whatsapp.com\/send?text=https:\/\/radiorevelacionfm.cl\/?p=30240' aria-hidden='false' data-av_icon='\uf232' data-av_iconfont='entypo-fontello' title='' data-avia-related-tooltip='Compartir en Whatsapp' rel=\"noopener\"><span class='avia_hidden_link_text'>Compartir en Whatsapp<\/span><\/a><\/li><li class='av-share-link av-social-link-linkedin' ><a target=\"_blank\" aria-label=\"Compartir en LinkedIn\" href='https:\/\/linkedin.com\/shareArticle?mini=true&#038;title=Carabineros%20realiza%20muestra%20de%20especialidades%20en%20su%20mes%20aniversario&#038;url=https:\/\/radiorevelacionfm.cl\/?p=30240' aria-hidden='false' data-av_icon='\ue8fc' data-av_iconfont='entypo-fontello' title='' data-avia-related-tooltip='Compartir en LinkedIn' rel=\"noopener\"><span class='avia_hidden_link_text'>Compartir en LinkedIn<\/span><\/a><\/li><li class='av-share-link av-social-link-mail' ><a  aria-label=\"Compartir por correo\" href='mailto:?subject=Carabineros%20realiza%20muestra%20de%20especialidades%20en%20su%20mes%20aniversario&#038;body=https:\/\/radiorevelacionfm.cl\/?p=30240' aria-hidden='false' data-av_icon='\ue805' data-av_iconfont='entypo-fontello' title='' data-avia-related-tooltip='Compartir por correo'><span class='avia_hidden_link_text'>Compartir por correo<\/span><\/a><\/li><\/ul><\/div><\/div>\n<div  style='height:50px' class='hr hr-invisible   avia-builder-el-8  el_after_av_social_share  el_before_av_comments_list '><span class='hr-inner ' ><span class='hr-inner-style'><\/span><\/span><\/div>\n<div  class='av-buildercomment  av-blog-meta-html-info-disabled av-blog-meta-tag-disabled  '><\/div>\n","protected":false},"excerpt":{"rendered":"","protected":false},"author":1,"featured_media":30241,"comment_status":"open","ping_status":"open","sticky":false,"template":"","format":"standard","meta":{"footnotes":""},"categories":[36],"tags":[],"class_list":["post-30240","post","type-post","status-publish","format-standard","has-post-thumbnail","hentry","category-policial"],"jetpack_featured_media_url":"https:\/\/radiorevelacionfm.cl\/wp-content\/uploads\/2023\/04\/fua2ru5xgaagmsp-1_optimized.jpg","_links":{"self":[{"href":"https:\/\/radiorevelacionfm.cl\/index.php?rest_route=\/wp\/v2\/posts\/30240","targetHints":{"allow":["GET"]}}],"collection":[{"href":"https:\/\/radiorevelacionfm.cl\/index.php?rest_route=\/wp\/v2\/posts"}],"about":[{"href":"https:\/\/radiorevelacionfm.cl\/index.php?rest_route=\/wp\/v2\/types\/post"}],"author":[{"embeddable":true,"href":"https:\/\/radiorevelacionfm.cl\/index.php?rest_route=\/wp\/v2\/users\/1"}],"replies":[{"embeddable":true,"href":"https:\/\/radiorevelacionfm.cl\/index.php?rest_route=%2Fwp%2Fv2%2Fcomments&post=30240"}],"version-history":[{"count":1,"href":"https:\/\/radiorevelacionfm.cl\/index.php?rest_route=\/wp\/v2\/posts\/30240\/revisions"}],"predecessor-version":[{"id":30242,"href":"https:\/\/radiorevelacionfm.cl\/index.php?rest_route=\/wp\/v2\/posts\/30240\/revisions\/30242"}],"wp:featuredmedia":[{"embeddable":true,"href":"https:\/\/radiorevelacionfm.cl\/index.php?rest_route=\/wp\/v2\/media\/30241"}],"wp:attachment":[{"href":"https:\/\/radiorevelacionfm.cl\/index.php?rest_route=%2Fwp%2Fv2%2Fmedia&parent=30240"}],"wp:term":[{"taxonomy":"category","embeddable":true,"href":"https:\/\/radiorevelacionfm.cl\/index.php?rest_route=%2Fwp%2Fv2%2Fcategories&post=30240"},{"taxonomy":"post_tag","embeddable":true,"href":"https:\/\/radiorevelacionfm.cl\/index.php?rest_route=%2Fwp%2Fv2%2Ftags&post=30240"}],"curies":[{"name":"wp","href":"https:\/\/api.w.org\/{rel}","templated":true}]}}