{"id":3024,"date":"2021-03-01T10:00:40","date_gmt":"2021-03-01T13:00:40","guid":{"rendered":"https:\/\/radiorevelacionfm.cl\/?p=3024"},"modified":"2021-03-01T10:00:40","modified_gmt":"2021-03-01T13:00:40","slug":"anuncian-seleccion-de-mas-de-2-mil-proyectos-de-pavimentos-participativos-en-todo-el-pais","status":"publish","type":"post","link":"https:\/\/radiorevelacionfm.cl\/?p=3024","title":{"rendered":"Anuncian selecci\u00f3n de m\u00e1s de 2 mil proyectos de pavimentos participativos en todo el pa\u00eds"},"content":{"rendered":"<div class=\"flex_column av_one_full  flex_column_div av-zero-column-padding first  avia-builder-el-0  el_before_av_one_full  avia-builder-el-first  \" style='border-radius:0px; '><div  class='avia-image-container  av-styling-    avia-builder-el-1  avia-builder-el-no-sibling  avia-align-center '  itemprop=\"image\" itemscope=\"itemscope\" itemtype=\"https:\/\/schema.org\/ImageObject\"  ><div class='avia-image-container-inner'><div class='avia-image-overlay-wrap'><img decoding=\"async\" class='wp-image-0 avia-img-lazy-loading-not-0 avia_image' src=\"https:\/\/radiorevelacionfm.cl\/wp-content\/uploads\/2021\/02\/image002-1-1.jpg\" alt='' title=''   itemprop=\"thumbnailUrl\"  \/><\/div><\/div><\/div><\/div><div class=\"flex_column av_one_full  flex_column_div av-zero-column-padding first  avia-builder-el-2  el_after_av_one_full  el_before_av_one_full  column-top-margin\" style='border-radius:0px; '><section class=\"av_textblock_section \"  itemscope=\"itemscope\" itemtype=\"https:\/\/schema.org\/BlogPosting\" itemprop=\"blogPost\" ><div class='avia_textblock  '   itemprop=\"text\" ><p style=\"text-align: center;\"><span style=\"font-size: 18pt;\"><strong>Anuncian selecci\u00f3n de m\u00e1s de 2 mil proyectos de pavimentos participativos en todo el pa\u00eds<\/strong><\/span><\/p>\n<div id=\"gtx-trans\" style=\"position: absolute; left: -50px; top: 4.31534px;\">\n<div class=\"gtx-trans-icon\"><\/div>\n<\/div>\n<\/div><\/section><\/div><div class=\"flex_column av_one_full  flex_column_div av-zero-column-padding first  avia-builder-el-4  el_after_av_one_full  el_before_av_hr  column-top-margin\" style='border-radius:0px; '><section class=\"av_textblock_section \"  itemscope=\"itemscope\" itemtype=\"https:\/\/schema.org\/BlogPosting\" itemprop=\"blogPost\" ><div class='avia_textblock  '   itemprop=\"text\" ><p style=\"font-weight: 400; text-align: justify;\">El Ministro de Vivienda y Urbanismo, Felipe Ward, anunci\u00f3 los resultados del llamado N\u00b030 del Programa de Pavimentaci\u00f3n Participativa \u201cVive tu vereda\u201d, selecci\u00f3n que permitir\u00e1 la construcci\u00f3n de calles y pasajes, y tambi\u00e9n el mejoramiento y construcci\u00f3n de veredas. Estas iniciativas beneficiar\u00e1n a m\u00e1s de 36 mil hogares en 208 comunas de todo el pa\u00eds.<\/p>\n<p style=\"font-weight: 400; text-align: justify;\">En esta ocasi\u00f3n, la cantidad de proyectos seleccionados fue de 2.086 y contemplan una inversi\u00f3n total de 86 mil millones de pesos. Sobre esto, el titular de la cartera asegur\u00f3 que, \u201cen el Minvu estamos comprometidos con ofrecer ciudades m\u00e1s amables y seguras que permitan una mejor calidad de vida. En ello, las obras urbanas son de suma relevancia y, por eso, este a\u00f1o seleccionamos m\u00e1s de dos mil proyectos de pavimentos participativos en todo el pa\u00eds que mejorar\u00e1n 213 kil\u00f3metros de calles y pasajes y m\u00e1s de 220 kil\u00f3metros de veredas, impactando directamente en el bienestar de m\u00e1s de 140 mil personas a nivel nacional\u201d.<\/p>\n<p style=\"font-weight: 400; text-align: justify;\">Adicionalmente, el total de estos proyectos contribuir\u00e1 a generar 14 mil empleos en el pa\u00eds. \u201cEl Plan de Recuperaci\u00f3n Econ\u00f3mica y Social que lidera el Presidente Sebasti\u00e1n Pi\u00f1era nos permite ayudar a m\u00e1s familias y mejorar las veredas a lo largo del pa\u00eds, por lo que esperamos que m\u00e1s vecinos se unan a esta iniciativa y juntos sigamos construyendo barrios y ciudades m\u00e1s integradas\u201d, agreg\u00f3 el Ministro Ward.<\/p>\n<p style=\"font-weight: 400; text-align: justify;\">Entre los a\u00f1os 2018 y 2021, el Minvu proyecta una ejecuci\u00f3n en calzadas de calles y pasajes por 1.004 kms., que ser\u00eda una distancia similar a la que hay entre la ciudad de Santiago y Puerto Montt, y veredas con una longitud de 843 kms.<\/p>\n<p style=\"font-weight: 400; text-align: justify;\">En total, los 30 procesos de selecci\u00f3n han permitido pavimentar 8 mil 570 km y beneficiar a 4,6 millones de chilenos. En este llamado, se construir\u00e1n y mejorar\u00e1n 213 kms. de calles y pasajes, y 222 kms. de veredas en todo Chile, en un proceso que es 100% participativo, donde los vecinos eligen el tipo de mejoramiento para su comunidad.<\/p>\n<p style=\"font-weight: 400; text-align: justify;\">Al margen del trig\u00e9simo llamado, este a\u00f1o se continuar\u00e1 con la construcci\u00f3n de 316 km. de veredas y 249 de calles y pasajes, correspondiente a obras de llamados anteriores.<\/p>\n<p style=\"font-weight: 400; text-align: justify;\"><strong>\u00bfC\u00f3mo postular a los pr\u00f3ximos llamados?<\/strong><\/p>\n<ul>\n<li>Los vecinos se deben organizan para pavimentar o repavimentar su calle, pasaje o vereda y dirigirse a la Secretar\u00eda de Planificaci\u00f3n del municipio (Secplac) para consultar c\u00f3mo concretar su idea.<\/li>\n<li>Todos los vecinos de la calle, pasaje o vereda se constituyen como comit\u00e9 de pavimentaci\u00f3n con representaci\u00f3n jur\u00eddica.<\/li>\n<li>El comit\u00e9 re\u00fane el aporte m\u00ednimo requerido en una cuenta de ahorro.<\/li>\n<li>Con el apoyo de la municipalidad y el Serviu, los vecinos deben obtener un proyecto de ingenier\u00eda para la obra.<\/li>\n<li>Una vez que se re\u00fanen todos los antecedentes solicitados por el programa y se llena la ficha de postulaci\u00f3n, la documentaci\u00f3n debe ingresar a la Secplac del municipio.<\/li>\n<li>El Minvu posee una plataforma digital para que los municipios ingresen y validen las postulaciones en los Serviu y las seremis.<\/li>\n<\/ul>\n<\/div><\/section><\/div><div  style='height:50px' class='hr hr-invisible   avia-builder-el-6  el_after_av_one_full  el_before_av_social_share '><span class='hr-inner ' ><span class='hr-inner-style'><\/span><\/span><\/div><\/p>\n<div  class='av-social-sharing-box  avia-builder-el-7  el_after_av_hr  el_before_av_hr  '><div class='av-share-box'><h5 class='av-share-link-description av-no-toc '>Compartir esta noticia<\/h5><ul class='av-share-box-list noLightbox'><li class='av-share-link av-social-link-facebook' ><a target=\"_blank\" aria-label=\"Compartir en Facebook\" href='https:\/\/www.facebook.com\/sharer.php?u=https:\/\/radiorevelacionfm.cl\/?p=3024&#038;t=Anuncian%20selecci%C3%B3n%20de%20m%C3%A1s%20de%202%20mil%20proyectos%20de%20pavimentos%20participativos%20en%20todo%20el%20pa%C3%ADs' aria-hidden='false' data-av_icon='\ue8f3' data-av_iconfont='entypo-fontello' title='' data-avia-related-tooltip='Compartir en Facebook' rel=\"noopener\"><span class='avia_hidden_link_text'>Compartir en Facebook<\/span><\/a><\/li><li class='av-share-link av-social-link-twitter' ><a target=\"_blank\" aria-label=\"Compartir en Twitter\" href='https:\/\/twitter.com\/share?text=Anuncian%20selecci%C3%B3n%20de%20m%C3%A1s%20de%202%20mil%20proyectos%20de%20pavimentos%20participativos%20en%20todo%20el%20pa%C3%ADs&#038;url=https:\/\/radiorevelacionfm.cl\/?p=3024' aria-hidden='false' data-av_icon='\ue8f1' data-av_iconfont='entypo-fontello' title='' data-avia-related-tooltip='Compartir en Twitter' rel=\"noopener\"><span class='avia_hidden_link_text'>Compartir en Twitter<\/span><\/a><\/li><li class='av-share-link av-social-link-whatsapp' ><a target=\"_blank\" aria-label=\"Compartir en Whatsapp\" href='https:\/\/api.whatsapp.com\/send?text=https:\/\/radiorevelacionfm.cl\/?p=3024' aria-hidden='false' data-av_icon='\uf232' data-av_iconfont='entypo-fontello' title='' data-avia-related-tooltip='Compartir en Whatsapp' rel=\"noopener\"><span class='avia_hidden_link_text'>Compartir en Whatsapp<\/span><\/a><\/li><li class='av-share-link av-social-link-linkedin' ><a target=\"_blank\" aria-label=\"Compartir en LinkedIn\" href='https:\/\/linkedin.com\/shareArticle?mini=true&#038;title=Anuncian%20selecci%C3%B3n%20de%20m%C3%A1s%20de%202%20mil%20proyectos%20de%20pavimentos%20participativos%20en%20todo%20el%20pa%C3%ADs&#038;url=https:\/\/radiorevelacionfm.cl\/?p=3024' aria-hidden='false' data-av_icon='\ue8fc' data-av_iconfont='entypo-fontello' title='' data-avia-related-tooltip='Compartir en LinkedIn' rel=\"noopener\"><span class='avia_hidden_link_text'>Compartir en LinkedIn<\/span><\/a><\/li><li class='av-share-link av-social-link-mail' ><a  aria-label=\"Compartir por correo\" href='mailto:?subject=Anuncian%20selecci%C3%B3n%20de%20m%C3%A1s%20de%202%20mil%20proyectos%20de%20pavimentos%20participativos%20en%20todo%20el%20pa%C3%ADs&#038;body=https:\/\/radiorevelacionfm.cl\/?p=3024' aria-hidden='false' data-av_icon='\ue805' data-av_iconfont='entypo-fontello' title='' data-avia-related-tooltip='Compartir por correo'><span class='avia_hidden_link_text'>Compartir por correo<\/span><\/a><\/li><\/ul><\/div><\/div>\n<div  style='height:50px' class='hr hr-invisible   avia-builder-el-8  el_after_av_social_share  el_before_av_comments_list '><span class='hr-inner ' ><span class='hr-inner-style'><\/span><\/span><\/div>\n<div  class='av-buildercomment  av-blog-meta-html-info-disabled av-blog-meta-tag-disabled  '><\/div>\n","protected":false},"excerpt":{"rendered":"","protected":false},"author":1,"featured_media":0,"comment_status":"open","ping_status":"open","sticky":false,"template":"","format":"standard","meta":{"footnotes":""},"categories":[56],"tags":[],"class_list":["post-3024","post","type-post","status-publish","format-standard","hentry","category-trabajo"],"jetpack_featured_media_url":"","_links":{"self":[{"href":"https:\/\/radiorevelacionfm.cl\/index.php?rest_route=\/wp\/v2\/posts\/3024","targetHints":{"allow":["GET"]}}],"collection":[{"href":"https:\/\/radiorevelacionfm.cl\/index.php?rest_route=\/wp\/v2\/posts"}],"about":[{"href":"https:\/\/radiorevelacionfm.cl\/index.php?rest_route=\/wp\/v2\/types\/post"}],"author":[{"embeddable":true,"href":"https:\/\/radiorevelacionfm.cl\/index.php?rest_route=\/wp\/v2\/users\/1"}],"replies":[{"embeddable":true,"href":"https:\/\/radiorevelacionfm.cl\/index.php?rest_route=%2Fwp%2Fv2%2Fcomments&post=3024"}],"version-history":[{"count":1,"href":"https:\/\/radiorevelacionfm.cl\/index.php?rest_route=\/wp\/v2\/posts\/3024\/revisions"}],"predecessor-version":[{"id":3026,"href":"https:\/\/radiorevelacionfm.cl\/index.php?rest_route=\/wp\/v2\/posts\/3024\/revisions\/3026"}],"wp:attachment":[{"href":"https:\/\/radiorevelacionfm.cl\/index.php?rest_route=%2Fwp%2Fv2%2Fmedia&parent=3024"}],"wp:term":[{"taxonomy":"category","embeddable":true,"href":"https:\/\/radiorevelacionfm.cl\/index.php?rest_route=%2Fwp%2Fv2%2Fcategories&post=3024"},{"taxonomy":"post_tag","embeddable":true,"href":"https:\/\/radiorevelacionfm.cl\/index.php?rest_route=%2Fwp%2Fv2%2Ftags&post=3024"}],"curies":[{"name":"wp","href":"https:\/\/api.w.org\/{rel}","templated":true}]}}