{"id":30236,"date":"2023-04-20T10:52:03","date_gmt":"2023-04-20T13:52:03","guid":{"rendered":"https:\/\/radiorevelacionfm.cl\/?p=30236"},"modified":"2023-04-20T10:52:03","modified_gmt":"2023-04-20T13:52:03","slug":"rio-ibanez-comienza-primera-etapa-de-actualizacion-de-su-plan-municipal-de-cultura","status":"publish","type":"post","link":"https:\/\/radiorevelacionfm.cl\/?p=30236","title":{"rendered":"R\u00edo Ib\u00e1\u00f1ez comienza primera etapa de actualizaci\u00f3n de su Plan Municipal de Cultura"},"content":{"rendered":"<div class=\"flex_column av_one_full  flex_column_div av-zero-column-padding first  avia-builder-el-0  el_before_av_one_full  avia-builder-el-first  \" style='border-radius:0px; '><div  class='avia-image-container  av-styling-    avia-builder-el-1  avia-builder-el-no-sibling  avia-align-center '  itemprop=\"image\" itemscope=\"itemscope\" itemtype=\"https:\/\/schema.org\/ImageObject\"  ><div class='avia-image-container-inner'><div class='avia-image-overlay-wrap'><img decoding=\"async\" class='wp-image-30238 avia-img-lazy-loading-not-30238 avia_image' src=\"https:\/\/radiorevelacionfm.cl\/wp-content\/uploads\/2023\/04\/primera-sesion-actualizacion-pmc-foto-1-1_optimized.jpg\" alt='' title='primera-sesi\u00f3n-actualizaci\u00f3n-pmc---foto-1-(1)_optimized' height=\"600\" width=\"899\"  itemprop=\"thumbnailUrl\" srcset=\"https:\/\/radiorevelacionfm.cl\/wp-content\/uploads\/2023\/04\/primera-sesion-actualizacion-pmc-foto-1-1_optimized.jpg 899w, https:\/\/radiorevelacionfm.cl\/wp-content\/uploads\/2023\/04\/primera-sesion-actualizacion-pmc-foto-1-1_optimized-300x200.jpg 300w, https:\/\/radiorevelacionfm.cl\/wp-content\/uploads\/2023\/04\/primera-sesion-actualizacion-pmc-foto-1-1_optimized-768x513.jpg 768w, https:\/\/radiorevelacionfm.cl\/wp-content\/uploads\/2023\/04\/primera-sesion-actualizacion-pmc-foto-1-1_optimized-705x471.jpg 705w, https:\/\/radiorevelacionfm.cl\/wp-content\/uploads\/2023\/04\/primera-sesion-actualizacion-pmc-foto-1-1_optimized-450x300.jpg 450w, https:\/\/radiorevelacionfm.cl\/wp-content\/uploads\/2023\/04\/primera-sesion-actualizacion-pmc-foto-1-1_optimized-600x400.jpg 600w\" sizes=\"(max-width: 899px) 100vw, 899px\" \/><\/div><\/div><\/div><\/div><div class=\"flex_column av_one_full  flex_column_div av-zero-column-padding first  avia-builder-el-2  el_after_av_one_full  el_before_av_one_full  column-top-margin\" style='border-radius:0px; '><section class=\"av_textblock_section \"  itemscope=\"itemscope\" itemtype=\"https:\/\/schema.org\/BlogPosting\" itemprop=\"blogPost\" ><div class='avia_textblock  '   itemprop=\"text\" ><p style=\"text-align: center;\"><span style=\"font-size: 18pt;\"><strong>R\u00edo Ib\u00e1\u00f1ez comienza primera etapa de actualizaci\u00f3n de su Plan Municipal de Cultura<\/strong><\/span><\/p>\n<div id=\"gtx-trans\" style=\"position: absolute; left: -50px; top: 4.31534px;\">\n<div class=\"gtx-trans-icon\"><\/div>\n<\/div>\n<\/div><\/section><\/div><div class=\"flex_column av_one_full  flex_column_div av-zero-column-padding first  avia-builder-el-4  el_after_av_one_full  el_before_av_hr  column-top-margin\" style='border-radius:0px; '><section class=\"av_textblock_section \"  itemscope=\"itemscope\" itemtype=\"https:\/\/schema.org\/BlogPosting\" itemprop=\"blogPost\" ><div class='avia_textblock  '   itemprop=\"text\" ><p style=\"text-align: justify;\">Con alrededor de 30 agentes culturales, creadoras y representantes de agrupaciones sociales de Puerto Ib\u00e1\u00f1ez, se dio inicio al codise\u00f1o del Plan Municipal de Cultura (PMC), el cual regir\u00e1 por cuatro a\u00f1os los lineamientos estrat\u00e9gicos de la comuna en materia art\u00edstico cultural, tras cumplir su vigencia el anterior.<\/p>\n<p style=\"text-align: justify;\">Al respecto, la autoridad de la cartera cultural de Ays\u00e9n, Felipe Quiroz, explic\u00f3 que \u201cel Ministerio de las Culturas, las Artes y el Patrimonio, en colaboraci\u00f3n con las municipalidades del pa\u00eds, han trazado un trabajo colaborativo que es la elaboraci\u00f3n de los Planes Municipales de Cultura, el cual tiene como prop\u00f3sito levantar una hoja de ruta en relaci\u00f3n a la gesti\u00f3n cultural local de cada municipio y aqu\u00ed, en la Regi\u00f3n de Ays\u00e9n, han servido como una herramienta de validaci\u00f3n de parte de las comunidades\u201d.<\/p>\n<p style=\"text-align: justify;\">Financiado por el programa Red Cultura de la Seremi de Culturas Ays\u00e9n y puesto en marcha por la Municipalidad de R\u00edo Ib\u00e1\u00f1ez, el PMC es guiado por las profesionales M\u00f3nica Mel\u00e9ndez y Camila Ram\u00edrez, quienes poseen una nutrida trayectoria en la articulaci\u00f3n patrimonial y cultural. En esa l\u00ednea, la dupla prepar\u00f3 un completo material en la primera sesi\u00f3n que tuvo lugar en la Casa Comunitaria de Puerto Ib\u00e1\u00f1ez al despuntar la semana, para favorecer el di\u00e1logo horizontal, la escucha activa y respectiva recopilaci\u00f3n de informaci\u00f3n en la propuesta metodol\u00f3gica.<\/p>\n<p style=\"text-align: justify;\">Lo anterior qued\u00f3 plasmado en las mesas de trabajo en que agentes culturales, dirigentes sociales, concejales y artesanas, adem\u00e1s de intercambiar perspectivas en torno a la materia, profundizaron en las fortalezas, oportunidades, debilidades y amenazas latentes a nivel comunal.<\/p>\n<p style=\"text-align: justify;\">\u201cCreo que es un proceso s\u00faper importante, porque la comuna de R\u00edo Ib\u00e1\u00f1ez es muy rica culturalmente, y al tener este plan o hoja de ruta de cuatro a\u00f1os, hace que todo converja en este proceso que vamos a establecer\u201d, expres\u00f3 la concejala Claudia Fuentes, palabras a la que se sum\u00f3 el concejal Juan Saldivia, tras manifestar la necesidad de actualizaci\u00f3n acorde a los tiempos. \u201cHoy en d\u00eda tambi\u00e9n se van sumando otras miradas a las actividades culturales dentro de la comuna, por lo tanto, era necesario comenzar este proceso\u201d.<\/p>\n<p style=\"text-align: justify;\">Desde el circuito artesanal, Mirta Pillancari, valor\u00f3 la din\u00e1mica implantada para el codise\u00f1o del PMC. \u201cSiento que el trabajo que se est\u00e1 desarrollando ha sido muy activo, donde cada persona integra grupos y a la vez le permite compartir las inquietudes para as\u00ed llegar a un consenso grupal y registrar lo que se necesita mejorar, agregar o cambiar\u201d.<\/p>\n<p style=\"text-align: justify;\">Por otra parte, la artesana y gestora cultural, Leila S\u00e1nchez, puso el foco en el fortalecimiento del tejido social y su historia. \u201cEs s\u00faper importante primero conversar en relaci\u00f3n al patrimonio, las culturas, las artes locales; identificarlas, valorarlas, para luego tener esta hoja de ruta que nos indique cu\u00e1les pueden ser los siguientes pasos para relevar todos estos valores dentro de esta realidad, que muchas veces es subvalorada\u201d.<\/p>\n<p style=\"text-align: justify;\">Cabe mencionar que ocurrida la validaci\u00f3n del instrumento PMC, debe integrarse al Plan de Desarrollo Comunal (PLADECO) durante el tiempo que dure su vigencia.<\/p>\n<p style=\"text-align: justify;\"><strong>Pr\u00f3ximas fechas del codise\u00f1o <\/strong><\/p>\n<p style=\"text-align: justify;\">Martes 25 de abril a las 15:00 horas<br \/>\nCasa Comunitaria de Puerto S\u00e1nchez<\/p>\n<p style=\"text-align: justify;\">Martes 25 de abril a las 18:00 horas<br \/>\nCasa Comunitaria de Bah\u00eda Murta<\/p>\n<p>Jueves 27 de abril a las 15:00 horas<br \/>\nCasa Comunitaria de Puerto Tranquilo<\/p>\n<p>Martes 2 de mayo a las 15:00 horas<br \/>\nCasa Comunitaria de Cerro Castillo<\/p>\n<\/div><\/section><\/div><div  style='height:50px' class='hr hr-invisible   avia-builder-el-6  el_after_av_one_full  el_before_av_social_share '><span class='hr-inner ' ><span class='hr-inner-style'><\/span><\/span><\/div><\/p>\n<div  class='av-social-sharing-box  avia-builder-el-7  el_after_av_hr  el_before_av_hr  '><div class='av-share-box'><h5 class='av-share-link-description av-no-toc '>Compartir esta noticia<\/h5><ul class='av-share-box-list noLightbox'><li class='av-share-link av-social-link-facebook' ><a target=\"_blank\" aria-label=\"Compartir en Facebook\" href='https:\/\/www.facebook.com\/sharer.php?u=https:\/\/radiorevelacionfm.cl\/?p=30236&#038;t=R%C3%ADo%20Ib%C3%A1%C3%B1ez%20comienza%20primera%20etapa%20de%20actualizaci%C3%B3n%20de%20su%20Plan%20Municipal%20de%20Cultura' aria-hidden='false' data-av_icon='\ue8f3' data-av_iconfont='entypo-fontello' title='' data-avia-related-tooltip='Compartir en Facebook' rel=\"noopener\"><span class='avia_hidden_link_text'>Compartir en Facebook<\/span><\/a><\/li><li class='av-share-link av-social-link-twitter' ><a target=\"_blank\" aria-label=\"Compartir en Twitter\" href='https:\/\/twitter.com\/share?text=R%C3%ADo%20Ib%C3%A1%C3%B1ez%20comienza%20primera%20etapa%20de%20actualizaci%C3%B3n%20de%20su%20Plan%20Municipal%20de%20Cultura&#038;url=https:\/\/radiorevelacionfm.cl\/?p=30236' aria-hidden='false' data-av_icon='\ue8f1' data-av_iconfont='entypo-fontello' title='' data-avia-related-tooltip='Compartir en Twitter' rel=\"noopener\"><span class='avia_hidden_link_text'>Compartir en Twitter<\/span><\/a><\/li><li class='av-share-link av-social-link-whatsapp' ><a target=\"_blank\" aria-label=\"Compartir en Whatsapp\" href='https:\/\/api.whatsapp.com\/send?text=https:\/\/radiorevelacionfm.cl\/?p=30236' aria-hidden='false' data-av_icon='\uf232' data-av_iconfont='entypo-fontello' title='' data-avia-related-tooltip='Compartir en Whatsapp' rel=\"noopener\"><span class='avia_hidden_link_text'>Compartir en Whatsapp<\/span><\/a><\/li><li class='av-share-link av-social-link-linkedin' ><a target=\"_blank\" aria-label=\"Compartir en LinkedIn\" href='https:\/\/linkedin.com\/shareArticle?mini=true&#038;title=R%C3%ADo%20Ib%C3%A1%C3%B1ez%20comienza%20primera%20etapa%20de%20actualizaci%C3%B3n%20de%20su%20Plan%20Municipal%20de%20Cultura&#038;url=https:\/\/radiorevelacionfm.cl\/?p=30236' aria-hidden='false' data-av_icon='\ue8fc' data-av_iconfont='entypo-fontello' title='' data-avia-related-tooltip='Compartir en LinkedIn' rel=\"noopener\"><span class='avia_hidden_link_text'>Compartir en LinkedIn<\/span><\/a><\/li><li class='av-share-link av-social-link-mail' ><a  aria-label=\"Compartir por correo\" href='mailto:?subject=R%C3%ADo%20Ib%C3%A1%C3%B1ez%20comienza%20primera%20etapa%20de%20actualizaci%C3%B3n%20de%20su%20Plan%20Municipal%20de%20Cultura&#038;body=https:\/\/radiorevelacionfm.cl\/?p=30236' aria-hidden='false' data-av_icon='\ue805' data-av_iconfont='entypo-fontello' title='' data-avia-related-tooltip='Compartir por correo'><span class='avia_hidden_link_text'>Compartir por correo<\/span><\/a><\/li><\/ul><\/div><\/div>\n<div  style='height:50px' class='hr hr-invisible   avia-builder-el-8  el_after_av_social_share  el_before_av_comments_list '><span class='hr-inner ' ><span class='hr-inner-style'><\/span><\/span><\/div>\n<div  class='av-buildercomment  av-blog-meta-html-info-disabled av-blog-meta-tag-disabled  '><\/div>\n","protected":false},"excerpt":{"rendered":"","protected":false},"author":1,"featured_media":30238,"comment_status":"open","ping_status":"open","sticky":false,"template":"","format":"standard","meta":{"footnotes":""},"categories":[52],"tags":[],"class_list":["post-30236","post","type-post","status-publish","format-standard","has-post-thumbnail","hentry","category-cultura"],"jetpack_featured_media_url":"https:\/\/radiorevelacionfm.cl\/wp-content\/uploads\/2023\/04\/primera-sesion-actualizacion-pmc-foto-1-1_optimized.jpg","_links":{"self":[{"href":"https:\/\/radiorevelacionfm.cl\/index.php?rest_route=\/wp\/v2\/posts\/30236","targetHints":{"allow":["GET"]}}],"collection":[{"href":"https:\/\/radiorevelacionfm.cl\/index.php?rest_route=\/wp\/v2\/posts"}],"about":[{"href":"https:\/\/radiorevelacionfm.cl\/index.php?rest_route=\/wp\/v2\/types\/post"}],"author":[{"embeddable":true,"href":"https:\/\/radiorevelacionfm.cl\/index.php?rest_route=\/wp\/v2\/users\/1"}],"replies":[{"embeddable":true,"href":"https:\/\/radiorevelacionfm.cl\/index.php?rest_route=%2Fwp%2Fv2%2Fcomments&post=30236"}],"version-history":[{"count":1,"href":"https:\/\/radiorevelacionfm.cl\/index.php?rest_route=\/wp\/v2\/posts\/30236\/revisions"}],"predecessor-version":[{"id":30239,"href":"https:\/\/radiorevelacionfm.cl\/index.php?rest_route=\/wp\/v2\/posts\/30236\/revisions\/30239"}],"wp:featuredmedia":[{"embeddable":true,"href":"https:\/\/radiorevelacionfm.cl\/index.php?rest_route=\/wp\/v2\/media\/30238"}],"wp:attachment":[{"href":"https:\/\/radiorevelacionfm.cl\/index.php?rest_route=%2Fwp%2Fv2%2Fmedia&parent=30236"}],"wp:term":[{"taxonomy":"category","embeddable":true,"href":"https:\/\/radiorevelacionfm.cl\/index.php?rest_route=%2Fwp%2Fv2%2Fcategories&post=30236"},{"taxonomy":"post_tag","embeddable":true,"href":"https:\/\/radiorevelacionfm.cl\/index.php?rest_route=%2Fwp%2Fv2%2Ftags&post=30236"}],"curies":[{"name":"wp","href":"https:\/\/api.w.org\/{rel}","templated":true}]}}