{"id":30230,"date":"2023-04-19T22:16:23","date_gmt":"2023-04-20T01:16:23","guid":{"rendered":"https:\/\/radiorevelacionfm.cl\/?p=30230"},"modified":"2023-04-19T22:16:23","modified_gmt":"2023-04-20T01:16:23","slug":"raphael-encabeza-reunion-con-dirigentas-sociales-para-solicitar-cambios-en-el-registro-social-de-hogares","status":"publish","type":"post","link":"https:\/\/radiorevelacionfm.cl\/?p=30230","title":{"rendered":"Raphael encabeza reuni\u00f3n con dirigentas sociales para solicitar cambios en el Registro Social de Hogares"},"content":{"rendered":"<div class=\"flex_column av_one_full  flex_column_div av-zero-column-padding first  avia-builder-el-0  el_before_av_one_full  avia-builder-el-first  \" style='border-radius:0px; '><div  class='avia-image-container  av-styling-    avia-builder-el-1  avia-builder-el-no-sibling  avia-align-center '  itemprop=\"image\" itemscope=\"itemscope\" itemtype=\"https:\/\/schema.org\/ImageObject\"  ><div class='avia-image-container-inner'><div class='avia-image-overlay-wrap'><img decoding=\"async\" class='wp-image-30231 avia-img-lazy-loading-not-30231 avia_image' src=\"https:\/\/radiorevelacionfm.cl\/wp-content\/uploads\/2023\/04\/Dirigentas-1-1.jpeg\" alt='' title='Dirigentas (1) (1)' height=\"600\" width=\"901\"  itemprop=\"thumbnailUrl\" srcset=\"https:\/\/radiorevelacionfm.cl\/wp-content\/uploads\/2023\/04\/Dirigentas-1-1.jpeg 901w, https:\/\/radiorevelacionfm.cl\/wp-content\/uploads\/2023\/04\/Dirigentas-1-1-300x200.jpeg 300w, https:\/\/radiorevelacionfm.cl\/wp-content\/uploads\/2023\/04\/Dirigentas-1-1-768x511.jpeg 768w, https:\/\/radiorevelacionfm.cl\/wp-content\/uploads\/2023\/04\/Dirigentas-1-1-705x469.jpeg 705w, https:\/\/radiorevelacionfm.cl\/wp-content\/uploads\/2023\/04\/Dirigentas-1-1-450x300.jpeg 450w, https:\/\/radiorevelacionfm.cl\/wp-content\/uploads\/2023\/04\/Dirigentas-1-1-600x400.jpeg 600w\" sizes=\"(max-width: 901px) 100vw, 901px\" \/><\/div><\/div><\/div><\/div><div class=\"flex_column av_one_full  flex_column_div av-zero-column-padding first  avia-builder-el-2  el_after_av_one_full  el_before_av_one_full  column-top-margin\" style='border-radius:0px; '><section class=\"av_textblock_section \"  itemscope=\"itemscope\" itemtype=\"https:\/\/schema.org\/BlogPosting\" itemprop=\"blogPost\" ><div class='avia_textblock  '   itemprop=\"text\" ><p style=\"text-align: center;\"><span style=\"font-size: 18pt;\"><strong>Raphael encabeza reuni\u00f3n con dirigentas sociales para solicitar cambios en el Registro Social de Hogares<\/strong><\/span><\/p>\n<div id=\"gtx-trans\" style=\"position: absolute; left: -50px; top: 4.31534px;\">\n<div class=\"gtx-trans-icon\"><\/div>\n<\/div>\n<\/div><\/section><\/div><div class=\"flex_column av_one_full  flex_column_div av-zero-column-padding first  avia-builder-el-4  el_after_av_one_full  el_before_av_hr  column-top-margin\" style='border-radius:0px; '><section class=\"av_textblock_section \"  itemscope=\"itemscope\" itemtype=\"https:\/\/schema.org\/BlogPosting\" itemprop=\"blogPost\" ><div class='avia_textblock  '   itemprop=\"text\" ><p style=\"text-align: justify;\">La Diputada Marcia Raphael mantuvo una reuni\u00f3n con dirigentas sociales parte de la Fundaci\u00f3n Por Todas y su proyecto Conectadas, financiado por la Uni\u00f3n Europea, con el fin de solicitarle de manera formal al Presidente Gabriel Boric y el Ministro de Desarrollo Social Giorgio Jackson, cambios concretos en el instrumento que mide el grado de vulnerabilidad de las familias chilenas, el Registro Social de Hogares.<\/p>\n<p style=\"text-align: justify;\">Seg\u00fan lo se\u00f1alado por las dirigentas, este instrumento lamentablemente no refleja realmente la realidad de las familias, argumentado que solamente refleja los ingresos de esta, dejando las variables de gasto del n\u00facleo familiar lejos de la medici\u00f3n, lo que termina incidiendo seg\u00fan las mismas dirigentas sociales, negativamente en la entrega de ayudas estatales.<\/p>\n<p style=\"text-align: justify;\">Para la diputada de Renovaci\u00f3n Nacional, el Registro Social de Hogares se ha convertido lamentablemente en una metodolog\u00eda que solo mide y suma los ingresos de los distintos miembros del grupo familiar.<\/p>\n<p style=\"text-align: justify;\">\u201cEl Registro Social de Hogares deja fuera variables tan importantes como los gastos en materia educacional, enfermedades catastr\u00f3ficas, gastos en dividendo, arriendos, entre otros. Tampoco permite, seg\u00fan lo que nos se\u00f1alaban las dirigentas sociales, que una familia se catalogue como damnificada, ante un evento que incide en el presupuesto familiar\u201d<\/p>\n<p style=\"text-align: justify;\">Por lo anterior, la diputada por la Regi\u00f3n de Ays\u00e9n, ha presentado un proyecto de resoluci\u00f3n en la C\u00e1mara que solicite al ejecutivo poder arreglar estos inconvenientes que inciden negativamente en la entrega de bonos y beneficios sociales, afectando as\u00ed a las familias aiseninas y a las del resto del pa\u00eds. Por otra parte, Raphael ha se\u00f1alado que otra de las variables importantes es poder reflejar la realidad de las zonas extremas en el Registro Social de Hogares, en donde temas como la distancias, valor de la canasta b\u00e1sica, supera a los promedios a nivel nacional.<\/p>\n<\/div><\/section><\/div><div  style='height:50px' class='hr hr-invisible   avia-builder-el-6  el_after_av_one_full  el_before_av_social_share '><span class='hr-inner ' ><span class='hr-inner-style'><\/span><\/span><\/div><\/p>\n<div  class='av-social-sharing-box  avia-builder-el-7  el_after_av_hr  el_before_av_hr  '><div class='av-share-box'><h5 class='av-share-link-description av-no-toc '>Compartir esta noticia<\/h5><ul class='av-share-box-list noLightbox'><li class='av-share-link av-social-link-facebook' ><a target=\"_blank\" aria-label=\"Compartir en Facebook\" href='https:\/\/www.facebook.com\/sharer.php?u=https:\/\/radiorevelacionfm.cl\/?p=30230&#038;t=Raphael%20encabeza%20reuni%C3%B3n%20con%20dirigentas%20sociales%20para%20solicitar%20cambios%20en%20el%20Registro%20Social%20de%20Hogares' aria-hidden='false' data-av_icon='\ue8f3' data-av_iconfont='entypo-fontello' title='' data-avia-related-tooltip='Compartir en Facebook' rel=\"noopener\"><span class='avia_hidden_link_text'>Compartir en Facebook<\/span><\/a><\/li><li class='av-share-link av-social-link-twitter' ><a target=\"_blank\" aria-label=\"Compartir en Twitter\" href='https:\/\/twitter.com\/share?text=Raphael%20encabeza%20reuni%C3%B3n%20con%20dirigentas%20sociales%20para%20solicitar%20cambios%20en%20el%20Registro%20Social%20de%20Hogares&#038;url=https:\/\/radiorevelacionfm.cl\/?p=30230' aria-hidden='false' data-av_icon='\ue8f1' data-av_iconfont='entypo-fontello' title='' data-avia-related-tooltip='Compartir en Twitter' rel=\"noopener\"><span class='avia_hidden_link_text'>Compartir en Twitter<\/span><\/a><\/li><li class='av-share-link av-social-link-whatsapp' ><a target=\"_blank\" aria-label=\"Compartir en Whatsapp\" href='https:\/\/api.whatsapp.com\/send?text=https:\/\/radiorevelacionfm.cl\/?p=30230' aria-hidden='false' data-av_icon='\uf232' data-av_iconfont='entypo-fontello' title='' data-avia-related-tooltip='Compartir en Whatsapp' rel=\"noopener\"><span class='avia_hidden_link_text'>Compartir en Whatsapp<\/span><\/a><\/li><li class='av-share-link av-social-link-linkedin' ><a target=\"_blank\" aria-label=\"Compartir en LinkedIn\" href='https:\/\/linkedin.com\/shareArticle?mini=true&#038;title=Raphael%20encabeza%20reuni%C3%B3n%20con%20dirigentas%20sociales%20para%20solicitar%20cambios%20en%20el%20Registro%20Social%20de%20Hogares&#038;url=https:\/\/radiorevelacionfm.cl\/?p=30230' aria-hidden='false' data-av_icon='\ue8fc' data-av_iconfont='entypo-fontello' title='' data-avia-related-tooltip='Compartir en LinkedIn' rel=\"noopener\"><span class='avia_hidden_link_text'>Compartir en LinkedIn<\/span><\/a><\/li><li class='av-share-link av-social-link-mail' ><a  aria-label=\"Compartir por correo\" href='mailto:?subject=Raphael%20encabeza%20reuni%C3%B3n%20con%20dirigentas%20sociales%20para%20solicitar%20cambios%20en%20el%20Registro%20Social%20de%20Hogares&#038;body=https:\/\/radiorevelacionfm.cl\/?p=30230' aria-hidden='false' data-av_icon='\ue805' data-av_iconfont='entypo-fontello' title='' data-avia-related-tooltip='Compartir por correo'><span class='avia_hidden_link_text'>Compartir por correo<\/span><\/a><\/li><\/ul><\/div><\/div>\n<div  style='height:50px' class='hr hr-invisible   avia-builder-el-8  el_after_av_social_share  el_before_av_comments_list '><span class='hr-inner ' ><span class='hr-inner-style'><\/span><\/span><\/div>\n<div  class='av-buildercomment  av-blog-meta-html-info-disabled av-blog-meta-tag-disabled  '><\/div>\n","protected":false},"excerpt":{"rendered":"","protected":false},"author":1,"featured_media":30231,"comment_status":"open","ping_status":"open","sticky":false,"template":"","format":"standard","meta":{"footnotes":""},"categories":[35],"tags":[],"class_list":["post-30230","post","type-post","status-publish","format-standard","has-post-thumbnail","hentry","category-politica"],"jetpack_featured_media_url":"https:\/\/radiorevelacionfm.cl\/wp-content\/uploads\/2023\/04\/Dirigentas-1-1.jpeg","_links":{"self":[{"href":"https:\/\/radiorevelacionfm.cl\/index.php?rest_route=\/wp\/v2\/posts\/30230","targetHints":{"allow":["GET"]}}],"collection":[{"href":"https:\/\/radiorevelacionfm.cl\/index.php?rest_route=\/wp\/v2\/posts"}],"about":[{"href":"https:\/\/radiorevelacionfm.cl\/index.php?rest_route=\/wp\/v2\/types\/post"}],"author":[{"embeddable":true,"href":"https:\/\/radiorevelacionfm.cl\/index.php?rest_route=\/wp\/v2\/users\/1"}],"replies":[{"embeddable":true,"href":"https:\/\/radiorevelacionfm.cl\/index.php?rest_route=%2Fwp%2Fv2%2Fcomments&post=30230"}],"version-history":[{"count":1,"href":"https:\/\/radiorevelacionfm.cl\/index.php?rest_route=\/wp\/v2\/posts\/30230\/revisions"}],"predecessor-version":[{"id":30232,"href":"https:\/\/radiorevelacionfm.cl\/index.php?rest_route=\/wp\/v2\/posts\/30230\/revisions\/30232"}],"wp:featuredmedia":[{"embeddable":true,"href":"https:\/\/radiorevelacionfm.cl\/index.php?rest_route=\/wp\/v2\/media\/30231"}],"wp:attachment":[{"href":"https:\/\/radiorevelacionfm.cl\/index.php?rest_route=%2Fwp%2Fv2%2Fmedia&parent=30230"}],"wp:term":[{"taxonomy":"category","embeddable":true,"href":"https:\/\/radiorevelacionfm.cl\/index.php?rest_route=%2Fwp%2Fv2%2Fcategories&post=30230"},{"taxonomy":"post_tag","embeddable":true,"href":"https:\/\/radiorevelacionfm.cl\/index.php?rest_route=%2Fwp%2Fv2%2Ftags&post=30230"}],"curies":[{"name":"wp","href":"https:\/\/api.w.org\/{rel}","templated":true}]}}