{"id":30227,"date":"2023-04-19T22:38:37","date_gmt":"2023-04-20T01:38:37","guid":{"rendered":"https:\/\/radiorevelacionfm.cl\/?p=30227"},"modified":"2023-04-19T22:41:24","modified_gmt":"2023-04-20T01:41:24","slug":"ultimo-analisis-del-stop-indica-una-disminucion-de-los-principales-delitos-en-la-region-de-aysen","status":"publish","type":"post","link":"https:\/\/radiorevelacionfm.cl\/?p=30227","title":{"rendered":"\u00daltimo an\u00e1lisis del STOP indica una disminuci\u00f3n de los principales delitos en la regi\u00f3n de Ays\u00e9n"},"content":{"rendered":"<div class=\"flex_column av_one_full  flex_column_div av-zero-column-padding first  avia-builder-el-0  el_before_av_one_full  avia-builder-el-first  \" style='border-radius:0px; '><div  class='avia-image-container  av-styling-    avia-builder-el-1  avia-builder-el-no-sibling  avia-align-center '  itemprop=\"image\" itemscope=\"itemscope\" itemtype=\"https:\/\/schema.org\/ImageObject\"  ><div class='avia-image-container-inner'><div class='avia-image-overlay-wrap'><img decoding=\"async\" class='wp-image-30243 avia-img-lazy-loading-not-30243 avia_image' src=\"https:\/\/radiorevelacionfm.cl\/wp-content\/uploads\/2023\/04\/3-Medios-1-1.jpg\" alt='' title='3 Medios (1) (1)' height=\"600\" width=\"900\"  itemprop=\"thumbnailUrl\" srcset=\"https:\/\/radiorevelacionfm.cl\/wp-content\/uploads\/2023\/04\/3-Medios-1-1.jpg 900w, https:\/\/radiorevelacionfm.cl\/wp-content\/uploads\/2023\/04\/3-Medios-1-1-300x200.jpg 300w, https:\/\/radiorevelacionfm.cl\/wp-content\/uploads\/2023\/04\/3-Medios-1-1-768x512.jpg 768w, https:\/\/radiorevelacionfm.cl\/wp-content\/uploads\/2023\/04\/3-Medios-1-1-705x470.jpg 705w, https:\/\/radiorevelacionfm.cl\/wp-content\/uploads\/2023\/04\/3-Medios-1-1-450x300.jpg 450w, https:\/\/radiorevelacionfm.cl\/wp-content\/uploads\/2023\/04\/3-Medios-1-1-600x400.jpg 600w\" sizes=\"(max-width: 900px) 100vw, 900px\" \/><\/div><\/div><\/div><\/div><div class=\"flex_column av_one_full  flex_column_div av-zero-column-padding first  avia-builder-el-2  el_after_av_one_full  el_before_av_one_full  column-top-margin\" style='border-radius:0px; '><section class=\"av_textblock_section \"  itemscope=\"itemscope\" itemtype=\"https:\/\/schema.org\/BlogPosting\" itemprop=\"blogPost\" ><div class='avia_textblock  '   itemprop=\"text\" ><p style=\"text-align: center;\"><span style=\"font-size: 18pt;\"><b>\u00daltimo an\u00e1lisis del STOP indica una disminuci\u00f3n de los principales delitos en la regi\u00f3n de Ays\u00e9n<\/b><\/span><\/p>\n<div id=\"gtx-trans\" style=\"position: absolute; left: -50px; top: 4.31534px;\">\n<div class=\"gtx-trans-icon\"><\/div>\n<\/div>\n<\/div><\/section><\/div><\/p>\n<div class=\"flex_column av_one_full  flex_column_div av-zero-column-padding first  avia-builder-el-4  el_after_av_one_full  el_before_av_hr  column-top-margin\" style='border-radius:0px; '><section class=\"av_textblock_section \"  itemscope=\"itemscope\" itemtype=\"https:\/\/schema.org\/BlogPosting\" itemprop=\"blogPost\" ><div class='avia_textblock  '   itemprop=\"text\" ><p style=\"font-weight: 400; text-align: justify;\">El Delegado Regional Presidencial de Ays\u00e9n, Rodrigo Araya Morales, junto al Coronel Fuad Chaban Vilches, Prefecto de Carabineros de la Prefectura Ays\u00e9n, encabezaron una nueva reuni\u00f3n en el marco del Sistema T\u00e1ctico de Operaci\u00f3n Policial (STOP), que permite a las autoridades realizar un an\u00e1lisis de las tendencias y los cambios en el comportamiento delictual. Participaron de la sesi\u00f3n autoridades provinciales, como los delegados presidenciales de las Provincias General Carrera y Cochrane, representantes de diversas municipalidades, de la C\u00e1mara de Comercio, de Fiscal\u00eda y Defensor\u00eda, como tambi\u00e9n de los cuerpos policiales y Gendarmer\u00eda.<\/p>\n<p style=\"font-weight: 400; text-align: justify;\">La m\u00e1xima autoridad de Gobierno en la regi\u00f3n de Ays\u00e9n asegur\u00f3 que \u201cfue una reuni\u00f3n tremendamente valiosa porque pudimos compartir entre todos e ir estableciendo algunos compromisos con Carabineros. Desde el punto de vista de la informaci\u00f3n, cada comisar\u00eda ha desarrollado priorizaciones respecto a los delitos de mayor cuant\u00eda que habr\u00edan sido detectados gracias a los STOP previos y en cada una de estas hay un progreso significativo, como tambi\u00e9n una buena proyecci\u00f3n gracias a las gestiones de Carabineros\u201d, destac\u00f3 el delegado presidencial regional, reforzando la idea de que esta coordinaci\u00f3n y aumento de la cantidad de actividades durante este \u00faltimo a\u00f1o ha sido el principal factor por el cual han disminuido los delitos en la regi\u00f3n.<\/p>\n<p style=\"font-weight: 400; text-align: justify;\">\u201cAcabamos de finalizar la sesi\u00f3n del STOP de la semana 16 en an\u00e1lisis, donde cada una de las cuatro unidades de la Prefectura de Ays\u00e9n inform\u00f3 sobre los trabajos que ellos han realizado. Los antecedentes nos indican que hemos bajado m\u00e1s de un 3,8% los delitos de mayor constataci\u00f3n social en la regi\u00f3n. Esto es gracias al trabajo permanente que est\u00e1 realizando Carabineros, la cooperaci\u00f3n de la ciudadan\u00eda y las diversas entidades del sistema p\u00fablico, como Fiscal\u00eda, Delegaci\u00f3n, Defensor\u00eda, Sendas y las municipalidades, que han sido un gran aporte en la prevenci\u00f3n de delitos en la regi\u00f3n\u201d, enfatiz\u00f3 el coronel de Carabineros, quien estuvo a cargo de la exposici\u00f3n de los principales \u00edndices en esta sesi\u00f3n.<\/p>\n<p style=\"font-weight: 400; text-align: justify;\">Por su parte, la presidenta de la C\u00e1mara de Comercio, Servicios, Industria y Turismo de Coyhaique, Daisy Mondelo Duhalde, se mostr\u00f3 conforme con el balance realizado a nivel regional y tambi\u00e9n con el incremento de los controles policiales. \u201cSe agradece, bajan las v\u00edctimas en nuestro sector, el comercio, que ha sido duramente golpeado por esta otra pandemia que es la delincuencia\u201d, plante\u00f3, haciendo un llamado a mejorar el uso de c\u00e1maras de seguridad.<\/p>\n<p style=\"font-weight: 400; text-align: justify;\"><strong>Resultados en el aumento de las gestiones realizadas por el SIAT de Carabineros<\/strong><\/p>\n<p style=\"font-weight: 400; text-align: justify;\">Para finalizar esta \u00faltima sesi\u00f3n, el capit\u00e1n Osvaldo Mellado Arrepol, expuso un balance realizado por la Secci\u00f3n de Investigaci\u00f3n de Accidentes de Tr\u00e1nsito (SIAT), mostrando cifras positivas gracias al aumento del control policial, con una baja en la cantidad de accidentes, sobre todo letales.<\/p>\n<p style=\"font-weight: 400; text-align: justify;\">\u201cNosotros como unidad especializada de Carabineros nos enfocamos a investigar aquellos accidentes de tr\u00e1nsito donde hay resultado de personas fallecidas o con lesiones graves y tambi\u00e9n realizamos campa\u00f1as preventivas para disminuir accidentes en el tr\u00e1nsito\u201d, se\u00f1al\u00f3. \u201cEl principal llamado que hacemos a la comunidad es realizar siempre una conducci\u00f3n atenta a las condiciones del tr\u00e1nsito y respetar los l\u00edmites de velocidad permitidos, teniendo siempre en consideraci\u00f3n los caminos por lo cuales nos estamos desplazando\u201d, inst\u00f3 el capit\u00e1n de Carabineros, recomendando revisar siempre el estado de nuestros veh\u00edculos.<\/p>\n<p style=\"font-weight: 400; text-align: justify;\">\u201cDe igual forma, como instituci\u00f3n hemos estado realizando distintos tipos de controles a lo largo de toda la ruta y en los principales accesos a las ciudades, buscando evitar accidentes, ya sea por alg\u00fan exceso de velocidad, por no respetar alguna se\u00f1al de tr\u00e1nsito o no estar atentos a la ruta, por ejemplo, al ir hablando por tel\u00e9fono celular\u201d, coment\u00f3, recordando que la velocidad m\u00e1xima permitida en zona urbana es de 50 kil\u00f3metros por hora y en zonas rurales de 100 kil\u00f3metros por hora, pero que las rutas siempre est\u00e1n se\u00f1alizadas en aquellos puntos donde esta se restringe, principalmente en aquellos caminos donde por previo estudio no se puede superar un cierto l\u00edmite de velocidad.<\/p>\n<\/div><\/section><\/div>\n<div  style='height:50px' class='hr hr-invisible   avia-builder-el-6  el_after_av_one_full  el_before_av_social_share '><span class='hr-inner ' ><span class='hr-inner-style'><\/span><\/span><\/div>\n<div  class='av-social-sharing-box  avia-builder-el-7  el_after_av_hr  el_before_av_hr  '><div class='av-share-box'><h5 class='av-share-link-description av-no-toc '>Compartir esta noticia<\/h5><ul class='av-share-box-list noLightbox'><li class='av-share-link av-social-link-facebook' ><a target=\"_blank\" aria-label=\"Compartir en Facebook\" href='https:\/\/www.facebook.com\/sharer.php?u=https:\/\/radiorevelacionfm.cl\/?p=30227&#038;t=%C3%9Altimo%20an%C3%A1lisis%20del%20STOP%20indica%20una%20disminuci%C3%B3n%20de%20los%20principales%20delitos%20en%20la%20regi%C3%B3n%20de%20Ays%C3%A9n' aria-hidden='false' data-av_icon='\ue8f3' data-av_iconfont='entypo-fontello' title='' data-avia-related-tooltip='Compartir en Facebook' rel=\"noopener\"><span class='avia_hidden_link_text'>Compartir en Facebook<\/span><\/a><\/li><li class='av-share-link av-social-link-twitter' ><a target=\"_blank\" aria-label=\"Compartir en Twitter\" href='https:\/\/twitter.com\/share?text=%C3%9Altimo%20an%C3%A1lisis%20del%20STOP%20indica%20una%20disminuci%C3%B3n%20de%20los%20principales%20delitos%20en%20la%20regi%C3%B3n%20de%20Ays%C3%A9n&#038;url=https:\/\/radiorevelacionfm.cl\/?p=30227' aria-hidden='false' data-av_icon='\ue8f1' data-av_iconfont='entypo-fontello' title='' data-avia-related-tooltip='Compartir en Twitter' rel=\"noopener\"><span class='avia_hidden_link_text'>Compartir en Twitter<\/span><\/a><\/li><li class='av-share-link av-social-link-whatsapp' ><a target=\"_blank\" aria-label=\"Compartir en Whatsapp\" href='https:\/\/api.whatsapp.com\/send?text=https:\/\/radiorevelacionfm.cl\/?p=30227' aria-hidden='false' data-av_icon='\uf232' data-av_iconfont='entypo-fontello' title='' data-avia-related-tooltip='Compartir en Whatsapp' rel=\"noopener\"><span class='avia_hidden_link_text'>Compartir en Whatsapp<\/span><\/a><\/li><li class='av-share-link av-social-link-linkedin' ><a target=\"_blank\" aria-label=\"Compartir en LinkedIn\" href='https:\/\/linkedin.com\/shareArticle?mini=true&#038;title=%C3%9Altimo%20an%C3%A1lisis%20del%20STOP%20indica%20una%20disminuci%C3%B3n%20de%20los%20principales%20delitos%20en%20la%20regi%C3%B3n%20de%20Ays%C3%A9n&#038;url=https:\/\/radiorevelacionfm.cl\/?p=30227' aria-hidden='false' data-av_icon='\ue8fc' data-av_iconfont='entypo-fontello' title='' data-avia-related-tooltip='Compartir en LinkedIn' rel=\"noopener\"><span class='avia_hidden_link_text'>Compartir en LinkedIn<\/span><\/a><\/li><li class='av-share-link av-social-link-mail' ><a  aria-label=\"Compartir por correo\" href='mailto:?subject=%C3%9Altimo%20an%C3%A1lisis%20del%20STOP%20indica%20una%20disminuci%C3%B3n%20de%20los%20principales%20delitos%20en%20la%20regi%C3%B3n%20de%20Ays%C3%A9n&#038;body=https:\/\/radiorevelacionfm.cl\/?p=30227' aria-hidden='false' data-av_icon='\ue805' data-av_iconfont='entypo-fontello' title='' data-avia-related-tooltip='Compartir por correo'><span class='avia_hidden_link_text'>Compartir por correo<\/span><\/a><\/li><\/ul><\/div><\/div>\n<div  style='height:50px' class='hr hr-invisible   avia-builder-el-8  el_after_av_social_share  el_before_av_comments_list '><span class='hr-inner ' ><span class='hr-inner-style'><\/span><\/span><\/div>\n<div  class='av-buildercomment  av-blog-meta-html-info-disabled av-blog-meta-tag-disabled  '><\/div>\n","protected":false},"excerpt":{"rendered":"","protected":false},"author":1,"featured_media":30243,"comment_status":"open","ping_status":"open","sticky":false,"template":"","format":"standard","meta":{"footnotes":""},"categories":[38],"tags":[],"class_list":["post-30227","post","type-post","status-publish","format-standard","has-post-thumbnail","hentry","category-regional"],"jetpack_featured_media_url":"https:\/\/radiorevelacionfm.cl\/wp-content\/uploads\/2023\/04\/3-Medios-1-1.jpg","_links":{"self":[{"href":"https:\/\/radiorevelacionfm.cl\/index.php?rest_route=\/wp\/v2\/posts\/30227","targetHints":{"allow":["GET"]}}],"collection":[{"href":"https:\/\/radiorevelacionfm.cl\/index.php?rest_route=\/wp\/v2\/posts"}],"about":[{"href":"https:\/\/radiorevelacionfm.cl\/index.php?rest_route=\/wp\/v2\/types\/post"}],"author":[{"embeddable":true,"href":"https:\/\/radiorevelacionfm.cl\/index.php?rest_route=\/wp\/v2\/users\/1"}],"replies":[{"embeddable":true,"href":"https:\/\/radiorevelacionfm.cl\/index.php?rest_route=%2Fwp%2Fv2%2Fcomments&post=30227"}],"version-history":[{"count":2,"href":"https:\/\/radiorevelacionfm.cl\/index.php?rest_route=\/wp\/v2\/posts\/30227\/revisions"}],"predecessor-version":[{"id":30244,"href":"https:\/\/radiorevelacionfm.cl\/index.php?rest_route=\/wp\/v2\/posts\/30227\/revisions\/30244"}],"wp:featuredmedia":[{"embeddable":true,"href":"https:\/\/radiorevelacionfm.cl\/index.php?rest_route=\/wp\/v2\/media\/30243"}],"wp:attachment":[{"href":"https:\/\/radiorevelacionfm.cl\/index.php?rest_route=%2Fwp%2Fv2%2Fmedia&parent=30227"}],"wp:term":[{"taxonomy":"category","embeddable":true,"href":"https:\/\/radiorevelacionfm.cl\/index.php?rest_route=%2Fwp%2Fv2%2Fcategories&post=30227"},{"taxonomy":"post_tag","embeddable":true,"href":"https:\/\/radiorevelacionfm.cl\/index.php?rest_route=%2Fwp%2Fv2%2Ftags&post=30227"}],"curies":[{"name":"wp","href":"https:\/\/api.w.org\/{rel}","templated":true}]}}