{"id":30223,"date":"2023-04-19T19:11:12","date_gmt":"2023-04-19T22:11:12","guid":{"rendered":"https:\/\/radiorevelacionfm.cl\/?p=30223"},"modified":"2023-04-19T19:11:12","modified_gmt":"2023-04-19T22:11:12","slug":"produccion-local-de-artesania-y-alimentos-la-apuesta-de-los-vecinos-de-guadal-para-cuidar-el-territorio","status":"publish","type":"post","link":"https:\/\/radiorevelacionfm.cl\/?p=30223","title":{"rendered":"Producci\u00f3n local de artesan\u00eda y alimentos, la apuesta de los vecinos de Guadal para cuidar el territorio"},"content":{"rendered":"<div class=\"flex_column av_one_full  flex_column_div av-zero-column-padding first  avia-builder-el-0  el_before_av_one_full  avia-builder-el-first  \" style='border-radius:0px; '><div  class='avia-image-container  av-styling-    avia-builder-el-1  avia-builder-el-no-sibling  avia-align-center '  itemprop=\"image\" itemscope=\"itemscope\" itemtype=\"https:\/\/schema.org\/ImageObject\"  ><div class='avia-image-container-inner'><div class='avia-image-overlay-wrap'><img decoding=\"async\" class='wp-image-30225 avia-img-lazy-loading-not-30225 avia_image' src=\"https:\/\/radiorevelacionfm.cl\/wp-content\/uploads\/2023\/04\/103Taller-Curtiembre-Baja-1-1.jpg\" alt='' title='103Taller Curtiembre-Baja (1) (1)' height=\"600\" width=\"900\"  itemprop=\"thumbnailUrl\" srcset=\"https:\/\/radiorevelacionfm.cl\/wp-content\/uploads\/2023\/04\/103Taller-Curtiembre-Baja-1-1.jpg 900w, https:\/\/radiorevelacionfm.cl\/wp-content\/uploads\/2023\/04\/103Taller-Curtiembre-Baja-1-1-300x200.jpg 300w, https:\/\/radiorevelacionfm.cl\/wp-content\/uploads\/2023\/04\/103Taller-Curtiembre-Baja-1-1-768x512.jpg 768w, https:\/\/radiorevelacionfm.cl\/wp-content\/uploads\/2023\/04\/103Taller-Curtiembre-Baja-1-1-705x470.jpg 705w, https:\/\/radiorevelacionfm.cl\/wp-content\/uploads\/2023\/04\/103Taller-Curtiembre-Baja-1-1-450x300.jpg 450w, https:\/\/radiorevelacionfm.cl\/wp-content\/uploads\/2023\/04\/103Taller-Curtiembre-Baja-1-1-600x400.jpg 600w\" sizes=\"(max-width: 900px) 100vw, 900px\" \/><\/div><\/div><\/div><\/div><div class=\"flex_column av_one_full  flex_column_div av-zero-column-padding first  avia-builder-el-2  el_after_av_one_full  el_before_av_one_full  column-top-margin\" style='border-radius:0px; '><section class=\"av_textblock_section \"  itemscope=\"itemscope\" itemtype=\"https:\/\/schema.org\/BlogPosting\" itemprop=\"blogPost\" ><div class='avia_textblock  '   itemprop=\"text\" ><p style=\"text-align: center;\"><span style=\"font-size: 18pt;\"><b><span lang=\"ES\">Producci<\/span><\/b><b><span lang=\"X-NONE\">\u00f3n local de artesan\u00eda y alimentos, la apuesta de los vecinos de Guadal para cuidar el territorio<\/span><\/b><\/span><\/p>\n<div id=\"gtx-trans\" style=\"position: absolute; left: -50px; top: 4.31534px;\">\n<div class=\"gtx-trans-icon\"><\/div>\n<\/div>\n<\/div><\/section><\/div><div class=\"flex_column av_one_full  flex_column_div av-zero-column-padding first  avia-builder-el-4  el_after_av_one_full  el_before_av_hr  column-top-margin\" style='border-radius:0px; '><section class=\"av_textblock_section \"  itemscope=\"itemscope\" itemtype=\"https:\/\/schema.org\/BlogPosting\" itemprop=\"blogPost\" ><div class='avia_textblock  '   itemprop=\"text\" ><p class=\"v1MsoNormal\" style=\"text-align: justify;\"><span lang=\"ES\">Una serie de iniciativas organizadas e impulsadas por las organizaciones locales de Puerto Guadal se han desarrollado durante las\u00a0<\/span><span lang=\"X-NONE\">\u00faltimas semanas, como parte del objetivo de fomentar la autoproducci\u00f3n de alimentos y el aprovechamiento de las materias primas locales. En una alianza virtuosa se han combinado el cuidado del medioambiente con la reducci\u00f3n de desechos, el turismo sustentable ampliando la oferta gastron\u00f3mica y artesan\u00eda, y el aprendizaje comunitario de nuevos oficios.<\/span><\/p>\n<p class=\"v1MsoNormal\" style=\"text-align: justify;\"><span lang=\"X-NONE\">Este fin de semana se desarroll\u00f3 el\u00a0<b>Festival de la Cosecha<\/b>\u00a0en el marco de la cuarta versi\u00f3n de la muestra gastron\u00f3mica\u00a0<b>\u00abSabores de la Perla del Lago\u00bb<\/b>. Del jueves al s\u00e1bado se realizaron talleres de charcuter\u00eda (longanizas de chivo y gallina), fermentados, y chocolater\u00eda salada y dulce, impartidos por los chefs Emerson Y\u00e1\u00f1ez, Natalia Julio y Christian Balboa, respectivamente.<\/span><\/p>\n<p class=\"v1MsoNormal\" style=\"text-align: justify;\"><span lang=\"X-NONE\">En total particip\u00f3 cerca de medio centenar de personas en los cursos, quienes expusieron el s\u00e1bado sus creaciones en el gimnasio local donde en paralelo se realiz\u00f3 una muestra de cocina en vivo de distintas aplicaciones de rosa mosqueta a cargo del chef contratado por el Instituto Forestal (INFOR) sede Patagonia Hugo Berr\u00edos. En lo art\u00edstico se present\u00f3 el D\u00fao Trapananda con Mario Burgos y Jos\u00e9 Aguilar, adem\u00e1s de t\u00edteres, marionetas gigantes y estatuas inm\u00f3viles de la Compa\u00f1\u00eda de Teatro \u00abVuelo\u00bb, que sirvieron de marco de entretenimiento para los ni\u00f1os y adultos presentes.<\/span><\/p>\n<p class=\"v1MsoNormal\" style=\"text-align: justify;\"><span lang=\"X-NONE\">En el lugar adem\u00e1s se instalaron puestos de artesan\u00eda y productos locales de las y los participantes del Encuentro de Recolectoras\/es de la Zona Sur de Ays\u00e9n del Programa FNDR \u00abTransferencia para el desarrollo productivo a base de Productos Forestales no Madereros\u00bb, impulsado por INFOR y que se realiz\u00f3 por esos d\u00edas en la localidad.<\/span><\/p>\n<p class=\"v1MsoNormal\" style=\"text-align: justify;\"><span lang=\"X-NONE\">El Festival de la Cosecha fue organizado por la\u00a0<b>Asociaci\u00f3n Gremial de Turismo, Cultura y Artesan\u00eda de Puerto Guadal<\/b> con apoyo del Programa Estrat\u00e9gico Regional de Turismo (PER) de CORFO, el Gobierno Regional de Ays\u00e9n, INFOR Patagonia y la Municipalidad de Chile Chico. Como ente articulador actu\u00f3 la Corporaci\u00f3n Chelenko que re\u00fane, a trav\u00e9s de sus organizaciones socias, a m\u00e1s de 220 empresas familiares de Bah\u00eda Murta, Puerto S\u00e1nchez, Puerto R\u00edo Tranquilo, El Le\u00f3n, Puerto Guadal y Puerto Bertrand.<\/span><\/p>\n<p class=\"v1MsoNormal\" style=\"text-align: justify;\"><span lang=\"X-NONE\">\u00abFue una actividad muy bonita, de mucho aprendizaje. Personalmente qued\u00e9 con gusto a poco porque hubo muchas personas que no pudieron hacer los talleres, pero eso nos motiva a repetir esta actividad y as\u00ed seguir dando a conocer y aprovechando todos los productos que tenemos en la zona, para aprender a hacer nuevos productos alimenticios\u00bb indic\u00f3 la\u00a0presidenta de la AG de Turismo, Ang\u00e9lica Anti\u00f1anco Levicoy.<\/span><\/p>\n<p class=\"v1MsoNormal\" style=\"text-align: justify;\"><span lang=\"X-NONE\">Sobre el objetivo de las jornadas, explic\u00f3 que \u00abest\u00e1 todo relacionado.\u00a0\u00a0Con la muestra gastron\u00f3mica de este fin de semana se carnearon chivos y todo se aprovech\u00f3 haciendo embutidos. La piel se corta y luego pasa a ser un producto para artesan\u00eda, alfombras. Y eso fomenta el turismo porque al visitante le encanta llevarse todos esos productos que no encuentran en cualquier lugar. Asimismo en la alimentaci\u00f3n, que puedan probar\u00a0\u00a0productos org\u00e1nicos hechos y elaborados aqu\u00ed, se llevan una buena impresi\u00f3n y de paso reducimos traer mercader\u00eda de otros lugares, con\u00a0\u00a0todo m\u00e1s natural\u00bb puntualiz\u00f3 la dirigenta.\u00a0<\/span><\/p>\n<p class=\"v1MsoNormal\" style=\"text-align: justify;\"><b><span lang=\"X-NONE\">Exposici\u00f3n de curtiembre<\/span><\/b><\/p>\n<p class=\"v1MsoNormal\" style=\"text-align: justify;\"><span lang=\"X-NONE\">Previamente, a fines de marzo se realiz\u00f3 una exposici\u00f3n de\u00a0<b>cueros curtidos<\/b> por vecinos y vecinas de la localidad, quienes tras poco m\u00e1s de dos semanas aprendieron las t\u00e9cnicas para aprovechar este insumo del proceso de faenamiento de corderos: remojo, lavado, secado, descarne, curtiembre, estaqueado, sobado y peinado.\u00a0 Asimismo, se realiz\u00f3 taller de corte y molduras para elaborar distintos calzado.<\/span><\/p>\n<p class=\"v1MsoNormal\" style=\"text-align: justify;\"><span lang=\"X-NONE\">El curso cont\u00f3 con la participaci\u00f3n de 12 vecinos y vecinas, inscritos previamente para la capacitaci\u00f3n impartida por la artesana Mar\u00eda Castillo de Puerto Ingeniero Ib\u00e1\u00f1ez.\u00a0\u00a0El proyecto, ejecutado por la\u00a0Junta de Vecinos N8 de Puerto Guadal,\u00a0fue financiado con recursos del 7% del FNDR del Gobierno Regional de Ays\u00e9n y cont\u00f3 con el apoyo de profesionales de Servicio Pa\u00eds.\u00a0\u00a0Las jornadas contemplaron la entrega a los participantes de los implementos necesarios para la realizaci\u00f3n de todo el proceso.\u00a0\u00a0<\/span><\/p>\n<p class=\"v1MsoNormal\" style=\"text-align: justify;\"><span lang=\"X-NONE\">El objetivo, adem\u00e1s de rescatar una tradici\u00f3n y oficio, fue evitar que la piel termine en los vertederos o muchas veces contaminando r\u00edos y lagos.<\/span><\/p>\n<p class=\"v1MsoNormal\" style=\"text-align: justify;\"><span lang=\"X-NONE\">\u00abEste curso represent\u00f3 un sue\u00f1o que ten\u00edamos, por las conversaciones al interior de la Junta de Vecinos de rescatar oficios y aprender de ellos, de las personas que todav\u00eda mantienen esos oficios en la cuenca del lago General Carrera. Y la verdad es que se llev\u00f3 a cabo con bastante \u00e9xito\u00bb explic\u00f3 la\u00a0presidenta de la Junta de Vecinos N8, Miriam Chible Contreras.<\/span><\/p>\n<p class=\"v1MsoNormal\" style=\"text-align: justify;\"><span lang=\"X-NONE\">En la visi\u00f3n de la organizaci\u00f3n esta capacitaci\u00f3n \u00bb no solamente sirve para aprender de los oficios sino tambi\u00e9n para no mandar tanto residuo al basurero, adem\u00e1s de ser un momento de encuentro entre los vecinos y vecinas.\u00a0 As\u00ed es que si uno tiene que poner una nota al curso, le ponemos un 7 y un 10, si fuera necesario, porque es el objetivo logrado por todos los lados\u00bb.<\/span><\/p>\n<p class=\"v1MsoNormal\" style=\"text-align: justify;\"><span lang=\"X-NONE\">En este sentido, explic\u00f3 que a partir del proyecto naci\u00f3 la idea de desarrollar capacitaciones en \u00abfabricaci\u00f3n de muebles r\u00fasticos con toda la madera que tenemos ac\u00e1: las ra\u00edces, los troncos, todo lo presente en la zona. Tambi\u00e9n con piedra y lana, ya que hay algunas vecinas que son especialistas en tejido en telar. El curso de curtiembre es como el inicio de una serie de talleres de oficios que podemos hacer\u00bb, puntualiz\u00f3 Miriam Chible.<\/span><\/p>\n<\/div><\/section><\/div><div  style='height:50px' class='hr hr-invisible   avia-builder-el-6  el_after_av_one_full  el_before_av_social_share '><span class='hr-inner ' ><span class='hr-inner-style'><\/span><\/span><\/div><\/p>\n<div  class='av-social-sharing-box  avia-builder-el-7  el_after_av_hr  el_before_av_hr  '><div class='av-share-box'><h5 class='av-share-link-description av-no-toc '>Compartir esta noticia<\/h5><ul class='av-share-box-list noLightbox'><li class='av-share-link av-social-link-facebook' ><a target=\"_blank\" aria-label=\"Compartir en Facebook\" href='https:\/\/www.facebook.com\/sharer.php?u=https:\/\/radiorevelacionfm.cl\/?p=30223&#038;t=Producci%C3%B3n%20local%20de%20artesan%C3%ADa%20y%20alimentos%2C%20la%20apuesta%20de%20los%20vecinos%20de%20Guadal%20para%20cuidar%20el%20territorio' aria-hidden='false' data-av_icon='\ue8f3' data-av_iconfont='entypo-fontello' title='' data-avia-related-tooltip='Compartir en Facebook' rel=\"noopener\"><span class='avia_hidden_link_text'>Compartir en Facebook<\/span><\/a><\/li><li class='av-share-link av-social-link-twitter' ><a target=\"_blank\" aria-label=\"Compartir en Twitter\" href='https:\/\/twitter.com\/share?text=Producci%C3%B3n%20local%20de%20artesan%C3%ADa%20y%20alimentos%2C%20la%20apuesta%20de%20los%20vecinos%20de%20Guadal%20para%20cuidar%20el%20territorio&#038;url=https:\/\/radiorevelacionfm.cl\/?p=30223' aria-hidden='false' data-av_icon='\ue8f1' data-av_iconfont='entypo-fontello' title='' data-avia-related-tooltip='Compartir en Twitter' rel=\"noopener\"><span class='avia_hidden_link_text'>Compartir en Twitter<\/span><\/a><\/li><li class='av-share-link av-social-link-whatsapp' ><a target=\"_blank\" aria-label=\"Compartir en Whatsapp\" href='https:\/\/api.whatsapp.com\/send?text=https:\/\/radiorevelacionfm.cl\/?p=30223' aria-hidden='false' data-av_icon='\uf232' data-av_iconfont='entypo-fontello' title='' data-avia-related-tooltip='Compartir en Whatsapp' rel=\"noopener\"><span class='avia_hidden_link_text'>Compartir en Whatsapp<\/span><\/a><\/li><li class='av-share-link av-social-link-linkedin' ><a target=\"_blank\" aria-label=\"Compartir en LinkedIn\" href='https:\/\/linkedin.com\/shareArticle?mini=true&#038;title=Producci%C3%B3n%20local%20de%20artesan%C3%ADa%20y%20alimentos%2C%20la%20apuesta%20de%20los%20vecinos%20de%20Guadal%20para%20cuidar%20el%20territorio&#038;url=https:\/\/radiorevelacionfm.cl\/?p=30223' aria-hidden='false' data-av_icon='\ue8fc' data-av_iconfont='entypo-fontello' title='' data-avia-related-tooltip='Compartir en LinkedIn' rel=\"noopener\"><span class='avia_hidden_link_text'>Compartir en LinkedIn<\/span><\/a><\/li><li class='av-share-link av-social-link-mail' ><a  aria-label=\"Compartir por correo\" href='mailto:?subject=Producci%C3%B3n%20local%20de%20artesan%C3%ADa%20y%20alimentos%2C%20la%20apuesta%20de%20los%20vecinos%20de%20Guadal%20para%20cuidar%20el%20territorio&#038;body=https:\/\/radiorevelacionfm.cl\/?p=30223' aria-hidden='false' data-av_icon='\ue805' data-av_iconfont='entypo-fontello' title='' data-avia-related-tooltip='Compartir por correo'><span class='avia_hidden_link_text'>Compartir por correo<\/span><\/a><\/li><\/ul><\/div><\/div>\n<div  style='height:50px' class='hr hr-invisible   avia-builder-el-8  el_after_av_social_share  el_before_av_comments_list '><span class='hr-inner ' ><span class='hr-inner-style'><\/span><\/span><\/div>\n<div  class='av-buildercomment  av-blog-meta-html-info-disabled av-blog-meta-tag-disabled  '><\/div>\n","protected":false},"excerpt":{"rendered":"","protected":false},"author":1,"featured_media":30225,"comment_status":"open","ping_status":"open","sticky":false,"template":"","format":"standard","meta":{"footnotes":""},"categories":[38],"tags":[],"class_list":["post-30223","post","type-post","status-publish","format-standard","has-post-thumbnail","hentry","category-regional"],"jetpack_featured_media_url":"https:\/\/radiorevelacionfm.cl\/wp-content\/uploads\/2023\/04\/103Taller-Curtiembre-Baja-1-1.jpg","_links":{"self":[{"href":"https:\/\/radiorevelacionfm.cl\/index.php?rest_route=\/wp\/v2\/posts\/30223","targetHints":{"allow":["GET"]}}],"collection":[{"href":"https:\/\/radiorevelacionfm.cl\/index.php?rest_route=\/wp\/v2\/posts"}],"about":[{"href":"https:\/\/radiorevelacionfm.cl\/index.php?rest_route=\/wp\/v2\/types\/post"}],"author":[{"embeddable":true,"href":"https:\/\/radiorevelacionfm.cl\/index.php?rest_route=\/wp\/v2\/users\/1"}],"replies":[{"embeddable":true,"href":"https:\/\/radiorevelacionfm.cl\/index.php?rest_route=%2Fwp%2Fv2%2Fcomments&post=30223"}],"version-history":[{"count":1,"href":"https:\/\/radiorevelacionfm.cl\/index.php?rest_route=\/wp\/v2\/posts\/30223\/revisions"}],"predecessor-version":[{"id":30226,"href":"https:\/\/radiorevelacionfm.cl\/index.php?rest_route=\/wp\/v2\/posts\/30223\/revisions\/30226"}],"wp:featuredmedia":[{"embeddable":true,"href":"https:\/\/radiorevelacionfm.cl\/index.php?rest_route=\/wp\/v2\/media\/30225"}],"wp:attachment":[{"href":"https:\/\/radiorevelacionfm.cl\/index.php?rest_route=%2Fwp%2Fv2%2Fmedia&parent=30223"}],"wp:term":[{"taxonomy":"category","embeddable":true,"href":"https:\/\/radiorevelacionfm.cl\/index.php?rest_route=%2Fwp%2Fv2%2Fcategories&post=30223"},{"taxonomy":"post_tag","embeddable":true,"href":"https:\/\/radiorevelacionfm.cl\/index.php?rest_route=%2Fwp%2Fv2%2Ftags&post=30223"}],"curies":[{"name":"wp","href":"https:\/\/api.w.org\/{rel}","templated":true}]}}