{"id":30220,"date":"2023-04-19T16:19:33","date_gmt":"2023-04-19T19:19:33","guid":{"rendered":"https:\/\/radiorevelacionfm.cl\/?p=30220"},"modified":"2023-04-19T16:19:33","modified_gmt":"2023-04-19T19:19:33","slug":"futura-planta-de-pellet-se-encuentra-trabajando-en-el-secado-de-materia-prima","status":"publish","type":"post","link":"https:\/\/radiorevelacionfm.cl\/?p=30220","title":{"rendered":"Futura planta de pellet se encuentra trabajando en el secado de materia prima"},"content":{"rendered":"<div class=\"flex_column av_one_full  flex_column_div av-zero-column-padding first  avia-builder-el-0  el_before_av_one_full  avia-builder-el-first  \" style='border-radius:0px; '><div  class='avia-image-container  av-styling-    avia-builder-el-1  avia-builder-el-no-sibling  avia-align-center '  itemprop=\"image\" itemscope=\"itemscope\" itemtype=\"https:\/\/schema.org\/ImageObject\"  ><div class='avia-image-container-inner'><div class='avia-image-overlay-wrap'><img decoding=\"async\" class='wp-image-30221 avia-img-lazy-loading-not-30221 avia_image' src=\"https:\/\/radiorevelacionfm.cl\/wp-content\/uploads\/2023\/04\/foto-1-2-2_optimized-1.jpeg\" alt='' title='foto-1-(2)-(2)_optimized (1)' height=\"600\" width=\"800\"  itemprop=\"thumbnailUrl\" srcset=\"https:\/\/radiorevelacionfm.cl\/wp-content\/uploads\/2023\/04\/foto-1-2-2_optimized-1.jpeg 800w, https:\/\/radiorevelacionfm.cl\/wp-content\/uploads\/2023\/04\/foto-1-2-2_optimized-1-300x225.jpeg 300w, https:\/\/radiorevelacionfm.cl\/wp-content\/uploads\/2023\/04\/foto-1-2-2_optimized-1-768x576.jpeg 768w, https:\/\/radiorevelacionfm.cl\/wp-content\/uploads\/2023\/04\/foto-1-2-2_optimized-1-705x529.jpeg 705w, https:\/\/radiorevelacionfm.cl\/wp-content\/uploads\/2023\/04\/foto-1-2-2_optimized-1-450x338.jpeg 450w, https:\/\/radiorevelacionfm.cl\/wp-content\/uploads\/2023\/04\/foto-1-2-2_optimized-1-600x450.jpeg 600w\" sizes=\"(max-width: 800px) 100vw, 800px\" \/><\/div><\/div><\/div><\/div><div class=\"flex_column av_one_full  flex_column_div av-zero-column-padding first  avia-builder-el-2  el_after_av_one_full  el_before_av_one_full  column-top-margin\" style='border-radius:0px; '><section class=\"av_textblock_section \"  itemscope=\"itemscope\" itemtype=\"https:\/\/schema.org\/BlogPosting\" itemprop=\"blogPost\" ><div class='avia_textblock  '   itemprop=\"text\" ><p style=\"text-align: center;\"><strong><span style=\"font-size: 18pt;\">Futura planta de pellet se encuentra trabajando en el secado de materia prima <\/span><\/strong><\/p>\n<div id=\"gtx-trans\" style=\"position: absolute; left: -50px; top: 4.31534px;\">\n<div class=\"gtx-trans-icon\"><\/div>\n<\/div>\n<\/div><\/section><\/div><div class=\"flex_column av_one_full  flex_column_div av-zero-column-padding first  avia-builder-el-4  el_after_av_one_full  el_before_av_hr  column-top-margin\" style='border-radius:0px; '><section class=\"av_textblock_section \"  itemscope=\"itemscope\" itemtype=\"https:\/\/schema.org\/BlogPosting\" itemprop=\"blogPost\" ><div class='avia_textblock  '   itemprop=\"text\" ><p style=\"text-align: justify;\">El Seremi de Energ\u00eda de Ays\u00e9n, Carlos D\u00edaz, en compa\u00f1\u00eda del Seremi del Medio Ambiente Juli\u00e1n C\u00e1rdenas, realiz\u00f3 una visita t\u00e9cnica a las instalaciones de la futura planta de pellet de la empresa Ecomas ubicada camino a Villa Ortega, para conocer los avances de la iniciativa.<\/p>\n<p style=\"text-align: justify;\">Al respecto Seremi D\u00edaz se\u00f1al\u00f3 que \u201cnosotros en la regi\u00f3n tenemos un consumo bien importante respecto a lo que es el consumo nacional de pellet, tenemos m\u00e1s o menos un 10%. Entonces con planes de descontaminaci\u00f3n de ciudades que est\u00e1n saturadas en este momento y desde hace mucho tiempo, una construcci\u00f3n de una planta local es muy importante. \u00a0Es muy importante tener pellets producidos ac\u00e1, porque los desaf\u00edos log\u00edsticos de traer pellet desde plantas en el norte lo hemos vivido ya por varios a\u00f1os, tenemos cupos en las barcazas que son limitados y un costo muy alto para traer el pellet desde la octava regi\u00f3n hasta ac\u00e1, as\u00ed es que es una muy buena noticia para la descontaminaci\u00f3n\u201d.<\/p>\n<p style=\"text-align: justify;\">En el lugar las autoridades regionales fueron recibidas por el Gerente General de Ecomas, Felipe Salazar, y su equipo, quienes les expusieron los detalles del trabajo que se encuentra desarrollando la empresa \u201cya tenemos madera preparada para comenzar nuestra fabricaci\u00f3n, estamos en las primeras construcciones en la parte de infraestructura de la planta, las inversiones m\u00e1s importantes ya se est\u00e1n haciendo, todo lo que tiene que ver con los fierros, la planta, el secado y el desfibrado de madera ya viene en camino, y nosotros creemos que dentro de dos meses vamos a poder mirar la construcci\u00f3n propiamente tal dentro de nuestro galp\u00f3n\u201d.<\/p>\n<p style=\"text-align: justify;\">Adem\u00e1s, Salazar recalc\u00f3 que \u201cnosotros estamos confiados en que la planta va a estar montada en lo que queda del a\u00f1o y debi\u00e9semos empezar a producir a fines de esta temporada, es decir entre noviembre y diciembre deber\u00edamos tener ya pellet en la mano, eso es lo que esperamos\u201d.<\/p>\n<p style=\"text-align: justify;\">Cabe se\u00f1alar, que la futura planta contempla una inversi\u00f3n de MM$3.500 y se espera produzca 25.000 ton\/a\u00f1o de pellet. Adem\u00e1s, la tecnolog\u00eda que tendr\u00e1 es pionera en el pa\u00eds, ya que utiliza el rollizo completo del pino, y no como las otras plantas existentes que utilizan residuos de faenas forestales, lo que le otorga independencia en su funcionamiento.<\/p>\n<p style=\"text-align: justify;\">Finalmente, respecto del impacto que pudiese tener la nueva planta de pellet en la descontaminaci\u00f3n regional, el Seremi C\u00e1rdenas indic\u00f3 que \u201cbueno sabemos que toda nuestra regi\u00f3n utiliza mayoritariamente le\u00f1a para calefacci\u00f3n y ese es un tema que tenemos que ir remediando. La le\u00f1a h\u00fameda es muy contaminante y da\u00f1ina para la salud, en ese contexto contar con una buena tecnolog\u00eda como es el pellet, que permite calefaccionarnos de manera de tener bajas emisiones tanto internas como externas, nos permite combatir de mejor manera los problemas de contaminaci\u00f3n que tenemos en la regi\u00f3n en particular en Coyhaique, y resguardar de mejor manera nuestra salud. Es una muy buena noticia esperamos verla crecer y desde luego apoyarla para que se desarrollen los programas y planes acordes para potenciar esta industria\u201d.<\/p>\n<\/div><\/section><\/div><div  style='height:50px' class='hr hr-invisible   avia-builder-el-6  el_after_av_one_full  el_before_av_social_share '><span class='hr-inner ' ><span class='hr-inner-style'><\/span><\/span><\/div><\/p>\n<div  class='av-social-sharing-box  avia-builder-el-7  el_after_av_hr  el_before_av_hr  '><div class='av-share-box'><h5 class='av-share-link-description av-no-toc '>Compartir esta noticia<\/h5><ul class='av-share-box-list noLightbox'><li class='av-share-link av-social-link-facebook' ><a target=\"_blank\" aria-label=\"Compartir en Facebook\" href='https:\/\/www.facebook.com\/sharer.php?u=https:\/\/radiorevelacionfm.cl\/?p=30220&#038;t=Futura%20planta%20de%20pellet%20se%20encuentra%20trabajando%20en%20el%20secado%20de%20materia%20prima' aria-hidden='false' data-av_icon='\ue8f3' data-av_iconfont='entypo-fontello' title='' data-avia-related-tooltip='Compartir en Facebook' rel=\"noopener\"><span class='avia_hidden_link_text'>Compartir en Facebook<\/span><\/a><\/li><li class='av-share-link av-social-link-twitter' ><a target=\"_blank\" aria-label=\"Compartir en Twitter\" href='https:\/\/twitter.com\/share?text=Futura%20planta%20de%20pellet%20se%20encuentra%20trabajando%20en%20el%20secado%20de%20materia%20prima&#038;url=https:\/\/radiorevelacionfm.cl\/?p=30220' aria-hidden='false' data-av_icon='\ue8f1' data-av_iconfont='entypo-fontello' title='' data-avia-related-tooltip='Compartir en Twitter' rel=\"noopener\"><span class='avia_hidden_link_text'>Compartir en Twitter<\/span><\/a><\/li><li class='av-share-link av-social-link-whatsapp' ><a target=\"_blank\" aria-label=\"Compartir en Whatsapp\" href='https:\/\/api.whatsapp.com\/send?text=https:\/\/radiorevelacionfm.cl\/?p=30220' aria-hidden='false' data-av_icon='\uf232' data-av_iconfont='entypo-fontello' title='' data-avia-related-tooltip='Compartir en Whatsapp' rel=\"noopener\"><span class='avia_hidden_link_text'>Compartir en Whatsapp<\/span><\/a><\/li><li class='av-share-link av-social-link-linkedin' ><a target=\"_blank\" aria-label=\"Compartir en LinkedIn\" href='https:\/\/linkedin.com\/shareArticle?mini=true&#038;title=Futura%20planta%20de%20pellet%20se%20encuentra%20trabajando%20en%20el%20secado%20de%20materia%20prima&#038;url=https:\/\/radiorevelacionfm.cl\/?p=30220' aria-hidden='false' data-av_icon='\ue8fc' data-av_iconfont='entypo-fontello' title='' data-avia-related-tooltip='Compartir en LinkedIn' rel=\"noopener\"><span class='avia_hidden_link_text'>Compartir en LinkedIn<\/span><\/a><\/li><li class='av-share-link av-social-link-mail' ><a  aria-label=\"Compartir por correo\" href='mailto:?subject=Futura%20planta%20de%20pellet%20se%20encuentra%20trabajando%20en%20el%20secado%20de%20materia%20prima&#038;body=https:\/\/radiorevelacionfm.cl\/?p=30220' aria-hidden='false' data-av_icon='\ue805' data-av_iconfont='entypo-fontello' title='' data-avia-related-tooltip='Compartir por correo'><span class='avia_hidden_link_text'>Compartir por correo<\/span><\/a><\/li><\/ul><\/div><\/div>\n<div  style='height:50px' class='hr hr-invisible   avia-builder-el-8  el_after_av_social_share  el_before_av_comments_list '><span class='hr-inner ' ><span class='hr-inner-style'><\/span><\/span><\/div>\n<div  class='av-buildercomment  av-blog-meta-html-info-disabled av-blog-meta-tag-disabled  '><\/div>\n","protected":false},"excerpt":{"rendered":"","protected":false},"author":1,"featured_media":30221,"comment_status":"open","ping_status":"open","sticky":false,"template":"","format":"standard","meta":{"footnotes":""},"categories":[38],"tags":[],"class_list":["post-30220","post","type-post","status-publish","format-standard","has-post-thumbnail","hentry","category-regional"],"jetpack_featured_media_url":"https:\/\/radiorevelacionfm.cl\/wp-content\/uploads\/2023\/04\/foto-1-2-2_optimized-1.jpeg","_links":{"self":[{"href":"https:\/\/radiorevelacionfm.cl\/index.php?rest_route=\/wp\/v2\/posts\/30220","targetHints":{"allow":["GET"]}}],"collection":[{"href":"https:\/\/radiorevelacionfm.cl\/index.php?rest_route=\/wp\/v2\/posts"}],"about":[{"href":"https:\/\/radiorevelacionfm.cl\/index.php?rest_route=\/wp\/v2\/types\/post"}],"author":[{"embeddable":true,"href":"https:\/\/radiorevelacionfm.cl\/index.php?rest_route=\/wp\/v2\/users\/1"}],"replies":[{"embeddable":true,"href":"https:\/\/radiorevelacionfm.cl\/index.php?rest_route=%2Fwp%2Fv2%2Fcomments&post=30220"}],"version-history":[{"count":1,"href":"https:\/\/radiorevelacionfm.cl\/index.php?rest_route=\/wp\/v2\/posts\/30220\/revisions"}],"predecessor-version":[{"id":30222,"href":"https:\/\/radiorevelacionfm.cl\/index.php?rest_route=\/wp\/v2\/posts\/30220\/revisions\/30222"}],"wp:featuredmedia":[{"embeddable":true,"href":"https:\/\/radiorevelacionfm.cl\/index.php?rest_route=\/wp\/v2\/media\/30221"}],"wp:attachment":[{"href":"https:\/\/radiorevelacionfm.cl\/index.php?rest_route=%2Fwp%2Fv2%2Fmedia&parent=30220"}],"wp:term":[{"taxonomy":"category","embeddable":true,"href":"https:\/\/radiorevelacionfm.cl\/index.php?rest_route=%2Fwp%2Fv2%2Fcategories&post=30220"},{"taxonomy":"post_tag","embeddable":true,"href":"https:\/\/radiorevelacionfm.cl\/index.php?rest_route=%2Fwp%2Fv2%2Ftags&post=30220"}],"curies":[{"name":"wp","href":"https:\/\/api.w.org\/{rel}","templated":true}]}}