{"id":30217,"date":"2023-04-21T17:06:10","date_gmt":"2023-04-21T20:06:10","guid":{"rendered":"https:\/\/radiorevelacionfm.cl\/?p=30217"},"modified":"2023-04-21T17:06:10","modified_gmt":"2023-04-21T20:06:10","slug":"ya-estan-abiertas-las-postulaciones-a-los-concursos-ciencia-publica-del-minciencia","status":"publish","type":"post","link":"https:\/\/radiorevelacionfm.cl\/?p=30217","title":{"rendered":"Ya est\u00e1n abiertas las postulaciones a los concursos Ciencia P\u00fablica del MinCiencia"},"content":{"rendered":"<div class=\"flex_column av_one_full  flex_column_div av-zero-column-padding first  avia-builder-el-0  el_before_av_one_full  avia-builder-el-first  \" style='border-radius:0px; '><div  class='avia-image-container  av-styling-    avia-builder-el-1  avia-builder-el-no-sibling  avia-align-center '  itemprop=\"image\" itemscope=\"itemscope\" itemtype=\"https:\/\/schema.org\/ImageObject\"  ><div class='avia-image-container-inner'><div class='avia-image-overlay-wrap'><img decoding=\"async\" class='wp-image-30218 avia-img-lazy-loading-not-30218 avia_image' src=\"https:\/\/radiorevelacionfm.cl\/wp-content\/uploads\/2023\/04\/DIVULGACION-1-1.jpg\" alt='' title='DIVULGACION (1) (1)' height=\"600\" width=\"1067\"  itemprop=\"thumbnailUrl\" srcset=\"https:\/\/radiorevelacionfm.cl\/wp-content\/uploads\/2023\/04\/DIVULGACION-1-1.jpg 1067w, https:\/\/radiorevelacionfm.cl\/wp-content\/uploads\/2023\/04\/DIVULGACION-1-1-300x169.jpg 300w, https:\/\/radiorevelacionfm.cl\/wp-content\/uploads\/2023\/04\/DIVULGACION-1-1-1030x579.jpg 1030w, https:\/\/radiorevelacionfm.cl\/wp-content\/uploads\/2023\/04\/DIVULGACION-1-1-768x432.jpg 768w, https:\/\/radiorevelacionfm.cl\/wp-content\/uploads\/2023\/04\/DIVULGACION-1-1-705x396.jpg 705w, https:\/\/radiorevelacionfm.cl\/wp-content\/uploads\/2023\/04\/DIVULGACION-1-1-450x253.jpg 450w, https:\/\/radiorevelacionfm.cl\/wp-content\/uploads\/2023\/04\/DIVULGACION-1-1-600x337.jpg 600w\" sizes=\"(max-width: 1067px) 100vw, 1067px\" \/><\/div><\/div><\/div><\/div><div class=\"flex_column av_one_full  flex_column_div av-zero-column-padding first  avia-builder-el-2  el_after_av_one_full  el_before_av_one_full  column-top-margin\" style='border-radius:0px; '><section class=\"av_textblock_section \"  itemscope=\"itemscope\" itemtype=\"https:\/\/schema.org\/BlogPosting\" itemprop=\"blogPost\" ><div class='avia_textblock  '   itemprop=\"text\" ><p style=\"text-align: center;\"><span style=\"font-size: 18pt;\"><b><span lang=\"es\">Ya est\u00e1n abiertas las postulaciones a los concursos Ciencia P\u00fablica del MinCiencia<\/span><\/b><\/span><\/p>\n<div id=\"gtx-trans\" style=\"position: absolute; left: -50px; top: 4.31534px;\">\n<div class=\"gtx-trans-icon\"><\/div>\n<\/div>\n<\/div><\/section><\/div><div class=\"flex_column av_one_full  flex_column_div av-zero-column-padding first  avia-builder-el-4  el_after_av_one_full  el_before_av_hr  column-top-margin\" style='border-radius:0px; '><section class=\"av_textblock_section \"  itemscope=\"itemscope\" itemtype=\"https:\/\/schema.org\/BlogPosting\" itemprop=\"blogPost\" ><div class='avia_textblock  '   itemprop=\"text\" ><p class=\"v1MsoNormal\" style=\"text-align: justify;\"><i><span lang=\"es\">La iniciativa tiene un fondo total de $974 millones y busca promover la generaci\u00f3n de espacios y experiencias en los que ocurra una interacci\u00f3n entre las personas y el conocimiento en distintos formatos.<\/span><\/i><\/p>\n<p class=\"v1MsoNormal\" style=\"text-align: justify;\"><span lang=\"es\">El Ministerio de Ciencia, Tecnolog\u00eda, Conocimiento e Innovaci\u00f3n (CTCI) abri\u00f3 las postulaciones a los Concursos Ciencia P\u00fablica de Divulgaci\u00f3n y Socializaci\u00f3n del Conocimiento en sus tres categor\u00edas: Distribuci\u00f3n, acceso y uso gratuito de productos; Desarrollo de productos comunitarios, y Espacios p\u00fablicos regionales.<\/span><\/p>\n<p class=\"v1MsoNormal\" style=\"text-align: justify;\"><span lang=\"es\">Creados en 2020, estos llamados buscan generar espacios e instrumentos de socializaci\u00f3n del conocimiento fuera del sistema educativo, as\u00ed lo indic\u00f3 la Seremi de Ciencia, Ver\u00f3nica Vallejos, quien agreg\u00f3 que \u00abcomo ministerio hemos sido mandatados por el Presidente Gabriel Boric a democratizar los conocimientos, a entregarle a las personas las herramientas necesarias para que se apropien del conocimiento y qu\u00e9 mejor manera de hacerlo que a trav\u00e9s de las interacciones y experiencias significativas en los distintos espacios cotidianos. Hago un llamado a las diferentes organizaciones y grupos sociales a que se motiven y postulen con proyectos innovadores, comunitarios y asociativos\u00bb.<\/span><\/p>\n<p class=\"v1MsoNormal\" style=\"text-align: justify;\"><span lang=\"es\">En esta nueva versi\u00f3n los concursos tienen fechas de cierre diferentes, por lo que la autoridad regional invit\u00f3 a quienes se interesen en estos fondos a informarse sobre las bases, documentos y plazos en<\/span><span lang=\"es\"><a href=\"https:\/\/cienciapublica.cl\/concursos\/\" target=\"_blank\" rel=\"noopener noreferrer\">\u00a0<\/a><a href=\"https:\/\/cienciapublica.cl\/concursos\/\" target=\"_blank\" rel=\"noopener noreferrer\">https:\/\/cienciapublica.cl\/concursos\/<\/a><\/span><span lang=\"es\">.<\/span><\/p>\n<p class=\"v1MsoNormal\" style=\"text-align: justify;\"><b><span lang=\"es\">Antecedentes de los concursos<\/span><\/b><b><\/b><\/p>\n<p class=\"v1MsoNormal\" style=\"text-align: justify;\"><span lang=\"es\">Con un monto m\u00e1ximo de $13 millones por proyecto, el concurso\u00a0<b>\u00abDistribuci\u00f3n, Acceso y Uso Gratuito de Productos de Divulgaci\u00f3n y Socializaci\u00f3n del Conocimiento\u00bb<\/b>\u00a0busca promover la apropiaci\u00f3n de conocimientos financiando una estrategia de distribuci\u00f3n, acceso y uso de productos existentes.<\/span><\/p>\n<p class=\"v1MsoNormal\" style=\"text-align: justify;\"><span lang=\"es\">Est\u00e1 dirigido a personas naturales o jur\u00eddicas, chilenas o extranjeras (con representante legal en Chile y domicilio en el pa\u00eds). Pueden postular instituciones p\u00fablicas o privadas que tengan personalidad jur\u00eddica y vigente, tales como fundaciones, ONG, universidades, etc. El cierre de postulaci\u00f3n es el 8 de mayo.<\/span><\/p>\n<p class=\"v1MsoNormal\" style=\"text-align: justify;\"><span lang=\"es\">Para la Macrozona Austral (Regiones de Ays\u00e9n y Magallanes y de la Ant\u00e1rtica Chilena), de preferencia se financiar\u00e1 la distribuci\u00f3n de productos relacionados a las siguientes tem\u00e1ticas: energ\u00edas renovables: hidr\u00f3geno verde; patrimonio cultural y natural; interculturalidad; agricultura, ganader\u00eda, pesca y acuicultura; bosques nativos, y reciclaje y manejo de residuos.<\/span><\/p>\n<p class=\"v1MsoNormal\" style=\"text-align: justify;\"><span lang=\"es\">El concurso\u00a0<b>\u00abDesarrollo de Proyectos Comunitarios de Divulgaci\u00f3n del Conocimiento\u00bb\u00a0<\/b>est\u00e1 abierto hasta el 16 de mayo, y su objetivo es promover el desarrollo de proyectos comunitarios que busquen resolver problem\u00e1ticas y\/o generar conocimiento a partir de las necesidades e intereses de las propias comunidades, promoviendo la participaci\u00f3n de \u00e9stas y el trabajo con instituciones y\/o especialistas vinculados a la CTCI.<\/span><\/p>\n<p class=\"v1MsoNormal\" style=\"text-align: justify;\"><span lang=\"es\">La disponibilidad financiera es de $104 millones, con un monto m\u00e1ximo de $8 millones para cada proyecto, y est\u00e1 dirigido a juntas de vecinos y dem\u00e1s organizaciones comunitarias que cuenten con personalidad jur\u00eddica vigente y quieran desarrollar o elaborar proyectos que contribuyan al desarrollo y fortalecimiento del ecosistema necesario para promover la divulgaci\u00f3n y socializaci\u00f3n de la ciencia.<\/span><\/p>\n<p class=\"v1MsoNormal\" style=\"text-align: justify;\"><span lang=\"es\">Hasta el 23 de mayo se podr\u00e1 postular al concurso\u00a0<b>\u00abEspacios P\u00fablicos Regionales para la Divulgaci\u00f3n y Socializaci\u00f3n del Conocimiento\u00bb<\/b>, que busca promover el desarrollo e implementaci\u00f3n de espacios p\u00fablicos y accesibles dedicados a la divulgaci\u00f3n y socializaci\u00f3n de la CTCI, mediante el desarrollo de experiencias memorables.<\/span><\/p>\n<p class=\"v1MsoNormal\" style=\"text-align: justify;\"><span lang=\"es\">Esta categor\u00eda cuenta con un presupuesto de $500 millones, con un m\u00e1ximo de $50 millones para cada iniciativa adjudicada (10 proyectos, 2 por cada Macrozona). Puede postular cualquier instituci\u00f3n privada, siempre y cuando tenga personalidad jur\u00eddica vigente, tales como fundaciones, ONG, universidades, etc.<\/span><\/p>\n<p class=\"v1MsoNormal\" style=\"text-align: justify;\"><span lang=\"es\">Para Espacios P\u00fablicos Regionales se han seleccionado temas prioritarios, por lo que se dar\u00e1 prioridad a quienes los consideren en sus propuestas. Para la Macrozona Austral se han definido los siguientes: energ\u00edas renovables: hidr\u00f3geno verde; patrimonio cultural y natural; interculturalidad; agricultura, ganader\u00eda, pesca y acuicultura; bosques nativos; reciclaje y manejo de residuos, y salud mental.<\/span><\/p>\n<p class=\"v1MsoNormal\" style=\"text-align: justify;\"><span lang=\"es\">No existe incompatibilidad para que las y los postulantes presenten una o m\u00e1s propuestas a las diferentes convocatorias que la Subsecretar\u00eda realice en el presente a\u00f1o, as\u00ed como tampoco para quienes tengan actualmente proyectos en ejecuci\u00f3n en la Subsecretar\u00eda o en cualquier otra instituci\u00f3n.<\/span><\/p>\n<p class=\"v1MsoNormal\" style=\"text-align: justify;\"><span lang=\"es\">Las postulaciones se deben realizar a trav\u00e9s de la p\u00e1gina<\/span><span lang=\"es\"><a href=\"http:\/\/www.fondos.gob.cl\/\" target=\"_blank\" rel=\"noopener noreferrer\">\u00a0<\/a><a href=\"http:\/\/www.fondos.gob.cl\/\" target=\"_blank\" rel=\"noopener noreferrer\">www.fondos.gob.cl<\/a><\/span><span lang=\"es\">.<\/span><\/p>\n<\/div><\/section><\/div><div  style='height:50px' class='hr hr-invisible   avia-builder-el-6  el_after_av_one_full  el_before_av_social_share '><span class='hr-inner ' ><span class='hr-inner-style'><\/span><\/span><\/div><\/p>\n<div  class='av-social-sharing-box  avia-builder-el-7  el_after_av_hr  el_before_av_hr  '><div class='av-share-box'><h5 class='av-share-link-description av-no-toc '>Compartir esta noticia<\/h5><ul class='av-share-box-list noLightbox'><li class='av-share-link av-social-link-facebook' ><a target=\"_blank\" aria-label=\"Compartir en Facebook\" href='https:\/\/www.facebook.com\/sharer.php?u=https:\/\/radiorevelacionfm.cl\/?p=30217&#038;t=Ya%20est%C3%A1n%20abiertas%20las%20postulaciones%20a%20los%20concursos%20Ciencia%20P%C3%BAblica%20del%20MinCiencia' aria-hidden='false' data-av_icon='\ue8f3' data-av_iconfont='entypo-fontello' title='' data-avia-related-tooltip='Compartir en Facebook' rel=\"noopener\"><span class='avia_hidden_link_text'>Compartir en Facebook<\/span><\/a><\/li><li class='av-share-link av-social-link-twitter' ><a target=\"_blank\" aria-label=\"Compartir en Twitter\" href='https:\/\/twitter.com\/share?text=Ya%20est%C3%A1n%20abiertas%20las%20postulaciones%20a%20los%20concursos%20Ciencia%20P%C3%BAblica%20del%20MinCiencia&#038;url=https:\/\/radiorevelacionfm.cl\/?p=30217' aria-hidden='false' data-av_icon='\ue8f1' data-av_iconfont='entypo-fontello' title='' data-avia-related-tooltip='Compartir en Twitter' rel=\"noopener\"><span class='avia_hidden_link_text'>Compartir en Twitter<\/span><\/a><\/li><li class='av-share-link av-social-link-whatsapp' ><a target=\"_blank\" aria-label=\"Compartir en Whatsapp\" href='https:\/\/api.whatsapp.com\/send?text=https:\/\/radiorevelacionfm.cl\/?p=30217' aria-hidden='false' data-av_icon='\uf232' data-av_iconfont='entypo-fontello' title='' data-avia-related-tooltip='Compartir en Whatsapp' rel=\"noopener\"><span class='avia_hidden_link_text'>Compartir en Whatsapp<\/span><\/a><\/li><li class='av-share-link av-social-link-linkedin' ><a target=\"_blank\" aria-label=\"Compartir en LinkedIn\" href='https:\/\/linkedin.com\/shareArticle?mini=true&#038;title=Ya%20est%C3%A1n%20abiertas%20las%20postulaciones%20a%20los%20concursos%20Ciencia%20P%C3%BAblica%20del%20MinCiencia&#038;url=https:\/\/radiorevelacionfm.cl\/?p=30217' aria-hidden='false' data-av_icon='\ue8fc' data-av_iconfont='entypo-fontello' title='' data-avia-related-tooltip='Compartir en LinkedIn' rel=\"noopener\"><span class='avia_hidden_link_text'>Compartir en LinkedIn<\/span><\/a><\/li><li class='av-share-link av-social-link-mail' ><a  aria-label=\"Compartir por correo\" href='mailto:?subject=Ya%20est%C3%A1n%20abiertas%20las%20postulaciones%20a%20los%20concursos%20Ciencia%20P%C3%BAblica%20del%20MinCiencia&#038;body=https:\/\/radiorevelacionfm.cl\/?p=30217' aria-hidden='false' data-av_icon='\ue805' data-av_iconfont='entypo-fontello' title='' data-avia-related-tooltip='Compartir por correo'><span class='avia_hidden_link_text'>Compartir por correo<\/span><\/a><\/li><\/ul><\/div><\/div>\n<div  style='height:50px' class='hr hr-invisible   avia-builder-el-8  el_after_av_social_share  el_before_av_comments_list '><span class='hr-inner ' ><span class='hr-inner-style'><\/span><\/span><\/div>\n<div  class='av-buildercomment  av-blog-meta-html-info-disabled av-blog-meta-tag-disabled  '><\/div>\n","protected":false},"excerpt":{"rendered":"","protected":false},"author":1,"featured_media":30218,"comment_status":"open","ping_status":"open","sticky":false,"template":"","format":"standard","meta":{"footnotes":""},"categories":[53],"tags":[],"class_list":["post-30217","post","type-post","status-publish","format-standard","has-post-thumbnail","hentry","category-ciencia"],"jetpack_featured_media_url":"https:\/\/radiorevelacionfm.cl\/wp-content\/uploads\/2023\/04\/DIVULGACION-1-1.jpg","_links":{"self":[{"href":"https:\/\/radiorevelacionfm.cl\/index.php?rest_route=\/wp\/v2\/posts\/30217","targetHints":{"allow":["GET"]}}],"collection":[{"href":"https:\/\/radiorevelacionfm.cl\/index.php?rest_route=\/wp\/v2\/posts"}],"about":[{"href":"https:\/\/radiorevelacionfm.cl\/index.php?rest_route=\/wp\/v2\/types\/post"}],"author":[{"embeddable":true,"href":"https:\/\/radiorevelacionfm.cl\/index.php?rest_route=\/wp\/v2\/users\/1"}],"replies":[{"embeddable":true,"href":"https:\/\/radiorevelacionfm.cl\/index.php?rest_route=%2Fwp%2Fv2%2Fcomments&post=30217"}],"version-history":[{"count":2,"href":"https:\/\/radiorevelacionfm.cl\/index.php?rest_route=\/wp\/v2\/posts\/30217\/revisions"}],"predecessor-version":[{"id":30310,"href":"https:\/\/radiorevelacionfm.cl\/index.php?rest_route=\/wp\/v2\/posts\/30217\/revisions\/30310"}],"wp:featuredmedia":[{"embeddable":true,"href":"https:\/\/radiorevelacionfm.cl\/index.php?rest_route=\/wp\/v2\/media\/30218"}],"wp:attachment":[{"href":"https:\/\/radiorevelacionfm.cl\/index.php?rest_route=%2Fwp%2Fv2%2Fmedia&parent=30217"}],"wp:term":[{"taxonomy":"category","embeddable":true,"href":"https:\/\/radiorevelacionfm.cl\/index.php?rest_route=%2Fwp%2Fv2%2Fcategories&post=30217"},{"taxonomy":"post_tag","embeddable":true,"href":"https:\/\/radiorevelacionfm.cl\/index.php?rest_route=%2Fwp%2Fv2%2Ftags&post=30217"}],"curies":[{"name":"wp","href":"https:\/\/api.w.org\/{rel}","templated":true}]}}