{"id":30214,"date":"2023-04-19T12:14:21","date_gmt":"2023-04-19T15:14:21","guid":{"rendered":"https:\/\/radiorevelacionfm.cl\/?p=30214"},"modified":"2023-04-19T12:14:21","modified_gmt":"2023-04-19T15:14:21","slug":"seremi-pla-por-proyecto-de-ley-que-aumentaria-el-ingreso-minimo-nuestro-gobierno-hara-todos-los-esfuerzos-para-que-el-sueldo-minimo-en-el-2024-llegue-a-500-000","status":"publish","type":"post","link":"https:\/\/radiorevelacionfm.cl\/?p=30214","title":{"rendered":"Seremi Pl\u00e1 por proyecto de ley que aumentar\u00eda el Ingreso M\u00ednimo: \u201cNuestro Gobierno har\u00e1 todos los esfuerzos para que el sueldo m\u00ednimo en el 2024 llegue a $500.000\u201d"},"content":{"rendered":"<div class=\"flex_column av_one_full  flex_column_div av-zero-column-padding first  avia-builder-el-0  el_before_av_one_full  avia-builder-el-first  \" style='border-radius:0px; '><div  class='avia-image-container  av-styling-    avia-builder-el-1  avia-builder-el-no-sibling  avia-align-center '  itemprop=\"image\" itemscope=\"itemscope\" itemtype=\"https:\/\/schema.org\/ImageObject\"  ><div class='avia-image-container-inner'><div class='avia-image-overlay-wrap'><img decoding=\"async\" class='wp-image-30215 avia-img-lazy-loading-not-30215 avia_image' src=\"https:\/\/radiorevelacionfm.cl\/wp-content\/uploads\/2023\/04\/Seremi-aumento-sueldo-minimo-1-1.jpeg\" alt='' title='Seremi aumento sueldo m\u00ednimo (1) (1)' height=\"600\" width=\"800\"  itemprop=\"thumbnailUrl\" srcset=\"https:\/\/radiorevelacionfm.cl\/wp-content\/uploads\/2023\/04\/Seremi-aumento-sueldo-minimo-1-1.jpeg 800w, https:\/\/radiorevelacionfm.cl\/wp-content\/uploads\/2023\/04\/Seremi-aumento-sueldo-minimo-1-1-300x225.jpeg 300w, https:\/\/radiorevelacionfm.cl\/wp-content\/uploads\/2023\/04\/Seremi-aumento-sueldo-minimo-1-1-768x576.jpeg 768w, https:\/\/radiorevelacionfm.cl\/wp-content\/uploads\/2023\/04\/Seremi-aumento-sueldo-minimo-1-1-705x529.jpeg 705w, https:\/\/radiorevelacionfm.cl\/wp-content\/uploads\/2023\/04\/Seremi-aumento-sueldo-minimo-1-1-450x338.jpeg 450w, https:\/\/radiorevelacionfm.cl\/wp-content\/uploads\/2023\/04\/Seremi-aumento-sueldo-minimo-1-1-600x450.jpeg 600w\" sizes=\"(max-width: 800px) 100vw, 800px\" \/><\/div><\/div><\/div><\/div><div class=\"flex_column av_one_full  flex_column_div av-zero-column-padding first  avia-builder-el-2  el_after_av_one_full  el_before_av_one_full  column-top-margin\" style='border-radius:0px; '><section class=\"av_textblock_section \"  itemscope=\"itemscope\" itemtype=\"https:\/\/schema.org\/BlogPosting\" itemprop=\"blogPost\" ><div class='avia_textblock  '   itemprop=\"text\" ><p style=\"text-align: center;\"><span style=\"font-size: 18pt;\"><strong>Seremi Pl\u00e1 por proyecto de ley que aumentar\u00eda el Ingreso M\u00ednimo: \u201cNuestro Gobierno har\u00e1 todos los esfuerzos para que el sueldo m\u00ednimo en el 2024 llegue a $500.000\u201d<\/strong><\/span><\/p>\n<div id=\"gtx-trans\" style=\"position: absolute; left: -50px; top: 4.31534px;\">\n<div class=\"gtx-trans-icon\"><\/div>\n<\/div>\n<\/div><\/section><\/div><div class=\"flex_column av_one_full  flex_column_div av-zero-column-padding first  avia-builder-el-4  el_after_av_one_full  el_before_av_hr  column-top-margin\" style='border-radius:0px; '><section class=\"av_textblock_section \"  itemscope=\"itemscope\" itemtype=\"https:\/\/schema.org\/BlogPosting\" itemprop=\"blogPost\" ><div class='avia_textblock  '   itemprop=\"text\" ><p style=\"text-align: justify;\">El Ejecutivo, representado por la ministra del Trabajo y Previsi\u00f3n Social, Jeannette Jara, el ministro de Hacienda, Mario Marcel y la directiva de la Central Unitaria de Trabajadores (CUT), encabezada por David Acu\u00f1a, suscribieron este lunes un protocolo de acuerdo para el reajuste del ingreso m\u00ednimo mensual, en el que se destaca el alza a $500.000 durante el pr\u00f3ximo a\u00f1o, con lo que, al materializarse, se cumplir\u00e1 con uno de los compromisos del Programa de Gobierno del Presidente Gabriel Boric.<\/p>\n<p style=\"text-align: justify;\">Tatiana Pl\u00e1, vocera de Gobierno regi\u00f3n de Ays\u00e9n, valor\u00f3 esta iniciativa: \u201cLa firma del acuerdo que realizaron nuestras autoridades con la Central Unitaria de Trabajadores (CUT) nos da\u00a0 la esperanza de que pronto tendremos novedades con respecto al aumento del sueldo m\u00ednimo, el cual seg\u00fan el proyecto de ley que ser\u00e1 entregado al Congreso Nacional para su discusi\u00f3n, contempla una gradualidad en el alza, reajustes \u00a0que beneficiar\u00e1n, de aprobarse el proyecto, a las y los trabajadores y por supuesto, a las familias de nuestra regi\u00f3n y de todo el pa\u00eds\u201d.<\/p>\n<p style=\"text-align: justify;\">La ministra Jara valor\u00f3 el acuerdo alcanzado con la CUT y se\u00f1al\u00f3 que \u201cdentro de los compromisos del Programa de Gobierno del Presidente Gabriel Boric se establec\u00eda avanzar hacia un salario m\u00ednimo de $500.000 dentro de su mandato. Y lo que hoy d\u00eda se ha hecho es anticipar un a\u00f1o el cumplimiento de dicho compromiso. \u00bfPor qu\u00e9 raz\u00f3n? Como sabemos, vivimos un per\u00edodo de ajuste econ\u00f3mico importante, con altas tasas de inflaci\u00f3n, debiendo los trabajadores soportar directamente la p\u00e9rdida de poder adquisitivo durante este per\u00edodo\u201d.<\/p>\n<p style=\"text-align: justify;\">La secretaria de Estado explic\u00f3 que el proyecto de ley ingresar\u00e1 al Congreso este lunes o martes, \u201cpero efectivamente, vamos a pedir que, con urgencia, pueda ser visto por todas las comisiones, tanto de la C\u00e1mara de Diputados como del Senado, y esperamos que, con la debida celeridad, pueda estar antes del 1 de mayo aprobado, pero en caso contrario, como ha sido la t\u00f3nica legislativa de todos los a\u00f1os en este tipo de materias, rige con efectos retroactivo\u201d.<\/p>\n<p style=\"text-align: justify;\">Por su parte, el ministro Marcel destac\u00f3 la voluntad de di\u00e1logo y de b\u00fasqueda de acuerdos durante este proceso de negociaci\u00f3n con la Central Unitaria de Trabajadores (CUT): \u201cEsta disposici\u00f3n es algo que echamos mucho de menos en el pa\u00eds, en muchos otros actores con los cuales interactuamos y en este caso las y los trabajadores est\u00e1n dando un ejemplo. Cuando esa voluntad existe, el Gobierno tambi\u00e9n est\u00e1 dispuesto a hacer esfuerzos como los que est\u00e1n contenidos en este acuerdo\u201d.<\/p>\n<p style=\"text-align: justify;\">Adem\u00e1s, la autoridad explic\u00f3 que se est\u00e1 dialogando con las pymes para apoyarlas, poniendo foco en aquellos sectores de la econom\u00eda que son m\u00e1s sensibles al ingreso m\u00ednimo. \u201cEn el caso de las pymes vamos a contemplar una ayuda para que puedan absorber el costo del incremento del ingreso m\u00ednimo, tal como ocurri\u00f3 el a\u00f1o pasado. Esto lo va a trabajar el Ministerio de Econom\u00eda con las organizaciones del sector\u201d, agreg\u00f3.<\/p>\n<p style=\"text-align: justify;\">Tambi\u00e9n el ministro Marcel recalc\u00f3 que dentro del acuerdo se reajustar\u00e1n los tramos de la Asignaci\u00f3n Familiar, \u201cde esta manera, junto con el reajuste que ya se legisl\u00f3 para los montos de la Asignaci\u00f3n Familiar, se van a reajustar los valores de todos los tramos de tal manera de que aumente el n\u00famero de trabajadores que perciben este beneficio\u201d.<\/p>\n<p style=\"text-align: justify;\">En tanto, el presidente de la CUT, David Acu\u00f1a, coment\u00f3 que \u201clogramos avanzar en un ingreso m\u00ednimo de $500.000 para mejorar el bienestar de las y los trabajadores. Esta meta era un gran anhelo para la CUT y es a trav\u00e9s del di\u00e1logo social que podemos lograr estos grandes acuerdos. El salario m\u00ednimo es una ayuda concreta y este acuerdo lo trabajamos con responsabilidad, por eso creemos que la gradualidad cumple al mismo tiempo con mantener estable nuestra econom\u00eda y mejorar la vida de las y los trabajadores\u201d.<\/p>\n<p style=\"text-align: justify;\">\u201cEsta negociaci\u00f3n tiene varios componentes que impactan en los beneficios sociales, como el aumento de la Asignaci\u00f3n Familiar, el Bolsillo Familiar Electr\u00f3nico, entre otros. Para nosotros es importante fortalecer este tipo de di\u00e1logo que va m\u00e1s all\u00e1 del monto y apunta a entregar soluciones concretas para las y los trabajadores\u201d.<\/p>\n<\/div><\/section><\/div><div  style='height:50px' class='hr hr-invisible   avia-builder-el-6  el_after_av_one_full  el_before_av_social_share '><span class='hr-inner ' ><span class='hr-inner-style'><\/span><\/span><\/div><\/p>\n<div  class='av-social-sharing-box  avia-builder-el-7  el_after_av_hr  el_before_av_hr  '><div class='av-share-box'><h5 class='av-share-link-description av-no-toc '>Compartir esta noticia<\/h5><ul class='av-share-box-list noLightbox'><li class='av-share-link av-social-link-facebook' ><a target=\"_blank\" aria-label=\"Compartir en Facebook\" href='https:\/\/www.facebook.com\/sharer.php?u=https:\/\/radiorevelacionfm.cl\/?p=30214&#038;t=Seremi%20Pl%C3%A1%20por%20proyecto%20de%20ley%20que%20aumentar%C3%ADa%20el%20Ingreso%20M%C3%ADnimo%3A%20%E2%80%9CNuestro%20Gobierno%20har%C3%A1%20todos%20los%20esfuerzos%20para%20que%20el%20sueldo%20m%C3%ADnimo%20en%20el%202024%20llegue%20a%20%24500.000%E2%80%9D' aria-hidden='false' data-av_icon='\ue8f3' data-av_iconfont='entypo-fontello' title='' data-avia-related-tooltip='Compartir en Facebook' rel=\"noopener\"><span class='avia_hidden_link_text'>Compartir en Facebook<\/span><\/a><\/li><li class='av-share-link av-social-link-twitter' ><a target=\"_blank\" aria-label=\"Compartir en Twitter\" href='https:\/\/twitter.com\/share?text=Seremi%20Pl%C3%A1%20por%20proyecto%20de%20ley%20que%20aumentar%C3%ADa%20el%20Ingreso%20M%C3%ADnimo%3A%20%E2%80%9CNuestro%20Gobierno%20har%C3%A1%20todos%20los%20esfuerzos%20para%20que%20el%20sueldo%20m%C3%ADnimo%20en%20el%202024%20llegue%20a%20%24500.000%E2%80%9D&#038;url=https:\/\/radiorevelacionfm.cl\/?p=30214' aria-hidden='false' data-av_icon='\ue8f1' data-av_iconfont='entypo-fontello' title='' data-avia-related-tooltip='Compartir en Twitter' rel=\"noopener\"><span class='avia_hidden_link_text'>Compartir en Twitter<\/span><\/a><\/li><li class='av-share-link av-social-link-whatsapp' ><a target=\"_blank\" aria-label=\"Compartir en Whatsapp\" href='https:\/\/api.whatsapp.com\/send?text=https:\/\/radiorevelacionfm.cl\/?p=30214' aria-hidden='false' data-av_icon='\uf232' data-av_iconfont='entypo-fontello' title='' data-avia-related-tooltip='Compartir en Whatsapp' rel=\"noopener\"><span class='avia_hidden_link_text'>Compartir en Whatsapp<\/span><\/a><\/li><li class='av-share-link av-social-link-linkedin' ><a target=\"_blank\" aria-label=\"Compartir en LinkedIn\" href='https:\/\/linkedin.com\/shareArticle?mini=true&#038;title=Seremi%20Pl%C3%A1%20por%20proyecto%20de%20ley%20que%20aumentar%C3%ADa%20el%20Ingreso%20M%C3%ADnimo%3A%20%E2%80%9CNuestro%20Gobierno%20har%C3%A1%20todos%20los%20esfuerzos%20para%20que%20el%20sueldo%20m%C3%ADnimo%20en%20el%202024%20llegue%20a%20%24500.000%E2%80%9D&#038;url=https:\/\/radiorevelacionfm.cl\/?p=30214' aria-hidden='false' data-av_icon='\ue8fc' data-av_iconfont='entypo-fontello' title='' data-avia-related-tooltip='Compartir en LinkedIn' rel=\"noopener\"><span class='avia_hidden_link_text'>Compartir en LinkedIn<\/span><\/a><\/li><li class='av-share-link av-social-link-mail' ><a  aria-label=\"Compartir por correo\" href='mailto:?subject=Seremi%20Pl%C3%A1%20por%20proyecto%20de%20ley%20que%20aumentar%C3%ADa%20el%20Ingreso%20M%C3%ADnimo%3A%20%E2%80%9CNuestro%20Gobierno%20har%C3%A1%20todos%20los%20esfuerzos%20para%20que%20el%20sueldo%20m%C3%ADnimo%20en%20el%202024%20llegue%20a%20%24500.000%E2%80%9D&#038;body=https:\/\/radiorevelacionfm.cl\/?p=30214' aria-hidden='false' data-av_icon='\ue805' data-av_iconfont='entypo-fontello' title='' data-avia-related-tooltip='Compartir por correo'><span class='avia_hidden_link_text'>Compartir por correo<\/span><\/a><\/li><\/ul><\/div><\/div>\n<div  style='height:50px' class='hr hr-invisible   avia-builder-el-8  el_after_av_social_share  el_before_av_comments_list '><span class='hr-inner ' ><span class='hr-inner-style'><\/span><\/span><\/div>\n<div  class='av-buildercomment  av-blog-meta-html-info-disabled av-blog-meta-tag-disabled  '><\/div>\n","protected":false},"excerpt":{"rendered":"","protected":false},"author":1,"featured_media":30215,"comment_status":"open","ping_status":"open","sticky":false,"template":"","format":"standard","meta":{"footnotes":""},"categories":[38],"tags":[],"class_list":["post-30214","post","type-post","status-publish","format-standard","has-post-thumbnail","hentry","category-regional"],"jetpack_featured_media_url":"https:\/\/radiorevelacionfm.cl\/wp-content\/uploads\/2023\/04\/Seremi-aumento-sueldo-minimo-1-1.jpeg","_links":{"self":[{"href":"https:\/\/radiorevelacionfm.cl\/index.php?rest_route=\/wp\/v2\/posts\/30214","targetHints":{"allow":["GET"]}}],"collection":[{"href":"https:\/\/radiorevelacionfm.cl\/index.php?rest_route=\/wp\/v2\/posts"}],"about":[{"href":"https:\/\/radiorevelacionfm.cl\/index.php?rest_route=\/wp\/v2\/types\/post"}],"author":[{"embeddable":true,"href":"https:\/\/radiorevelacionfm.cl\/index.php?rest_route=\/wp\/v2\/users\/1"}],"replies":[{"embeddable":true,"href":"https:\/\/radiorevelacionfm.cl\/index.php?rest_route=%2Fwp%2Fv2%2Fcomments&post=30214"}],"version-history":[{"count":1,"href":"https:\/\/radiorevelacionfm.cl\/index.php?rest_route=\/wp\/v2\/posts\/30214\/revisions"}],"predecessor-version":[{"id":30216,"href":"https:\/\/radiorevelacionfm.cl\/index.php?rest_route=\/wp\/v2\/posts\/30214\/revisions\/30216"}],"wp:featuredmedia":[{"embeddable":true,"href":"https:\/\/radiorevelacionfm.cl\/index.php?rest_route=\/wp\/v2\/media\/30215"}],"wp:attachment":[{"href":"https:\/\/radiorevelacionfm.cl\/index.php?rest_route=%2Fwp%2Fv2%2Fmedia&parent=30214"}],"wp:term":[{"taxonomy":"category","embeddable":true,"href":"https:\/\/radiorevelacionfm.cl\/index.php?rest_route=%2Fwp%2Fv2%2Fcategories&post=30214"},{"taxonomy":"post_tag","embeddable":true,"href":"https:\/\/radiorevelacionfm.cl\/index.php?rest_route=%2Fwp%2Fv2%2Ftags&post=30214"}],"curies":[{"name":"wp","href":"https:\/\/api.w.org\/{rel}","templated":true}]}}