{"id":30211,"date":"2023-04-19T17:58:01","date_gmt":"2023-04-19T20:58:01","guid":{"rendered":"https:\/\/radiorevelacionfm.cl\/?p=30211"},"modified":"2023-04-19T17:58:01","modified_gmt":"2023-04-19T20:58:01","slug":"firman-convenio-de-colaboracion-para-mejorar-la-educacion-publica-en-comuna-de-coyhaique","status":"publish","type":"post","link":"https:\/\/radiorevelacionfm.cl\/?p=30211","title":{"rendered":"Firman convenio de colaboraci\u00f3n para mejorar la educaci\u00f3n p\u00fablica en comuna de Coyhaique"},"content":{"rendered":"<div class=\"flex_column av_one_full  flex_column_div av-zero-column-padding first  avia-builder-el-0  el_before_av_one_full  avia-builder-el-first  \" style='border-radius:0px; '><div  class='avia-image-container  av-styling-    avia-builder-el-1  avia-builder-el-no-sibling  avia-align-center '  itemprop=\"image\" itemscope=\"itemscope\" itemtype=\"https:\/\/schema.org\/ImageObject\"  ><div class='avia-image-container-inner'><div class='avia-image-overlay-wrap'><img decoding=\"async\" class='wp-image-30212 avia-img-lazy-loading-not-30212 avia_image' src=\"https:\/\/radiorevelacionfm.cl\/wp-content\/uploads\/2023\/04\/firma-01-1_optimized.jpg\" alt='' title='firma-01-(1)_optimized' height=\"600\" width=\"996\"  itemprop=\"thumbnailUrl\" srcset=\"https:\/\/radiorevelacionfm.cl\/wp-content\/uploads\/2023\/04\/firma-01-1_optimized.jpg 996w, https:\/\/radiorevelacionfm.cl\/wp-content\/uploads\/2023\/04\/firma-01-1_optimized-300x181.jpg 300w, https:\/\/radiorevelacionfm.cl\/wp-content\/uploads\/2023\/04\/firma-01-1_optimized-768x463.jpg 768w, https:\/\/radiorevelacionfm.cl\/wp-content\/uploads\/2023\/04\/firma-01-1_optimized-705x425.jpg 705w, https:\/\/radiorevelacionfm.cl\/wp-content\/uploads\/2023\/04\/firma-01-1_optimized-450x271.jpg 450w, https:\/\/radiorevelacionfm.cl\/wp-content\/uploads\/2023\/04\/firma-01-1_optimized-600x361.jpg 600w\" sizes=\"(max-width: 996px) 100vw, 996px\" \/><\/div><\/div><\/div><\/div><div class=\"flex_column av_one_full  flex_column_div av-zero-column-padding first  avia-builder-el-2  el_after_av_one_full  el_before_av_one_full  column-top-margin\" style='border-radius:0px; '><section class=\"av_textblock_section \"  itemscope=\"itemscope\" itemtype=\"https:\/\/schema.org\/BlogPosting\" itemprop=\"blogPost\" ><div class='avia_textblock  '   itemprop=\"text\" ><p style=\"text-align: center;\"><strong><span style=\"font-size: 18pt;\">Firman convenio de colaboraci\u00f3n para mejorar la educaci\u00f3n p\u00fablica en comuna de Coyhaique<\/span><\/strong><\/p>\n<div id=\"gtx-trans\" style=\"position: absolute; left: -50px; top: 4.31534px;\">\n<div class=\"gtx-trans-icon\"><\/div>\n<\/div>\n<\/div><\/section><\/div><div class=\"flex_column av_one_full  flex_column_div av-zero-column-padding first  avia-builder-el-4  el_after_av_one_full  el_before_av_hr  column-top-margin\" style='border-radius:0px; '><section class=\"av_textblock_section \"  itemscope=\"itemscope\" itemtype=\"https:\/\/schema.org\/BlogPosting\" itemprop=\"blogPost\" ><div class='avia_textblock  '   itemprop=\"text\" ><p style=\"text-align: justify;\">Con el principal objetivo de contribuir al mejoramiento de la educaci\u00f3n de la capital regional, en especial lo relacionado a la infraestructura escolar p\u00fablica a trav\u00e9s de los fondos de conservaci\u00f3n 2023 dispuestos por el Ministerio de Educaci\u00f3n, este lunes la Seremi Educaci\u00f3n Ays\u00e9n, Isabel Garrido, el Servicio Local de Educaci\u00f3n P\u00fablica Ays\u00e9n -SLEP- Ays\u00e9n, Sebasti\u00e1n Gonz\u00e1lez, y la Ilustre Municipalidad de Coyhaique representada por su alcalde Carlos Gatica, firmaron un convenio de colaboraci\u00f3n el cual se extender\u00e1 durante todo el presente a\u00f1o, acuerdo en que las tres instituciones se comprometen a realizar acciones tendientes al fortalecimiento de la educaci\u00f3n en la comuna.<\/p>\n<p style=\"text-align: justify;\">La Secretaria Ministerial para Ays\u00e9n de la cartera de educaci\u00f3n, Isabel Garrido, destac\u00f3 en la firma que \u201cEl Presidente Boric nos ha dado un mandato muy claro, y es que la educaci\u00f3n p\u00fablica es prioridad de nuestro Gobierno; y es por esto que desde el Ministerio de Educaci\u00f3n se dispusieron m\u00e1s de 9 mil millones de pesos para el mejoramiento de la infraestructura escolar p\u00fablica para la regi\u00f3n. Sabemos que no s\u00f3lo es un tema de dinero, existe tambi\u00e9n un tema de gesti\u00f3n, capacidades y posibilidades de los municipios de postular a esos recursos. Y es por eso en conjunto con el Municipio de Coyhaique y el Servicio de Educaci\u00f3n P\u00fablica de Ays\u00e9n hemos firmado un convenio de colaboraci\u00f3n, que nos permite entregar el apoyo t\u00e9cnico necesario al municipio para que postule a esos fondos en beneficio de los ni\u00f1os y ni\u00f1as de la comuna, que es el prop\u00f3sito que nos une a todos los presentes\u201d.<\/p>\n<p style=\"text-align: justify;\">Por su parte, el alcalde Carlos Gatica, explic\u00f3 el beneficio que implica este convenio, \u201cHemos firmado un convenio que conlleva a brindar oportunidades en materia de educaci\u00f3n, de infraestructura a toda la comuna de Coyhaique. De manera hist\u00f3rica hoy, el Gobierno de Chile mediante el Ministerio de Educaci\u00f3n brinda una cantidad de recursos importantes para mejorar los espacios educativos de nuestros alumnos. Lo que hace este convenio es poder desarrollar los proyectos, son nueve iniciativas en distintos establecimientos educacionales, tanto urbanos como rurales, que mejoran sustancialmente la calidad de vida, precisamente lo que nos solicitan nuestros vecinos y vecinas\u201d.<\/p>\n<p style=\"text-align: justify;\">Este acuerdo se realiza en el contexto del proceso de desmunicipalizaci\u00f3n que se vivir\u00e1 todo este a\u00f1o en curso en las comunas de la Regi\u00f3n de Ays\u00e9n; ello implica que para enero de 2024 los establecimientos municipales ser\u00e1n traspasados a los Servicios Locales de Educaci\u00f3n.<\/p>\n<p style=\"text-align: justify;\">\u201cSe est\u00e1 construyendo la nueva educaci\u00f3n p\u00fablica, y ella requiere de todos y de todas. Por esto queremos agradecer en esta instancia a nuestro alcalde de la comuna de Coyhaique por este convenio, y a nuestra Seremi de Educaci\u00f3n, para seguir trabajando en conjunto en funci\u00f3n de los estudiantes de nuestra regi\u00f3n\u201d, finaliz\u00f3 el director del SLEP local, Sebasti\u00e1n Gonz\u00e1lez.<\/p>\n<\/div><\/section><\/div><div  style='height:50px' class='hr hr-invisible   avia-builder-el-6  el_after_av_one_full  el_before_av_social_share '><span class='hr-inner ' ><span class='hr-inner-style'><\/span><\/span><\/div><\/p>\n<div  class='av-social-sharing-box  avia-builder-el-7  el_after_av_hr  el_before_av_hr  '><div class='av-share-box'><h5 class='av-share-link-description av-no-toc '>Compartir esta noticia<\/h5><ul class='av-share-box-list noLightbox'><li class='av-share-link av-social-link-facebook' ><a target=\"_blank\" aria-label=\"Compartir en Facebook\" href='https:\/\/www.facebook.com\/sharer.php?u=https:\/\/radiorevelacionfm.cl\/?p=30211&#038;t=Firman%20convenio%20de%20colaboraci%C3%B3n%20para%20mejorar%20la%20educaci%C3%B3n%20p%C3%BAblica%20en%20comuna%20de%20Coyhaique' aria-hidden='false' data-av_icon='\ue8f3' data-av_iconfont='entypo-fontello' title='' data-avia-related-tooltip='Compartir en Facebook' rel=\"noopener\"><span class='avia_hidden_link_text'>Compartir en Facebook<\/span><\/a><\/li><li class='av-share-link av-social-link-twitter' ><a target=\"_blank\" aria-label=\"Compartir en Twitter\" href='https:\/\/twitter.com\/share?text=Firman%20convenio%20de%20colaboraci%C3%B3n%20para%20mejorar%20la%20educaci%C3%B3n%20p%C3%BAblica%20en%20comuna%20de%20Coyhaique&#038;url=https:\/\/radiorevelacionfm.cl\/?p=30211' aria-hidden='false' data-av_icon='\ue8f1' data-av_iconfont='entypo-fontello' title='' data-avia-related-tooltip='Compartir en Twitter' rel=\"noopener\"><span class='avia_hidden_link_text'>Compartir en Twitter<\/span><\/a><\/li><li class='av-share-link av-social-link-whatsapp' ><a target=\"_blank\" aria-label=\"Compartir en Whatsapp\" href='https:\/\/api.whatsapp.com\/send?text=https:\/\/radiorevelacionfm.cl\/?p=30211' aria-hidden='false' data-av_icon='\uf232' data-av_iconfont='entypo-fontello' title='' data-avia-related-tooltip='Compartir en Whatsapp' rel=\"noopener\"><span class='avia_hidden_link_text'>Compartir en Whatsapp<\/span><\/a><\/li><li class='av-share-link av-social-link-linkedin' ><a target=\"_blank\" aria-label=\"Compartir en LinkedIn\" href='https:\/\/linkedin.com\/shareArticle?mini=true&#038;title=Firman%20convenio%20de%20colaboraci%C3%B3n%20para%20mejorar%20la%20educaci%C3%B3n%20p%C3%BAblica%20en%20comuna%20de%20Coyhaique&#038;url=https:\/\/radiorevelacionfm.cl\/?p=30211' aria-hidden='false' data-av_icon='\ue8fc' data-av_iconfont='entypo-fontello' title='' data-avia-related-tooltip='Compartir en LinkedIn' rel=\"noopener\"><span class='avia_hidden_link_text'>Compartir en LinkedIn<\/span><\/a><\/li><li class='av-share-link av-social-link-mail' ><a  aria-label=\"Compartir por correo\" href='mailto:?subject=Firman%20convenio%20de%20colaboraci%C3%B3n%20para%20mejorar%20la%20educaci%C3%B3n%20p%C3%BAblica%20en%20comuna%20de%20Coyhaique&#038;body=https:\/\/radiorevelacionfm.cl\/?p=30211' aria-hidden='false' data-av_icon='\ue805' data-av_iconfont='entypo-fontello' title='' data-avia-related-tooltip='Compartir por correo'><span class='avia_hidden_link_text'>Compartir por correo<\/span><\/a><\/li><\/ul><\/div><\/div>\n<div  style='height:50px' class='hr hr-invisible   avia-builder-el-8  el_after_av_social_share  el_before_av_comments_list '><span class='hr-inner ' ><span class='hr-inner-style'><\/span><\/span><\/div>\n<div  class='av-buildercomment  av-blog-meta-html-info-disabled av-blog-meta-tag-disabled  '><\/div>\n","protected":false},"excerpt":{"rendered":"","protected":false},"author":1,"featured_media":30212,"comment_status":"open","ping_status":"open","sticky":false,"template":"","format":"standard","meta":{"footnotes":""},"categories":[49],"tags":[],"class_list":["post-30211","post","type-post","status-publish","format-standard","has-post-thumbnail","hentry","category-educacion"],"jetpack_featured_media_url":"https:\/\/radiorevelacionfm.cl\/wp-content\/uploads\/2023\/04\/firma-01-1_optimized.jpg","_links":{"self":[{"href":"https:\/\/radiorevelacionfm.cl\/index.php?rest_route=\/wp\/v2\/posts\/30211","targetHints":{"allow":["GET"]}}],"collection":[{"href":"https:\/\/radiorevelacionfm.cl\/index.php?rest_route=\/wp\/v2\/posts"}],"about":[{"href":"https:\/\/radiorevelacionfm.cl\/index.php?rest_route=\/wp\/v2\/types\/post"}],"author":[{"embeddable":true,"href":"https:\/\/radiorevelacionfm.cl\/index.php?rest_route=\/wp\/v2\/users\/1"}],"replies":[{"embeddable":true,"href":"https:\/\/radiorevelacionfm.cl\/index.php?rest_route=%2Fwp%2Fv2%2Fcomments&post=30211"}],"version-history":[{"count":1,"href":"https:\/\/radiorevelacionfm.cl\/index.php?rest_route=\/wp\/v2\/posts\/30211\/revisions"}],"predecessor-version":[{"id":30213,"href":"https:\/\/radiorevelacionfm.cl\/index.php?rest_route=\/wp\/v2\/posts\/30211\/revisions\/30213"}],"wp:featuredmedia":[{"embeddable":true,"href":"https:\/\/radiorevelacionfm.cl\/index.php?rest_route=\/wp\/v2\/media\/30212"}],"wp:attachment":[{"href":"https:\/\/radiorevelacionfm.cl\/index.php?rest_route=%2Fwp%2Fv2%2Fmedia&parent=30211"}],"wp:term":[{"taxonomy":"category","embeddable":true,"href":"https:\/\/radiorevelacionfm.cl\/index.php?rest_route=%2Fwp%2Fv2%2Fcategories&post=30211"},{"taxonomy":"post_tag","embeddable":true,"href":"https:\/\/radiorevelacionfm.cl\/index.php?rest_route=%2Fwp%2Fv2%2Ftags&post=30211"}],"curies":[{"name":"wp","href":"https:\/\/api.w.org\/{rel}","templated":true}]}}