{"id":3021,"date":"2021-02-28T18:44:57","date_gmt":"2021-02-28T21:44:57","guid":{"rendered":"https:\/\/radiorevelacionfm.cl\/?p=3021"},"modified":"2021-02-28T18:44:57","modified_gmt":"2021-02-28T21:44:57","slug":"minvu-da-a-conocer-visor-de-proyectos-en-todo-chile-que-generan-mas-de-200-mil-empleos","status":"publish","type":"post","link":"https:\/\/radiorevelacionfm.cl\/?p=3021","title":{"rendered":"Minvu da a conocer visor de proyectos en todo Chile que generan m\u00e1s de 200 mil empleos"},"content":{"rendered":"<div class=\"flex_column av_one_full  flex_column_div av-zero-column-padding first  avia-builder-el-0  el_before_av_one_full  avia-builder-el-first  \" style='border-radius:0px; '><div  class='avia-image-container  av-styling-    avia-builder-el-1  avia-builder-el-no-sibling  avia-align-center '  itemprop=\"image\" itemscope=\"itemscope\" itemtype=\"https:\/\/schema.org\/ImageObject\"  ><div class='avia-image-container-inner'><div class='avia-image-overlay-wrap'><img decoding=\"async\" class='wp-image-0 avia-img-lazy-loading-not-0 avia_image' src=\"https:\/\/radiorevelacionfm.cl\/wp-content\/uploads\/2021\/02\/image004-1.jpg\" alt='' title=''   itemprop=\"thumbnailUrl\"  \/><\/div><\/div><\/div><\/div><div class=\"flex_column av_one_full  flex_column_div av-zero-column-padding first  avia-builder-el-2  el_after_av_one_full  el_before_av_one_full  column-top-margin\" style='border-radius:0px; '><section class=\"av_textblock_section \"  itemscope=\"itemscope\" itemtype=\"https:\/\/schema.org\/BlogPosting\" itemprop=\"blogPost\" ><div class='avia_textblock  '   itemprop=\"text\" ><p style=\"text-align: center;\"><strong><span style=\"font-size: 18pt;\">Minvu da a conocer visor de proyectos en todo Chile que generan m\u00e1s de 200 mil empleos<\/span><\/strong><\/p>\n<div id=\"gtx-trans\" style=\"position: absolute; left: -50px; top: 4.31534px;\">\n<div class=\"gtx-trans-icon\"><\/div>\n<\/div>\n<\/div><\/section><\/div><div class=\"flex_column av_one_full  flex_column_div av-zero-column-padding first  avia-builder-el-4  el_after_av_one_full  el_before_av_hr  column-top-margin\" style='border-radius:0px; '><section class=\"av_textblock_section \"  itemscope=\"itemscope\" itemtype=\"https:\/\/schema.org\/BlogPosting\" itemprop=\"blogPost\" ><div class='avia_textblock  '   itemprop=\"text\" ><p style=\"font-weight: 400; text-align: justify;\">El Ministro (s) de Vivienda y Urbanismo, Guillermo Rolando, destac\u00f3 que \u201cse han georreferenciado cada uno de los proyectos de construcci\u00f3n de vivienda, como de obras urbanas que actualmente est\u00e1n en construcci\u00f3n por el Minvu en todo el pa\u00eds, para que todos sepan en qu\u00e9 est\u00e1 el plan de recuperaci\u00f3n econ\u00f3mica a trav\u00e9s de nuestra cartera, y para aquellos que est\u00e9n buscando trabajo, vean en cada una de sus ciudades si es que hay disponibilidad\u201d, da a conocer el Ministro (s) Minvu Guillermo Rolando.<\/p>\n<p style=\"font-weight: 400; text-align: justify;\">La herramienta considera cerca de 550 proyectos habitacionales, que comprenden a las 97.400 viviendas de los programas de vivienda sin deuda y de integraci\u00f3n; y a los 650 proyectos urbanos que se est\u00e1n ejecutando en este momento por el Ministerio de Vivienda y Urbanismo en todo el pa\u00eds.<\/p>\n<p style=\"font-weight: 400; text-align: justify;\">El prop\u00f3sito de este visor es que la ciudadan\u00eda pueda conocer la labor que est\u00e1 realizando el Gobierno en t\u00e9rminos de barrio, ciudad y territorio, para saber de su localizaci\u00f3n, como para buscar nuevas fuentes de trabajo en el sector. Asimismo, se trata de un instrumento de gran valor para las familias beneficiadas de estos proyectos, ya que pueden verificar cuando \u00e9stos inician obras y se mantienen en ejecuci\u00f3n.<\/p>\n<p style=\"font-weight: 400; text-align: justify;\">\u201cLas obras habitacionales y urbanas que en este momento se desarrollan, est\u00e1n generando 220 mil nuevos empleos\u201d, declar\u00f3 el Ministro (s) Fernando Arab, \u201cde este modo, las personas que requieran trabajo en el sector, pueden buscar su comuna y localizar la obra que ya ha iniciado para dirigirse y verificar si a\u00fan hay puestos disponibles\u201d.<\/p>\n<p style=\"font-weight: 400; text-align: justify;\"><strong>SOBRE EL VISOR<\/strong><\/p>\n<p style=\"font-weight: 400; text-align: justify;\">El visor se divide en dos: uno, donde se concentran los proyectos colectivos de construcci\u00f3n de vivienda del Minvu del Fondo Solidario de Elecci\u00f3n de Vivienda (DS 49), destinados a las familias en situaci\u00f3n de vulnerabilidad m\u00e1s alta de nuestro pa\u00eds, y de Integraci\u00f3n Social y Territorial (DS 19), que integra a familias de ingresos bajos, medios y emergentes; mientras que la segunda parte de la plataforma, contempla las obras urbanas, espacios p\u00fablicos, e intervenciones barriales.<\/p>\n<p style=\"font-weight: 400; text-align: justify;\">Las obras se despliegan territorialmente, a nivel pa\u00eds, regional y comunal.<\/p>\n<\/div><\/section><\/div><div  style='height:50px' class='hr hr-invisible   avia-builder-el-6  el_after_av_one_full  el_before_av_social_share '><span class='hr-inner ' ><span class='hr-inner-style'><\/span><\/span><\/div><\/p>\n<div  class='av-social-sharing-box  avia-builder-el-7  el_after_av_hr  el_before_av_hr  '><div class='av-share-box'><h5 class='av-share-link-description av-no-toc '>Compartir esta noticia<\/h5><ul class='av-share-box-list noLightbox'><li class='av-share-link av-social-link-facebook' ><a target=\"_blank\" aria-label=\"Compartir en Facebook\" href='https:\/\/www.facebook.com\/sharer.php?u=https:\/\/radiorevelacionfm.cl\/?p=3021&#038;t=Minvu%20da%20a%20conocer%20visor%20de%20proyectos%20en%20todo%20Chile%20que%20generan%20m%C3%A1s%20de%20200%20mil%20empleos' aria-hidden='false' data-av_icon='\ue8f3' data-av_iconfont='entypo-fontello' title='' data-avia-related-tooltip='Compartir en Facebook' rel=\"noopener\"><span class='avia_hidden_link_text'>Compartir en Facebook<\/span><\/a><\/li><li class='av-share-link av-social-link-twitter' ><a target=\"_blank\" aria-label=\"Compartir en Twitter\" href='https:\/\/twitter.com\/share?text=Minvu%20da%20a%20conocer%20visor%20de%20proyectos%20en%20todo%20Chile%20que%20generan%20m%C3%A1s%20de%20200%20mil%20empleos&#038;url=https:\/\/radiorevelacionfm.cl\/?p=3021' aria-hidden='false' data-av_icon='\ue8f1' data-av_iconfont='entypo-fontello' title='' data-avia-related-tooltip='Compartir en Twitter' rel=\"noopener\"><span class='avia_hidden_link_text'>Compartir en Twitter<\/span><\/a><\/li><li class='av-share-link av-social-link-whatsapp' ><a target=\"_blank\" aria-label=\"Compartir en Whatsapp\" href='https:\/\/api.whatsapp.com\/send?text=https:\/\/radiorevelacionfm.cl\/?p=3021' aria-hidden='false' data-av_icon='\uf232' data-av_iconfont='entypo-fontello' title='' data-avia-related-tooltip='Compartir en Whatsapp' rel=\"noopener\"><span class='avia_hidden_link_text'>Compartir en Whatsapp<\/span><\/a><\/li><li class='av-share-link av-social-link-linkedin' ><a target=\"_blank\" aria-label=\"Compartir en LinkedIn\" href='https:\/\/linkedin.com\/shareArticle?mini=true&#038;title=Minvu%20da%20a%20conocer%20visor%20de%20proyectos%20en%20todo%20Chile%20que%20generan%20m%C3%A1s%20de%20200%20mil%20empleos&#038;url=https:\/\/radiorevelacionfm.cl\/?p=3021' aria-hidden='false' data-av_icon='\ue8fc' data-av_iconfont='entypo-fontello' title='' data-avia-related-tooltip='Compartir en LinkedIn' rel=\"noopener\"><span class='avia_hidden_link_text'>Compartir en LinkedIn<\/span><\/a><\/li><li class='av-share-link av-social-link-mail' ><a  aria-label=\"Compartir por correo\" href='mailto:?subject=Minvu%20da%20a%20conocer%20visor%20de%20proyectos%20en%20todo%20Chile%20que%20generan%20m%C3%A1s%20de%20200%20mil%20empleos&#038;body=https:\/\/radiorevelacionfm.cl\/?p=3021' aria-hidden='false' data-av_icon='\ue805' data-av_iconfont='entypo-fontello' title='' data-avia-related-tooltip='Compartir por correo'><span class='avia_hidden_link_text'>Compartir por correo<\/span><\/a><\/li><\/ul><\/div><\/div>\n<div  style='height:50px' class='hr hr-invisible   avia-builder-el-8  el_after_av_social_share  el_before_av_comments_list '><span class='hr-inner ' ><span class='hr-inner-style'><\/span><\/span><\/div>\n<div  class='av-buildercomment  av-blog-meta-html-info-disabled av-blog-meta-tag-disabled  '><\/div>\n","protected":false},"excerpt":{"rendered":"","protected":false},"author":1,"featured_media":0,"comment_status":"open","ping_status":"open","sticky":false,"template":"","format":"standard","meta":{"footnotes":""},"categories":[57],"tags":[],"class_list":["post-3021","post","type-post","status-publish","format-standard","hentry","category-vivienda"],"jetpack_featured_media_url":"","_links":{"self":[{"href":"https:\/\/radiorevelacionfm.cl\/index.php?rest_route=\/wp\/v2\/posts\/3021","targetHints":{"allow":["GET"]}}],"collection":[{"href":"https:\/\/radiorevelacionfm.cl\/index.php?rest_route=\/wp\/v2\/posts"}],"about":[{"href":"https:\/\/radiorevelacionfm.cl\/index.php?rest_route=\/wp\/v2\/types\/post"}],"author":[{"embeddable":true,"href":"https:\/\/radiorevelacionfm.cl\/index.php?rest_route=\/wp\/v2\/users\/1"}],"replies":[{"embeddable":true,"href":"https:\/\/radiorevelacionfm.cl\/index.php?rest_route=%2Fwp%2Fv2%2Fcomments&post=3021"}],"version-history":[{"count":1,"href":"https:\/\/radiorevelacionfm.cl\/index.php?rest_route=\/wp\/v2\/posts\/3021\/revisions"}],"predecessor-version":[{"id":3023,"href":"https:\/\/radiorevelacionfm.cl\/index.php?rest_route=\/wp\/v2\/posts\/3021\/revisions\/3023"}],"wp:attachment":[{"href":"https:\/\/radiorevelacionfm.cl\/index.php?rest_route=%2Fwp%2Fv2%2Fmedia&parent=3021"}],"wp:term":[{"taxonomy":"category","embeddable":true,"href":"https:\/\/radiorevelacionfm.cl\/index.php?rest_route=%2Fwp%2Fv2%2Fcategories&post=3021"},{"taxonomy":"post_tag","embeddable":true,"href":"https:\/\/radiorevelacionfm.cl\/index.php?rest_route=%2Fwp%2Fv2%2Ftags&post=3021"}],"curies":[{"name":"wp","href":"https:\/\/api.w.org\/{rel}","templated":true}]}}