{"id":30206,"date":"2023-04-19T11:44:19","date_gmt":"2023-04-19T14:44:19","guid":{"rendered":"https:\/\/radiorevelacionfm.cl\/?p=30206"},"modified":"2023-04-19T11:44:19","modified_gmt":"2023-04-19T14:44:19","slug":"comienzan-actividades-de-la-semana-del-libro-con-obra-de-teatro-y-presentacion-musical-en-albergue-municipal","status":"publish","type":"post","link":"https:\/\/radiorevelacionfm.cl\/?p=30206","title":{"rendered":"Comienzan actividades de la Semana del Libro con obra de teatro y presentaci\u00f3n musical en Albergue Municipal"},"content":{"rendered":"<div class=\"flex_column av_one_full  flex_column_div av-zero-column-padding first  avia-builder-el-0  el_before_av_one_full  avia-builder-el-first  \" style='border-radius:0px; '><div  class='avia-image-container  av-styling-    avia-builder-el-1  avia-builder-el-no-sibling  avia-align-center '  itemprop=\"image\" itemscope=\"itemscope\" itemtype=\"https:\/\/schema.org\/ImageObject\"  ><div class='avia-image-container-inner'><div class='avia-image-overlay-wrap'><img decoding=\"async\" class='wp-image-30207 avia-img-lazy-loading-not-30207 avia_image' src=\"https:\/\/radiorevelacionfm.cl\/wp-content\/uploads\/2023\/04\/albergue-alcalde-semana-del-libro-5-1_optimized.jpg\" alt='' title='albergue-alcalde-semana-del-libro-5-(1)_optimized' height=\"600\" width=\"900\"  itemprop=\"thumbnailUrl\" srcset=\"https:\/\/radiorevelacionfm.cl\/wp-content\/uploads\/2023\/04\/albergue-alcalde-semana-del-libro-5-1_optimized.jpg 900w, https:\/\/radiorevelacionfm.cl\/wp-content\/uploads\/2023\/04\/albergue-alcalde-semana-del-libro-5-1_optimized-300x200.jpg 300w, https:\/\/radiorevelacionfm.cl\/wp-content\/uploads\/2023\/04\/albergue-alcalde-semana-del-libro-5-1_optimized-768x512.jpg 768w, https:\/\/radiorevelacionfm.cl\/wp-content\/uploads\/2023\/04\/albergue-alcalde-semana-del-libro-5-1_optimized-705x470.jpg 705w, https:\/\/radiorevelacionfm.cl\/wp-content\/uploads\/2023\/04\/albergue-alcalde-semana-del-libro-5-1_optimized-450x300.jpg 450w, https:\/\/radiorevelacionfm.cl\/wp-content\/uploads\/2023\/04\/albergue-alcalde-semana-del-libro-5-1_optimized-600x400.jpg 600w\" sizes=\"(max-width: 900px) 100vw, 900px\" \/><\/div><\/div><\/div><\/div><div class=\"flex_column av_one_full  flex_column_div av-zero-column-padding first  avia-builder-el-2  el_after_av_one_full  el_before_av_one_full  column-top-margin\" style='border-radius:0px; '><section class=\"av_textblock_section \"  itemscope=\"itemscope\" itemtype=\"https:\/\/schema.org\/BlogPosting\" itemprop=\"blogPost\" ><div class='avia_textblock  '   itemprop=\"text\" ><p style=\"text-align: center;\"><strong><span style=\"font-size: 18pt;\">Comienzan actividades de la Semana del Libro con obra de teatro y presentaci\u00f3n musical en Albergue Municipal <\/span><\/strong><\/p>\n<div id=\"gtx-trans\" style=\"position: absolute; left: -50px; top: 4.31534px;\">\n<div class=\"gtx-trans-icon\"><\/div>\n<\/div>\n<\/div><\/section><\/div><div class=\"flex_column av_one_full  flex_column_div av-zero-column-padding first  avia-builder-el-4  el_after_av_one_full  el_before_av_hr  column-top-margin\" style='border-radius:0px; '><section class=\"av_textblock_section \"  itemscope=\"itemscope\" itemtype=\"https:\/\/schema.org\/BlogPosting\" itemprop=\"blogPost\" ><div class='avia_textblock  '   itemprop=\"text\" ><p style=\"text-align: justify;\">Esta semana, con motivo de la celebraci\u00f3n del D\u00eda Internacional del Libro, la Biblioteca P\u00fablica de Ays\u00e9n se encuentra llevando a cabo diversas actividades, pensadas para todo p\u00fablico, que permitan acercar la cultura y la literatura a personas de todas las edades.<\/p>\n<p style=\"text-align: justify;\">\u201cHemos estado trabajando fuertemente para poder hacer actividades. Entre estas actividades, se consideraron instancias para personas en situaci\u00f3n de calle que no lo est\u00e1n pasando bien, a quienes queremos llegar con la cultura y la m\u00fasica\u201d, indic\u00f3 el alcalde de Ays\u00e9n, Julio Uribe Alvarado, haciendo \u00e9nfasis en el car\u00e1cter inclusivo que se quiso otorgar este a\u00f1o a las actividades culturales.<\/p>\n<p style=\"text-align: justify;\">La semana comenz\u00f3 con la presentaci\u00f3n de la obra de teatro de la Compa\u00f1\u00eda Alerce, quienes junto con la Orquesta de la Universidad de Ays\u00e9n entregaron una demostraci\u00f3n art\u00edstica en el Albergue Municipal, para personas que se encuentran en situaci\u00f3n de calle, con la finalidad de poder incluirlos en la parrilla program\u00e1tica cultural que organiza el municipio.<\/p>\n<p style=\"text-align: justify;\">\u201cEn funci\u00f3n de la conmemoraci\u00f3n del D\u00eda Internacional del Libro y del Derecho de Autor, es que quisimos partir con ellos porque la cultura es para todos. Agradecemos el espacio que nos brind\u00f3 el albergue municipal, y el apoyo de Casa Alerce y la Orquesta de la Universidad de Ays\u00e9n\u201d, indic\u00f3 Yasna Jara, encargada de la Biblioteca Municipal.<\/p>\n<p style=\"text-align: justify;\">Respecto del significado de presentarse en un albergue, el director de la Orquesta de la Universidad de Ays\u00e9n, H\u00e9ctor M\u00e9ndez, se\u00f1al\u00f3 que \u201ces muy gratificante estar en estos espacios, donde el arte y la m\u00fasica se encuentran. La gente que vive en estos lugares necesita este tipo de expresiones art\u00edsticas tanto como el resto de la comunidad\u201d.<\/p>\n<p style=\"text-align: justify;\">Del 17 al 21 de abril se realizar\u00e1n diversas actividades para conmemorar el D\u00eda Internacional del Libro y del Derecho de Autor, las cuales est\u00e1n pensadas para atender a las necesidades de toda la comunidad. Invitamos a todas las vecinas y vecinos de Ays\u00e9n a revisar el cronograma en las redes sociales del Municipio y participar para disfrutar de la lectura.<\/p>\n<\/div><\/section><\/div><div  style='height:50px' class='hr hr-invisible   avia-builder-el-6  el_after_av_one_full  el_before_av_social_share '><span class='hr-inner ' ><span class='hr-inner-style'><\/span><\/span><\/div><\/p>\n<div  class='av-social-sharing-box  avia-builder-el-7  el_after_av_hr  el_before_av_hr  '><div class='av-share-box'><h5 class='av-share-link-description av-no-toc '>Compartir esta noticia<\/h5><ul class='av-share-box-list noLightbox'><li class='av-share-link av-social-link-facebook' ><a target=\"_blank\" aria-label=\"Compartir en Facebook\" href='https:\/\/www.facebook.com\/sharer.php?u=https:\/\/radiorevelacionfm.cl\/?p=30206&#038;t=Comienzan%20actividades%20de%20la%20Semana%20del%20Libro%20con%20obra%20de%20teatro%20y%20presentaci%C3%B3n%20musical%20en%20Albergue%20Municipal' aria-hidden='false' data-av_icon='\ue8f3' data-av_iconfont='entypo-fontello' title='' data-avia-related-tooltip='Compartir en Facebook' rel=\"noopener\"><span class='avia_hidden_link_text'>Compartir en Facebook<\/span><\/a><\/li><li class='av-share-link av-social-link-twitter' ><a target=\"_blank\" aria-label=\"Compartir en Twitter\" href='https:\/\/twitter.com\/share?text=Comienzan%20actividades%20de%20la%20Semana%20del%20Libro%20con%20obra%20de%20teatro%20y%20presentaci%C3%B3n%20musical%20en%20Albergue%20Municipal&#038;url=https:\/\/radiorevelacionfm.cl\/?p=30206' aria-hidden='false' data-av_icon='\ue8f1' data-av_iconfont='entypo-fontello' title='' data-avia-related-tooltip='Compartir en Twitter' rel=\"noopener\"><span class='avia_hidden_link_text'>Compartir en Twitter<\/span><\/a><\/li><li class='av-share-link av-social-link-whatsapp' ><a target=\"_blank\" aria-label=\"Compartir en Whatsapp\" href='https:\/\/api.whatsapp.com\/send?text=https:\/\/radiorevelacionfm.cl\/?p=30206' aria-hidden='false' data-av_icon='\uf232' data-av_iconfont='entypo-fontello' title='' data-avia-related-tooltip='Compartir en Whatsapp' rel=\"noopener\"><span class='avia_hidden_link_text'>Compartir en Whatsapp<\/span><\/a><\/li><li class='av-share-link av-social-link-linkedin' ><a target=\"_blank\" aria-label=\"Compartir en LinkedIn\" href='https:\/\/linkedin.com\/shareArticle?mini=true&#038;title=Comienzan%20actividades%20de%20la%20Semana%20del%20Libro%20con%20obra%20de%20teatro%20y%20presentaci%C3%B3n%20musical%20en%20Albergue%20Municipal&#038;url=https:\/\/radiorevelacionfm.cl\/?p=30206' aria-hidden='false' data-av_icon='\ue8fc' data-av_iconfont='entypo-fontello' title='' data-avia-related-tooltip='Compartir en LinkedIn' rel=\"noopener\"><span class='avia_hidden_link_text'>Compartir en LinkedIn<\/span><\/a><\/li><li class='av-share-link av-social-link-mail' ><a  aria-label=\"Compartir por correo\" href='mailto:?subject=Comienzan%20actividades%20de%20la%20Semana%20del%20Libro%20con%20obra%20de%20teatro%20y%20presentaci%C3%B3n%20musical%20en%20Albergue%20Municipal&#038;body=https:\/\/radiorevelacionfm.cl\/?p=30206' aria-hidden='false' data-av_icon='\ue805' data-av_iconfont='entypo-fontello' title='' data-avia-related-tooltip='Compartir por correo'><span class='avia_hidden_link_text'>Compartir por correo<\/span><\/a><\/li><\/ul><\/div><\/div>\n<div  style='height:50px' class='hr hr-invisible   avia-builder-el-8  el_after_av_social_share  el_before_av_comments_list '><span class='hr-inner ' ><span class='hr-inner-style'><\/span><\/span><\/div>\n<div  class='av-buildercomment  av-blog-meta-html-info-disabled av-blog-meta-tag-disabled  '><\/div>\n","protected":false},"excerpt":{"rendered":"","protected":false},"author":1,"featured_media":30207,"comment_status":"open","ping_status":"open","sticky":false,"template":"","format":"standard","meta":{"footnotes":""},"categories":[38],"tags":[],"class_list":["post-30206","post","type-post","status-publish","format-standard","has-post-thumbnail","hentry","category-regional"],"jetpack_featured_media_url":"https:\/\/radiorevelacionfm.cl\/wp-content\/uploads\/2023\/04\/albergue-alcalde-semana-del-libro-5-1_optimized.jpg","_links":{"self":[{"href":"https:\/\/radiorevelacionfm.cl\/index.php?rest_route=\/wp\/v2\/posts\/30206","targetHints":{"allow":["GET"]}}],"collection":[{"href":"https:\/\/radiorevelacionfm.cl\/index.php?rest_route=\/wp\/v2\/posts"}],"about":[{"href":"https:\/\/radiorevelacionfm.cl\/index.php?rest_route=\/wp\/v2\/types\/post"}],"author":[{"embeddable":true,"href":"https:\/\/radiorevelacionfm.cl\/index.php?rest_route=\/wp\/v2\/users\/1"}],"replies":[{"embeddable":true,"href":"https:\/\/radiorevelacionfm.cl\/index.php?rest_route=%2Fwp%2Fv2%2Fcomments&post=30206"}],"version-history":[{"count":1,"href":"https:\/\/radiorevelacionfm.cl\/index.php?rest_route=\/wp\/v2\/posts\/30206\/revisions"}],"predecessor-version":[{"id":30208,"href":"https:\/\/radiorevelacionfm.cl\/index.php?rest_route=\/wp\/v2\/posts\/30206\/revisions\/30208"}],"wp:featuredmedia":[{"embeddable":true,"href":"https:\/\/radiorevelacionfm.cl\/index.php?rest_route=\/wp\/v2\/media\/30207"}],"wp:attachment":[{"href":"https:\/\/radiorevelacionfm.cl\/index.php?rest_route=%2Fwp%2Fv2%2Fmedia&parent=30206"}],"wp:term":[{"taxonomy":"category","embeddable":true,"href":"https:\/\/radiorevelacionfm.cl\/index.php?rest_route=%2Fwp%2Fv2%2Fcategories&post=30206"},{"taxonomy":"post_tag","embeddable":true,"href":"https:\/\/radiorevelacionfm.cl\/index.php?rest_route=%2Fwp%2Fv2%2Ftags&post=30206"}],"curies":[{"name":"wp","href":"https:\/\/api.w.org\/{rel}","templated":true}]}}