{"id":30203,"date":"2023-04-19T11:16:35","date_gmt":"2023-04-19T14:16:35","guid":{"rendered":"https:\/\/radiorevelacionfm.cl\/?p=30203"},"modified":"2023-04-19T11:16:35","modified_gmt":"2023-04-19T14:16:35","slug":"gobierno-en-terreno-atendio-a-comunidad-de-lago-pollux-y-alrededores","status":"publish","type":"post","link":"https:\/\/radiorevelacionfm.cl\/?p=30203","title":{"rendered":"Gobierno en Terreno atendi\u00f3 a comunidad de Lago Pollux y alrededores"},"content":{"rendered":"<div class=\"flex_column av_one_full  flex_column_div av-zero-column-padding first  avia-builder-el-0  el_before_av_one_full  avia-builder-el-first  \" style='border-radius:0px; '><div  class='avia-image-container  av-styling-    avia-builder-el-1  avia-builder-el-no-sibling  avia-align-center '  itemprop=\"image\" itemscope=\"itemscope\" itemtype=\"https:\/\/schema.org\/ImageObject\"  ><div class='avia-image-container-inner'><div class='avia-image-overlay-wrap'><img decoding=\"async\" class='wp-image-30204 avia-img-lazy-loading-not-30204 avia_image' src=\"https:\/\/radiorevelacionfm.cl\/wp-content\/uploads\/2023\/04\/WhatsApp-Image-2023-04-18-at-16.17.17-1-1-1.jpeg\" alt='' title='WhatsApp Image 2023-04-18 at 16.17.17 (1) (1) (1)' height=\"600\" width=\"1087\"  itemprop=\"thumbnailUrl\" srcset=\"https:\/\/radiorevelacionfm.cl\/wp-content\/uploads\/2023\/04\/WhatsApp-Image-2023-04-18-at-16.17.17-1-1-1.jpeg 1087w, https:\/\/radiorevelacionfm.cl\/wp-content\/uploads\/2023\/04\/WhatsApp-Image-2023-04-18-at-16.17.17-1-1-1-300x166.jpeg 300w, https:\/\/radiorevelacionfm.cl\/wp-content\/uploads\/2023\/04\/WhatsApp-Image-2023-04-18-at-16.17.17-1-1-1-1030x569.jpeg 1030w, https:\/\/radiorevelacionfm.cl\/wp-content\/uploads\/2023\/04\/WhatsApp-Image-2023-04-18-at-16.17.17-1-1-1-768x424.jpeg 768w, https:\/\/radiorevelacionfm.cl\/wp-content\/uploads\/2023\/04\/WhatsApp-Image-2023-04-18-at-16.17.17-1-1-1-705x389.jpeg 705w, https:\/\/radiorevelacionfm.cl\/wp-content\/uploads\/2023\/04\/WhatsApp-Image-2023-04-18-at-16.17.17-1-1-1-450x248.jpeg 450w, https:\/\/radiorevelacionfm.cl\/wp-content\/uploads\/2023\/04\/WhatsApp-Image-2023-04-18-at-16.17.17-1-1-1-600x331.jpeg 600w\" sizes=\"(max-width: 1087px) 100vw, 1087px\" \/><\/div><\/div><\/div><\/div><div class=\"flex_column av_one_full  flex_column_div av-zero-column-padding first  avia-builder-el-2  el_after_av_one_full  el_before_av_one_full  column-top-margin\" style='border-radius:0px; '><section class=\"av_textblock_section \"  itemscope=\"itemscope\" itemtype=\"https:\/\/schema.org\/BlogPosting\" itemprop=\"blogPost\" ><div class='avia_textblock  '   itemprop=\"text\" ><p style=\"text-align: center;\"><span style=\"font-size: 18pt;\"><b>Gobierno en Terreno atendi\u00f3 a comunidad de Lago Pollux y alrededores<\/b><\/span><\/p>\n<div id=\"gtx-trans\" style=\"position: absolute; left: -50px; top: 4.31534px;\">\n<div class=\"gtx-trans-icon\"><\/div>\n<\/div>\n<\/div><\/section><\/div><div class=\"flex_column av_one_full  flex_column_div av-zero-column-padding first  avia-builder-el-4  el_after_av_one_full  el_before_av_hr  column-top-margin\" style='border-radius:0px; '><section class=\"av_textblock_section \"  itemscope=\"itemscope\" itemtype=\"https:\/\/schema.org\/BlogPosting\" itemprop=\"blogPost\" ><div class='avia_textblock  '   itemprop=\"text\" ><p style=\"font-weight: 400; text-align: justify;\">M\u00e1s de cien personas congreg\u00f3 un di\u00e1logo y plaza ciudadana del programa Gobierno en Terreno, organizado por la Delegaci\u00f3n Presidencial Regional de Ays\u00e9n en Lago Pollux, sector Cuatro Lagos, comuna de Coyhaique, con el objetivo de acercar informaci\u00f3n de los servicios p\u00fablicos del Estado a la comunidad.<\/p>\n<p style=\"font-weight: 400; text-align: justify;\">La actividad c\u00edvica fue encabezada por el Delegado Presidencial Regional, Rodrigo Araya, acompa\u00f1ado por los seremis de Desarrollo Social y Familia, Karina Acevedo; Justicia y Derechos Humanos, Samuel Navarro; Agricultura (s), director regional de INDAP, Ricardo Konig, y directores regionales de Fosis, Fernanda Leiva y Senama, Nicol\u00e1s Quilodr\u00e1n, todo en coordinaci\u00f3n con la Junta de Vecinos n\u00famero 26 de Lago Pollux, Rodrigo Espinoza.<\/p>\n<p style=\"font-weight: 400; text-align: justify;\">El Delegado Rodrigo Araya reafirm\u00f3 la importancia de estas instancias para promover el derecho de acceder a informaci\u00f3n, tanto por parte de las personas, como de instituciones y servicios p\u00fablicos.<\/p>\n<p style=\"font-weight: 400; text-align: justify;\">\u201cPor mandato de nuestro Presidente Gabriel Boric, nuestro Gobierno tiene un compromiso de acercar las pol\u00edticas p\u00fablicas y la informaci\u00f3n de los servicios p\u00fablicos a las comunidades. En este Gobierno en Terreno hubo un trabajo previo con la junta vecinal, con respecto a intereses o temas que les preocupaban y los servicios p\u00fablicos que vinieron ten\u00edan que ver con eso. Hicimos una ronda de consultas y esperamos que las personas se hayan acercado a las oficinas con funcionarios para resolver dudas. Por supuesto que los compromisos son responder lo que no se haya podido resolver de inmediato e ir avanzando hacia la soluci\u00f3n de los problemas que nos plantearon\u201d, se\u00f1al\u00f3.<\/p>\n<p style=\"font-weight: 400; text-align: justify;\">Por su parte, Rodrigo Espinoza valor\u00f3 la atenci\u00f3n en terreno. \u201cHubo una buena convocatoria de los vecinos, era lo que esper\u00e1bamos, porque ven\u00edamos con bastantes inquietudes, sobre todo, en el tema de Vialidad e INDAP. Lo importante es que logramos una buena comunicaci\u00f3n, que podamos hacer seguimiento a las inquietudes y que se den soluciones. Va a haber un trabajo, nosotros vamos a hacer el seguimiento y vamos a estar en contacto para que esto se ejecute\u201d, destac\u00f3 el dirigente social.<\/p>\n<p style=\"font-weight: 400; text-align: justify;\">Entre los asistentes, Nancia Olavarr\u00eda Espinoza destac\u00f3 la posibilidad de materializar tr\u00e1mites y plantear materias de inter\u00e9s de forma directa.<\/p>\n<p style=\"font-weight: 400; text-align: justify;\">\u201cQue venga un Gobierno en Terreno al sector es muy importante, ya que se pueden aclarar dudas y, obviamente, dar respuesta a algunas inquietudes y exigencias de los pobladores. En este momento se plantearon varias cosas, varios problemas en el sector y, si vienen las autoridades correctas, podemos tener alguna soluci\u00f3n. Ac\u00e1 hay varias organizaciones que est\u00e1n participando, como un comit\u00e9 productivo de mujeres, incipiente, estamos reci\u00e9n empezando pero con hartas ganas de trabajar la lana\u201d, concluy\u00f3.<\/p>\n<p style=\"font-weight: 400; text-align: justify;\">En el di\u00e1logo y plaza ciudadana atendieron tambi\u00e9n un equipo de la Direcci\u00f3n de Obras Hidr\u00e1ulicas del Ministerio de Obras P\u00fablicas (MOP); Servicio de Registro Civil e Identificaci\u00f3n con c\u00e9dulas de identidad; Servicio de Salud con vacunaci\u00f3n contra la influenza, Seremi de Salud con prevenci\u00f3n de Hidatidosis, IPS y seremi de Medio Ambiente, entre otras.<\/p>\n<\/div><\/section><\/div><div  style='height:50px' class='hr hr-invisible   avia-builder-el-6  el_after_av_one_full  el_before_av_social_share '><span class='hr-inner ' ><span class='hr-inner-style'><\/span><\/span><\/div><\/p>\n<div  class='av-social-sharing-box  avia-builder-el-7  el_after_av_hr  el_before_av_hr  '><div class='av-share-box'><h5 class='av-share-link-description av-no-toc '>Compartir esta noticia<\/h5><ul class='av-share-box-list noLightbox'><li class='av-share-link av-social-link-facebook' ><a target=\"_blank\" aria-label=\"Compartir en Facebook\" href='https:\/\/www.facebook.com\/sharer.php?u=https:\/\/radiorevelacionfm.cl\/?p=30203&#038;t=Gobierno%20en%20Terreno%20atendi%C3%B3%20a%20comunidad%20de%20Lago%20Pollux%20y%20alrededores' aria-hidden='false' data-av_icon='\ue8f3' data-av_iconfont='entypo-fontello' title='' data-avia-related-tooltip='Compartir en Facebook' rel=\"noopener\"><span class='avia_hidden_link_text'>Compartir en Facebook<\/span><\/a><\/li><li class='av-share-link av-social-link-twitter' ><a target=\"_blank\" aria-label=\"Compartir en Twitter\" href='https:\/\/twitter.com\/share?text=Gobierno%20en%20Terreno%20atendi%C3%B3%20a%20comunidad%20de%20Lago%20Pollux%20y%20alrededores&#038;url=https:\/\/radiorevelacionfm.cl\/?p=30203' aria-hidden='false' data-av_icon='\ue8f1' data-av_iconfont='entypo-fontello' title='' data-avia-related-tooltip='Compartir en Twitter' rel=\"noopener\"><span class='avia_hidden_link_text'>Compartir en Twitter<\/span><\/a><\/li><li class='av-share-link av-social-link-whatsapp' ><a target=\"_blank\" aria-label=\"Compartir en Whatsapp\" href='https:\/\/api.whatsapp.com\/send?text=https:\/\/radiorevelacionfm.cl\/?p=30203' aria-hidden='false' data-av_icon='\uf232' data-av_iconfont='entypo-fontello' title='' data-avia-related-tooltip='Compartir en Whatsapp' rel=\"noopener\"><span class='avia_hidden_link_text'>Compartir en Whatsapp<\/span><\/a><\/li><li class='av-share-link av-social-link-linkedin' ><a target=\"_blank\" aria-label=\"Compartir en LinkedIn\" href='https:\/\/linkedin.com\/shareArticle?mini=true&#038;title=Gobierno%20en%20Terreno%20atendi%C3%B3%20a%20comunidad%20de%20Lago%20Pollux%20y%20alrededores&#038;url=https:\/\/radiorevelacionfm.cl\/?p=30203' aria-hidden='false' data-av_icon='\ue8fc' data-av_iconfont='entypo-fontello' title='' data-avia-related-tooltip='Compartir en LinkedIn' rel=\"noopener\"><span class='avia_hidden_link_text'>Compartir en LinkedIn<\/span><\/a><\/li><li class='av-share-link av-social-link-mail' ><a  aria-label=\"Compartir por correo\" href='mailto:?subject=Gobierno%20en%20Terreno%20atendi%C3%B3%20a%20comunidad%20de%20Lago%20Pollux%20y%20alrededores&#038;body=https:\/\/radiorevelacionfm.cl\/?p=30203' aria-hidden='false' data-av_icon='\ue805' data-av_iconfont='entypo-fontello' title='' data-avia-related-tooltip='Compartir por correo'><span class='avia_hidden_link_text'>Compartir por correo<\/span><\/a><\/li><\/ul><\/div><\/div>\n<div  style='height:50px' class='hr hr-invisible   avia-builder-el-8  el_after_av_social_share  el_before_av_comments_list '><span class='hr-inner ' ><span class='hr-inner-style'><\/span><\/span><\/div>\n<div  class='av-buildercomment  av-blog-meta-html-info-disabled av-blog-meta-tag-disabled  '><\/div>\n","protected":false},"excerpt":{"rendered":"","protected":false},"author":1,"featured_media":30204,"comment_status":"open","ping_status":"open","sticky":false,"template":"","format":"standard","meta":{"footnotes":""},"categories":[38],"tags":[],"class_list":["post-30203","post","type-post","status-publish","format-standard","has-post-thumbnail","hentry","category-regional"],"jetpack_featured_media_url":"https:\/\/radiorevelacionfm.cl\/wp-content\/uploads\/2023\/04\/WhatsApp-Image-2023-04-18-at-16.17.17-1-1-1.jpeg","_links":{"self":[{"href":"https:\/\/radiorevelacionfm.cl\/index.php?rest_route=\/wp\/v2\/posts\/30203","targetHints":{"allow":["GET"]}}],"collection":[{"href":"https:\/\/radiorevelacionfm.cl\/index.php?rest_route=\/wp\/v2\/posts"}],"about":[{"href":"https:\/\/radiorevelacionfm.cl\/index.php?rest_route=\/wp\/v2\/types\/post"}],"author":[{"embeddable":true,"href":"https:\/\/radiorevelacionfm.cl\/index.php?rest_route=\/wp\/v2\/users\/1"}],"replies":[{"embeddable":true,"href":"https:\/\/radiorevelacionfm.cl\/index.php?rest_route=%2Fwp%2Fv2%2Fcomments&post=30203"}],"version-history":[{"count":1,"href":"https:\/\/radiorevelacionfm.cl\/index.php?rest_route=\/wp\/v2\/posts\/30203\/revisions"}],"predecessor-version":[{"id":30205,"href":"https:\/\/radiorevelacionfm.cl\/index.php?rest_route=\/wp\/v2\/posts\/30203\/revisions\/30205"}],"wp:featuredmedia":[{"embeddable":true,"href":"https:\/\/radiorevelacionfm.cl\/index.php?rest_route=\/wp\/v2\/media\/30204"}],"wp:attachment":[{"href":"https:\/\/radiorevelacionfm.cl\/index.php?rest_route=%2Fwp%2Fv2%2Fmedia&parent=30203"}],"wp:term":[{"taxonomy":"category","embeddable":true,"href":"https:\/\/radiorevelacionfm.cl\/index.php?rest_route=%2Fwp%2Fv2%2Fcategories&post=30203"},{"taxonomy":"post_tag","embeddable":true,"href":"https:\/\/radiorevelacionfm.cl\/index.php?rest_route=%2Fwp%2Fv2%2Ftags&post=30203"}],"curies":[{"name":"wp","href":"https:\/\/api.w.org\/{rel}","templated":true}]}}