{"id":30197,"date":"2023-04-19T10:58:19","date_gmt":"2023-04-19T13:58:19","guid":{"rendered":"https:\/\/radiorevelacionfm.cl\/?p=30197"},"modified":"2023-04-19T10:58:19","modified_gmt":"2023-04-19T13:58:19","slug":"invitan-a-organizaciones-e-instituciones-a-postular-proyectos-de-inclusion-para-personas-con-discapacidad","status":"publish","type":"post","link":"https:\/\/radiorevelacionfm.cl\/?p=30197","title":{"rendered":"Invitan a organizaciones e instituciones a postular proyectos de inclusi\u00f3n para personas con discapacidad"},"content":{"rendered":"<div class=\"flex_column av_one_full  flex_column_div av-zero-column-padding first  avia-builder-el-0  el_before_av_one_full  avia-builder-el-first  \" style='border-radius:0px; '><div  class='avia-image-container  av-styling-    avia-builder-el-1  avia-builder-el-no-sibling  avia-align-center '  itemprop=\"image\" itemscope=\"itemscope\" itemtype=\"https:\/\/schema.org\/ImageObject\"  ><div class='avia-image-container-inner'><div class='avia-image-overlay-wrap'><img decoding=\"async\" class='wp-image-30198 avia-img-lazy-loading-not-30198 avia_image' src=\"https:\/\/radiorevelacionfm.cl\/wp-content\/uploads\/2023\/04\/may_8273-scaled-1-1_optimized.jpg\" alt='' title='may_8273-scaled-1-(1)_optimized' height=\"600\" width=\"900\"  itemprop=\"thumbnailUrl\" srcset=\"https:\/\/radiorevelacionfm.cl\/wp-content\/uploads\/2023\/04\/may_8273-scaled-1-1_optimized.jpg 900w, https:\/\/radiorevelacionfm.cl\/wp-content\/uploads\/2023\/04\/may_8273-scaled-1-1_optimized-300x200.jpg 300w, https:\/\/radiorevelacionfm.cl\/wp-content\/uploads\/2023\/04\/may_8273-scaled-1-1_optimized-768x512.jpg 768w, https:\/\/radiorevelacionfm.cl\/wp-content\/uploads\/2023\/04\/may_8273-scaled-1-1_optimized-705x470.jpg 705w, https:\/\/radiorevelacionfm.cl\/wp-content\/uploads\/2023\/04\/may_8273-scaled-1-1_optimized-450x300.jpg 450w, https:\/\/radiorevelacionfm.cl\/wp-content\/uploads\/2023\/04\/may_8273-scaled-1-1_optimized-600x400.jpg 600w\" sizes=\"(max-width: 900px) 100vw, 900px\" \/><\/div><\/div><\/div><\/div><div class=\"flex_column av_one_full  flex_column_div av-zero-column-padding first  avia-builder-el-2  el_after_av_one_full  el_before_av_one_full  column-top-margin\" style='border-radius:0px; '><section class=\"av_textblock_section \"  itemscope=\"itemscope\" itemtype=\"https:\/\/schema.org\/BlogPosting\" itemprop=\"blogPost\" ><div class='avia_textblock  '   itemprop=\"text\" ><p style=\"text-align: center;\"><strong><span style=\"font-size: 18pt;\">Invitan a organizaciones e instituciones a postular proyectos de inclusi\u00f3n para personas con discapacidad<\/span><\/strong><\/p>\n<div id=\"gtx-trans\" style=\"position: absolute; left: -50px; top: 4.31534px;\">\n<div class=\"gtx-trans-icon\"><\/div>\n<\/div>\n<\/div><\/section><\/div><div class=\"flex_column av_one_full  flex_column_div av-zero-column-padding first  avia-builder-el-4  el_after_av_one_full  el_before_av_hr  column-top-margin\" style='border-radius:0px; '><section class=\"av_textblock_section \"  itemscope=\"itemscope\" itemtype=\"https:\/\/schema.org\/BlogPosting\" itemprop=\"blogPost\" ><div class='avia_textblock  '   itemprop=\"text\" ><p style=\"text-align: justify;\">Son m\u00e1s de $1.235 millones de presupuesto los que considera el \u00a0Fondo Nacional de Proyectos Inclusivos \u2013 FONAPI 2023 del Servicio Nacional de La Discapacidad (Senadis), de los cuales $36.217.566 est\u00e1n destinados para financiar iniciativas para la inclusi\u00f3n social de las personas con discapacidad en la Regi\u00f3n de Ays\u00e9n. El fondo est\u00e1 destinado a entidades p\u00fablicas o privadas sin fines de lucro, que se encuentren vigentes, y que cuenten, entre sus beneficiarios directos a Personas con Discapacidad.<\/p>\n<p style=\"text-align: justify;\">Karina Acevedo Auad, SEREMI de Desarrollo Social y Familia, explic\u00f3 que regi\u00f3n en el pasado se han financiado iniciativas del \u00e1mbito de inclusi\u00f3n laboral, deporte, cultura, entre otros, lo que sin duda ha contribuido a la participaci\u00f3n e inclusi\u00f3n de las personas con discapacidad. \u201cFONAPI nos permite hacer una contribuci\u00f3n a la participaci\u00f3n e inclusi\u00f3n de las personas con\u00a0 discapacidad con una mirada del territorio y sus organizaciones. Como\u00a0 Ministerio de Desarrollo Social creemos que esto es una tremenda oportunidad de llevar desde el papel a la acci\u00f3n estas ideas innovadoras que son un tremendo aporte a la inclusi\u00f3n social basada en derecho para\u00a0 las personas con discapacidad en la Regi\u00f3n de Ays\u00e9n\u201d.<\/p>\n<p style=\"text-align: justify;\">A trav\u00e9s de este Fondo se financian iniciativas que aporten o potencien la inclusi\u00f3n social de las personas con discapacidad, que promuevan sus derechos, apoyen su autonom\u00eda, su independencia y mejoren su calidad de vida. Los proyectos se pueden desarrollar en \u00e1reas como Cultura, Deporte, Inclusi\u00f3n Laboral, Comunicaci\u00f3n, Emergencia y Desastres Naturales y Salud Inclusiva.<\/p>\n<p style=\"text-align: justify;\">En tanto, la directora regional (S) de Senadis, Viviana Mu\u00f1oz Vargas, agreg\u00f3 que FONAPI tiene como objetivo financiar iniciativas que permitan aumentar la participaci\u00f3n de las personas con discapacidad en distintas \u00e1reas y est\u00e1 orientada a organizaciones sin fines de lucro. \u201cEste fondo financia iniciativas desde los $3 y hasta los $24 millones, una oportunidad para las organizaciones de y para personas con discapacidad. Para generar difusi\u00f3n adem\u00e1s estaremos invitando y reuni\u00e9ndonos con organizaciones para responder sus dudas, as\u00ed que los invitamos a estar atentos a estas convocatorias\u201d.<\/p>\n<p style=\"text-align: justify;\">El Fondo que est\u00e1 orientado a todas las entidades p\u00fablicas o privadas sin fines de lucro, como Fundaciones, Corporaciones, Cooperativas, Organizaciones Comunitarias, entre otras, que se encuentren vigentes, y que cuenten, entre sus beneficiarios directos, con personas con discapacidad tendr\u00e1 abiertas las postulaciones a trav\u00e9s del sitio web <u><a href=\"http:\/\/www.senadis.gob.cl\">www.senadis.gob.cl<\/a><\/u> hasta el lunes 8 de mayo del 2023 hasta las 14:00 horas.<\/p>\n<\/div><\/section><\/div><div  style='height:50px' class='hr hr-invisible   avia-builder-el-6  el_after_av_one_full  el_before_av_social_share '><span class='hr-inner ' ><span class='hr-inner-style'><\/span><\/span><\/div><\/p>\n<div  class='av-social-sharing-box  avia-builder-el-7  el_after_av_hr  el_before_av_hr  '><div class='av-share-box'><h5 class='av-share-link-description av-no-toc '>Compartir esta noticia<\/h5><ul class='av-share-box-list noLightbox'><li class='av-share-link av-social-link-facebook' ><a target=\"_blank\" aria-label=\"Compartir en Facebook\" href='https:\/\/www.facebook.com\/sharer.php?u=https:\/\/radiorevelacionfm.cl\/?p=30197&#038;t=Invitan%20a%20organizaciones%20e%20instituciones%20a%20postular%20proyectos%20de%20inclusi%C3%B3n%20para%20personas%20con%20discapacidad' aria-hidden='false' data-av_icon='\ue8f3' data-av_iconfont='entypo-fontello' title='' data-avia-related-tooltip='Compartir en Facebook' rel=\"noopener\"><span class='avia_hidden_link_text'>Compartir en Facebook<\/span><\/a><\/li><li class='av-share-link av-social-link-twitter' ><a target=\"_blank\" aria-label=\"Compartir en Twitter\" href='https:\/\/twitter.com\/share?text=Invitan%20a%20organizaciones%20e%20instituciones%20a%20postular%20proyectos%20de%20inclusi%C3%B3n%20para%20personas%20con%20discapacidad&#038;url=https:\/\/radiorevelacionfm.cl\/?p=30197' aria-hidden='false' data-av_icon='\ue8f1' data-av_iconfont='entypo-fontello' title='' data-avia-related-tooltip='Compartir en Twitter' rel=\"noopener\"><span class='avia_hidden_link_text'>Compartir en Twitter<\/span><\/a><\/li><li class='av-share-link av-social-link-whatsapp' ><a target=\"_blank\" aria-label=\"Compartir en Whatsapp\" href='https:\/\/api.whatsapp.com\/send?text=https:\/\/radiorevelacionfm.cl\/?p=30197' aria-hidden='false' data-av_icon='\uf232' data-av_iconfont='entypo-fontello' title='' data-avia-related-tooltip='Compartir en Whatsapp' rel=\"noopener\"><span class='avia_hidden_link_text'>Compartir en Whatsapp<\/span><\/a><\/li><li class='av-share-link av-social-link-linkedin' ><a target=\"_blank\" aria-label=\"Compartir en LinkedIn\" href='https:\/\/linkedin.com\/shareArticle?mini=true&#038;title=Invitan%20a%20organizaciones%20e%20instituciones%20a%20postular%20proyectos%20de%20inclusi%C3%B3n%20para%20personas%20con%20discapacidad&#038;url=https:\/\/radiorevelacionfm.cl\/?p=30197' aria-hidden='false' data-av_icon='\ue8fc' data-av_iconfont='entypo-fontello' title='' data-avia-related-tooltip='Compartir en LinkedIn' rel=\"noopener\"><span class='avia_hidden_link_text'>Compartir en LinkedIn<\/span><\/a><\/li><li class='av-share-link av-social-link-mail' ><a  aria-label=\"Compartir por correo\" href='mailto:?subject=Invitan%20a%20organizaciones%20e%20instituciones%20a%20postular%20proyectos%20de%20inclusi%C3%B3n%20para%20personas%20con%20discapacidad&#038;body=https:\/\/radiorevelacionfm.cl\/?p=30197' aria-hidden='false' data-av_icon='\ue805' data-av_iconfont='entypo-fontello' title='' data-avia-related-tooltip='Compartir por correo'><span class='avia_hidden_link_text'>Compartir por correo<\/span><\/a><\/li><\/ul><\/div><\/div>\n<div  style='height:50px' class='hr hr-invisible   avia-builder-el-8  el_after_av_social_share  el_before_av_comments_list '><span class='hr-inner ' ><span class='hr-inner-style'><\/span><\/span><\/div>\n<div  class='av-buildercomment  av-blog-meta-html-info-disabled av-blog-meta-tag-disabled  '><\/div>\n","protected":false},"excerpt":{"rendered":"","protected":false},"author":1,"featured_media":30198,"comment_status":"open","ping_status":"open","sticky":false,"template":"","format":"standard","meta":{"footnotes":""},"categories":[61],"tags":[],"class_list":["post-30197","post","type-post","status-publish","format-standard","has-post-thumbnail","hentry","category-nacional"],"jetpack_featured_media_url":"https:\/\/radiorevelacionfm.cl\/wp-content\/uploads\/2023\/04\/may_8273-scaled-1-1_optimized.jpg","_links":{"self":[{"href":"https:\/\/radiorevelacionfm.cl\/index.php?rest_route=\/wp\/v2\/posts\/30197","targetHints":{"allow":["GET"]}}],"collection":[{"href":"https:\/\/radiorevelacionfm.cl\/index.php?rest_route=\/wp\/v2\/posts"}],"about":[{"href":"https:\/\/radiorevelacionfm.cl\/index.php?rest_route=\/wp\/v2\/types\/post"}],"author":[{"embeddable":true,"href":"https:\/\/radiorevelacionfm.cl\/index.php?rest_route=\/wp\/v2\/users\/1"}],"replies":[{"embeddable":true,"href":"https:\/\/radiorevelacionfm.cl\/index.php?rest_route=%2Fwp%2Fv2%2Fcomments&post=30197"}],"version-history":[{"count":1,"href":"https:\/\/radiorevelacionfm.cl\/index.php?rest_route=\/wp\/v2\/posts\/30197\/revisions"}],"predecessor-version":[{"id":30199,"href":"https:\/\/radiorevelacionfm.cl\/index.php?rest_route=\/wp\/v2\/posts\/30197\/revisions\/30199"}],"wp:featuredmedia":[{"embeddable":true,"href":"https:\/\/radiorevelacionfm.cl\/index.php?rest_route=\/wp\/v2\/media\/30198"}],"wp:attachment":[{"href":"https:\/\/radiorevelacionfm.cl\/index.php?rest_route=%2Fwp%2Fv2%2Fmedia&parent=30197"}],"wp:term":[{"taxonomy":"category","embeddable":true,"href":"https:\/\/radiorevelacionfm.cl\/index.php?rest_route=%2Fwp%2Fv2%2Fcategories&post=30197"},{"taxonomy":"post_tag","embeddable":true,"href":"https:\/\/radiorevelacionfm.cl\/index.php?rest_route=%2Fwp%2Fv2%2Ftags&post=30197"}],"curies":[{"name":"wp","href":"https:\/\/api.w.org\/{rel}","templated":true}]}}